{"id":341070,"date":"2025-08-24T17:30:10","date_gmt":"2025-08-24T17:30:10","guid":{"rendered":"https:\/\/www.europesays.com\/fr\/341070\/"},"modified":"2025-08-24T17:30:10","modified_gmt":"2025-08-24T17:30:10","slug":"phobie-scolaire-stress-mal-etre-profond-a-latresne-le-college-craque-sous-le-poids-des-effectifs","status":"publish","type":"post","link":"https:\/\/www.europesays.com\/fr\/341070\/","title":{"rendered":"\u00ab\u00a0Phobie scolaire, stress, mal-\u00eatre profond\u2026\u00a0\u00bb \u00c0 Latresne, le coll\u00e8ge craque sous le poids des effectifs"},"content":{"rendered":"<p>Mille \u00e9l\u00e8ves pour cette nouvelle rentr\u00e9e. Au lieu des 900 pr\u00e9vus au regard de la taille de l\u2019\u00e9tablissement, soit un taux d\u2019occupation de 111\u00a0%. \u00c0 Latresne, le coll\u00e8ge Camille-Claudel va d\u00e9buter la nouvelle ann\u00e9e scolaire en situation de sureffectif. Un probl\u00e8me d\u00e9nonc\u00e9 depuis des ann\u00e9es par les enseignants comme les parents d\u2019\u00e9l\u00e8ves. \u00ab\u00a0M\u00eame s\u2019il est difficile d\u2019avoir un chiffre exact, le coll\u00e8ge est construit pour 600-700 \u00e9l\u00e8ves. Ce ne sont que des pr\u00e9fabriqu\u00e9s qui permettent d\u2019en accueillir 900\u00a0\u00bb, explique le bureau de la <a href=\"https:\/\/www.fcpe.asso.fr\/\" target=\"_blank\" rel=\"nofollow noopener\">F\u00e9d\u00e9ration des conseils de parents d\u2019\u00e9l\u00e8ves (FCPE)<\/a> \u00e0 Latresne, par communiqu\u00e9. \u00ab\u00a0L\u2019infrastructure n\u2019est pas pr\u00e9vue pour une telle population.\u00a0\u00bb<\/p>\n<p>\u00ab\u00a0Couloirs \u00e9troits, manque de salles d\u2019\u00e9tudes, temps de cantine raccourcis, places limit\u00e9es au CDI\u2026\u00a0\u00bb Une liste d\u00e9taill\u00e9e par les repr\u00e9sentants d\u2019\u00e9l\u00e8ves et que corrobore St\u00e9phanie Richard, la repr\u00e9sentante des enseignants\u00a0au conseil d\u2019administration\u00a0: \u00ab\u00a0C\u2019est l\u2019usine. Vu le manque de salles de classe, nous sommes oblig\u00e9s de faire sortir imm\u00e9diatement les \u00e9l\u00e8ves de cours pour que le roulement puisse se faire, m\u00eame s\u2019ils ont besoin de parler.\u00a0\u00bb<\/p>\n<p>\u00ab\u00a0C\u2019est l\u2019usine\u00a0\u00bb<\/p>\n<p>Alain de Carlo, professeur d\u2019EPS et repr\u00e9sentant syndical pour le <a href=\"https:\/\/lesite.snepfsu.fr\/\" target=\"_blank\" rel=\"nofollow noopener\">SNES-FSU<\/a>, abonde\u00a0: \u00ab\u00a0On entasse les enfants dans un b\u00e2timent scolaire. Forc\u00e9ment, ces conditions g\u00e9n\u00e8rent du mal-\u00eatre pour eux. Nous n\u2019avons m\u00eame pas une infirmi\u00e8re \u00e0 temps plein pour ces 1\u00a0000 coll\u00e9giens.\u00a0\u00bb \u00ab\u00a0\u00c0 chaque conseil de classe, la vie scolaire fait remonter que de plus en plus d\u2019\u00e9l\u00e8ves montrent des signes de phobie scolaire, de stress, de mal-\u00eatre profond\u00a0\u00bb, insiste le bureau de la FCPE. \u00ab\u00a0Moi, je vois des \u00e9l\u00e8ves qui ne veulent m\u00eame plus rentrer dans le coll\u00e8ge\u00a0\u00bb, compl\u00e8te St\u00e9phanie Richard.<\/p>\n<blockquote><p>\u00ab\u00a0Nous n\u2019avons m\u00eame pas une infirmi\u00e8re \u00e0 temps plein pour ces 1\u00a0000 coll\u00e9giens\u00a0\u00bb<\/p><\/blockquote>\n<p>Au D\u00e9partement, on assure tout faire pour r\u00e9soudre le probl\u00e8me. \u00ab\u00a0Le coll\u00e8ge de Fargues-Saint-Hilaire aurait d\u00fb ouvrir ses portes l\u2019ann\u00e9e derni\u00e8re. Malheureusement, en raison d\u2019une r\u00e9sistance locale, ce ne sera pas le cas. Mais un nouveau projet est en cours et permettra de d\u00e9sengorger le coll\u00e8ge Camille-Claudel\u00a0\u00bb, souligne C\u00e9line G\u0153ury, 1re\u00a0adjointe \u00e0 Latresne et vice-pr\u00e9sidente de Gironde charg\u00e9e de la protection de l\u2019enfance, en \u00e9voquant le projet de nouvel \u00e9tablissement pr\u00e9vu d\u2019ici \u00e0 \u00ab\u00a0la rentr\u00e9e 2028\u00a0\u00bb \u00e0 Saint-Caprais-de-Bordeaux.<\/p>\n<p>D\u00e9rogations<\/p>\n<p>Entre-temps, pour desserrer l\u2019\u00e9treinte, C\u00e9line G\u0153ury explique que la carte scolaire \u2013 le d\u00e9coupage g\u00e9ographique qui d\u00e9termine dans quel \u00e9tablissement scolaire les \u00e9l\u00e8ves doivent \u00eatre inscrits en fonction de leur lieu de r\u00e9sidence \u2013 sera revisit\u00e9e cette ann\u00e9e. Le D\u00e9partement a \u00e9galement engag\u00e9 une action vis-\u00e0-vis du rectorat. \u00ab\u00a0Nous sommes sur un territoire attractif. Ce coll\u00e8ge subit beaucoup de d\u00e9rogations g\u00e9ographiques. Elles sont initi\u00e9es par des parents d\u2019autres secteurs qui souhaitent faire \u00e9viter certains \u00e9tablissements \u00e0 leurs enfants mais elles surchargent les effectifs.\u00a0\u00bb<\/p>\n<p>Pour les parents comme pour les enseignants, difficile cependant d\u2019attendre l\u2019ouverture du futur coll\u00e8ge en 2028. Le 29\u00a0ao\u00fbt, date de la pr\u00e9-rentr\u00e9e pour la communaut\u00e9 \u00e9ducative, une prise de position face \u00e0 ce probl\u00e8me de surpopulation sera donc au centre des discussions. St\u00e9phanie Richard questionne\u00a0: \u00ab\u00a0Nous alertons depuis des ann\u00e9es, le probl\u00e8me est ancien mais \u00e0 chaque rentr\u00e9e, les effectifs ne baissent pas. Devons-nous rester en apn\u00e9e pendant trois ans\u00a0? Devons-nous accepter ce stress constant pour les enfants\u00a0?\u00a0\u00bb En Gironde, le taux d\u2019occupation moyen des coll\u00e8ges est de 85\u00a0% selon le D\u00e9partement.<\/p>\n<p>    Sur le territoire de l\u2019Entre-deux-Mers, le coll\u00e8ge de Cr\u00e9on \u00e9galement en sureffectif<br \/>\nSeulement 14\u00a0kilom\u00e8tres entre les coll\u00e8ges de Cr\u00e9on et de Latresne et une situation identique. Sur ce territoire au sud-est de Bordeaux, qui conna\u00eet depuis plusieurs ann\u00e9es une hausse d\u00e9mographique, le coll\u00e8ge Fran\u00e7ois-Mitterrand de Cr\u00e9on est lui aussi en surcharge. 1\u00a0050 \u00e9l\u00e8ves ont ainsi \u00e9t\u00e9 inscrits en 2024 dans un \u00e9tablissement pr\u00e9vu pour 750. Une similitude avec le coll\u00e8ge de Latresne qui a pouss\u00e9 le personnel des \u00e9tablissements et les parents d\u2019\u00e9l\u00e8ves \u00e0 lancer une p\u00e9tition commune en janvier 2025. Objectif\u00a0? Face \u00e0 des conditions d\u2019accueil et d\u2019enseignement consid\u00e9r\u00e9es comme \u00ab\u00a0ind\u00e9centes pour le service public\u00a0\u00bb, le collectif r\u00e9clame \u00ab\u00a0la r\u00e9habilitation int\u00e9grale des deux \u00e9tablissements\u00a0\u00bb et \u00ab\u00a0la construction indispensable d\u2019un nouveau coll\u00e8ge dans le secteur\u00a0\u00bb.<\/p>\n","protected":false},"excerpt":{"rendered":"Mille \u00e9l\u00e8ves pour cette nouvelle rentr\u00e9e. Au lieu des 900 pr\u00e9vus au regard de la taille de l\u2019\u00e9tablissement,&hellip;\n","protected":false},"author":2,"featured_media":341071,"comment_status":"","ping_status":"","sticky":false,"template":"","format":"standard","meta":{"footnotes":""},"categories":[2817],"tags":[1111,11,1997,1777,674,1011,27,12,2219,25],"class_list":{"0":"post-341070","1":"post","2":"type-post","3":"status-publish","4":"format-standard","5":"has-post-thumbnail","7":"category-bordeaux","8":"tag-actu","9":"tag-actualites","10":"tag-bordeaux","11":"tag-eu","12":"tag-europe","13":"tag-fr","14":"tag-france","15":"tag-news","16":"tag-nouvelle-aquitaine","17":"tag-republique-francaise"},"share_on_mastodon":{"url":"https:\/\/pubeurope.com\/@fr\/115084933511035529","error":""},"_links":{"self":[{"href":"https:\/\/www.europesays.com\/fr\/wp-json\/wp\/v2\/posts\/341070","targetHints":{"allow":["GET"]}}],"collection":[{"href":"https:\/\/www.europesays.com\/fr\/wp-json\/wp\/v2\/posts"}],"about":[{"href":"https:\/\/www.europesays.com\/fr\/wp-json\/wp\/v2\/types\/post"}],"author":[{"embeddable":true,"href":"https:\/\/www.europesays.com\/fr\/wp-json\/wp\/v2\/users\/2"}],"replies":[{"embeddable":true,"href":"https:\/\/www.europesays.com\/fr\/wp-json\/wp\/v2\/comments?post=341070"}],"version-history":[{"count":0,"href":"https:\/\/www.europesays.com\/fr\/wp-json\/wp\/v2\/posts\/341070\/revisions"}],"wp:featuredmedia":[{"embeddable":true,"href":"https:\/\/www.europesays.com\/fr\/wp-json\/wp\/v2\/media\/341071"}],"wp:attachment":[{"href":"https:\/\/www.europesays.com\/fr\/wp-json\/wp\/v2\/media?parent=341070"}],"wp:term":[{"taxonomy":"category","embeddable":true,"href":"https:\/\/www.europesays.com\/fr\/wp-json\/wp\/v2\/categories?post=341070"},{"taxonomy":"post_tag","embeddable":true,"href":"https:\/\/www.europesays.com\/fr\/wp-json\/wp\/v2\/tags?post=341070"}],"curies":[{"name":"wp","href":"https:\/\/api.w.org\/{rel}","templated":true}]}}