{"id":341072,"date":"2025-08-24T17:31:14","date_gmt":"2025-08-24T17:31:14","guid":{"rendered":"https:\/\/www.europesays.com\/fr\/341072\/"},"modified":"2025-08-24T17:31:14","modified_gmt":"2025-08-24T17:31:14","slug":"r1-reaction-dantoine-verges-entraineur-des-girondins-apres-la-defaite-face-au-sam","status":"publish","type":"post","link":"https:\/\/www.europesays.com\/fr\/341072\/","title":{"rendered":"R1 : r\u00e9action d&rsquo;Antoine Verg\u00e8s, entraineur des Girondins apr\u00e8s la d\u00e9faite face au SAM"},"content":{"rendered":"<p><img decoding=\"async\" src=\"https:\/\/www.europesays.com\/fr\/wp-content\/uploads\/2025\/08\/671_80c2896ea535162443c936d53314329e.jpg\" alt=\"R1 : r\u00e9action d'Antoine Verg\u00e8s, entraineur des Girondins apr\u00e8s la d\u00e9faite face au SAM\" class=\"img-responsive mt-3\"\/><\/p>\n<p class=\"text-center mb-3\" style=\"font-size: 14px\">\u00a9 Iconsport<\/p>\n<p style=\"text-align: justify;\">\u00c9coutez ses propos ou lisez-les :<\/p>\n<p>\u00a0<\/p>\n<p><strong>\u00ab\u00a0On est l&rsquo;\u00e9quipe \u00e0 battre de par le maillot qu&rsquo;on porte. Il faut \u00eatre pr\u00eat match apr\u00e8s match\u00a0\u00bb<\/strong><\/p>\n<p style=\"text-align: justify;\">Antoine Verg\u00e8s, entraineur de la R1 des Girondins : \u00ab\u00a0Je suis d\u00e9\u00e7u, car on a envie de gagner ce premier match, ou ne pas le perdre. Apr\u00e8s, je suis mitig\u00e9, car on fait une deuxi\u00e8me partie de premi\u00e8re p\u00e9riode bonne dans le jeu. On prend le ballon et on cr\u00e9e des choses. On a une belle occasion. On a red\u00e9marr\u00e9 la deuxi\u00e8me mi-temps tr\u00e8s timidement avec un but pris au retour du vestiaire. On fait le plus dur en revenant au score (par <a href=\"https:\/\/www.webgirondins.com\/actualite-girondins-r1-defaite-des-girondins-face-au-sa-merignac-avec-un-but-de-yanis-merdji-130169\" target=\"_blank\" rel=\"noopener\">Yanis Merdji sur coup franc<\/a>) et, dans les 5 minutes qui suivent, on prend un deuxi\u00e8me but sur une touche pour nous. On va devoir gommer ces d\u00e9tails. Ce n&rsquo;est pas facile sur une \u00e9quipe r\u00e9serve, car on ne travaille pas tous ensemble. Le SAM n&rsquo;a pas vol\u00e9 sa victoire, car ils ont eu des occasions en deuxi\u00e8me mi-temps.\u00a0\u00bb<\/p>\n<p style=\"text-align: justify;\">Son message aux joueurs :<\/p>\n<p style=\"text-align: justify;\">\u00ab\u00a0Il faut rester positif, ce n&rsquo;est qu&rsquo;un match. Ce sera dur chaque week-end, car on est l&rsquo;\u00e9quipe \u00e0 battre de par le maillot qu&rsquo;on porte, il y a du monde et c&rsquo;est plaisant. Il faut \u00eatre pr\u00eat, match apr\u00e8s match.\u00a0\u00bb<\/p>\n<p>\u00c0 \u00e9couter aussi &gt;&gt;\u00a0<a href=\"https:\/\/www.webgirondins.com\/actualite-girondins-girondins-les-3-flops-de-bordeaux-granville-0-1-130165\" target=\"_blank\" rel=\"noopener\"><strong>les 3 flops de Bordeaux-Granville (0-1)<\/strong><\/a><\/p>\n<p>\u00a0<\/p>\n","protected":false},"excerpt":{"rendered":"\u00a9 Iconsport \u00c9coutez ses propos ou lisez-les : \u00a0 \u00ab\u00a0On est l&rsquo;\u00e9quipe \u00e0 battre de par le maillot&hellip;\n","protected":false},"author":2,"featured_media":341073,"comment_status":"","ping_status":"","sticky":false,"template":"","format":"standard","meta":{"footnotes":""},"categories":[2817],"tags":[1111,11,32632,150,1997,8484,6664,1994,2263,1777,674,2823,1011,27,1987,12304,12005,12,2219,14570,3210,7914,25,3242,32633,5238],"class_list":{"0":"post-341072","1":"post","2":"type-post","3":"status-publish","4":"format-standard","5":"has-post-thumbnail","7":"category-bordeaux","8":"tag-actu","9":"tag-actualites","10":"tag-antoine","11":"tag-apres","12":"tag-bordeaux","13":"tag-defaite","14":"tag-dimanche","15":"tag-entraineur","16":"tag-equipe","17":"tag-eu","18":"tag-europe","19":"tag-face","20":"tag-fr","21":"tag-france","22":"tag-girondins","23":"tag-merignac","24":"tag-micro","25":"tag-news","26":"tag-nouvelle-aquitaine","27":"tag-ouverture","28":"tag-reaction","29":"tag-reagit","30":"tag-republique-francaise","31":"tag-saison","32":"tag-verges","33":"tag-webgirondins"},"share_on_mastodon":{"url":"https:\/\/pubeurope.com\/@fr\/115084937762899768","error":""},"_links":{"self":[{"href":"https:\/\/www.europesays.com\/fr\/wp-json\/wp\/v2\/posts\/341072","targetHints":{"allow":["GET"]}}],"collection":[{"href":"https:\/\/www.europesays.com\/fr\/wp-json\/wp\/v2\/posts"}],"about":[{"href":"https:\/\/www.europesays.com\/fr\/wp-json\/wp\/v2\/types\/post"}],"author":[{"embeddable":true,"href":"https:\/\/www.europesays.com\/fr\/wp-json\/wp\/v2\/users\/2"}],"replies":[{"embeddable":true,"href":"https:\/\/www.europesays.com\/fr\/wp-json\/wp\/v2\/comments?post=341072"}],"version-history":[{"count":0,"href":"https:\/\/www.europesays.com\/fr\/wp-json\/wp\/v2\/posts\/341072\/revisions"}],"wp:featuredmedia":[{"embeddable":true,"href":"https:\/\/www.europesays.com\/fr\/wp-json\/wp\/v2\/media\/341073"}],"wp:attachment":[{"href":"https:\/\/www.europesays.com\/fr\/wp-json\/wp\/v2\/media?parent=341072"}],"wp:term":[{"taxonomy":"category","embeddable":true,"href":"https:\/\/www.europesays.com\/fr\/wp-json\/wp\/v2\/categories?post=341072"},{"taxonomy":"post_tag","embeddable":true,"href":"https:\/\/www.europesays.com\/fr\/wp-json\/wp\/v2\/tags?post=341072"}],"curies":[{"name":"wp","href":"https:\/\/api.w.org\/{rel}","templated":true}]}}