{"id":341074,"date":"2025-08-24T17:32:09","date_gmt":"2025-08-24T17:32:09","guid":{"rendered":"https:\/\/www.europesays.com\/fr\/341074\/"},"modified":"2025-08-24T17:32:09","modified_gmt":"2025-08-24T17:32:09","slug":"toulouse-le-rose-cest-un-festival-qui-a-la-ferveur-dune-fete-de-village","status":"publish","type":"post","link":"https:\/\/www.europesays.com\/fr\/341074\/","title":{"rendered":"Toulouse. \u00ab\u00a0Le Rose, c&rsquo;est un festival qui a la ferveur d&rsquo;une f\u00eate de village !\u00a0\u00bb"},"content":{"rendered":"<p>            Par<br \/>\n        <strong><br \/>\n            <a href=\"https:\/\/actu.fr\/auteur\/gabriel-kenedi\" title=\"Consulter tous les articles de Gabriel Kenedi\" target=\"_blank\" rel=\"noopener\">Gabriel Kenedi<\/a><br \/>\n        <\/strong><\/p>\n<p>        Publi\u00e9 le<\/p>\n<p>            24 ao\u00fbt 2025 \u00e0 18h24        <\/p>\n<p>C\u2019est d\u00e9sormais l\u2019un des festivals les plus attendus de l\u2019ann\u00e9e \u00e0 Toulouse. N\u00e9 en 2022, le <strong>Rose Festival<\/strong> \u2014 imagin\u00e9 par Bigflo et Oli \u2014 a pris une dimension assez incroyable, au point de pouvoir se hisser dans le cort\u00e8ge tr\u00e8s pris\u00e9 des plus gros festivals de l\u2019Hexagone. Voil\u00e0 donc le Rose de retour pour une quatri\u00e8me \u00e9dition, du 29 au 31 ao\u00fbt 2025, avec de nombreuses stars \u00e0 l\u2019affiche. Avant le festival, on a rencontr\u00e9 <strong>Samuel Capus<\/strong>, le directeur du festival, qui revient sur les faits marquants de l\u2019\u00e9dition \u00e0 venir\u2026 et qui ne manque pas d\u2019ambitions pour les ann\u00e9es futures. Entretien.\u00a0<\/p>\n<p>\u00ab\u00a0Une \u00e9dition d\u00e9j\u00e0 record\u00a0\u00bb<\/p>\n<p class=\"ac-article-content__question wall-content\"><strong class=\"color-primary\">Actu : <\/strong>\u00c0 quelques jours du Rose Festival, comment se passe les ventes de tickets ?\u00a0\n<\/p>\n<p class=\" wall-content\"><strong class=\"color-primary\">Samuel Capus  : <\/strong>C&rsquo;est la derni\u00e8re ligne droite ! On est clairement en avance par rapport aux ann\u00e9es pr\u00e9c\u00e9dentes. C&rsquo;est une \u00e9dition record pour le Rose Festival. On va vendre en trois jours plus de billets que l&rsquo;an pass\u00e9, qu&rsquo;on avait \u00e9tal\u00e9 sur 4 jours.\u00a0<\/p>\n<p class=\"ac-article-content__question wall-content\">Comment expliquer cet engouement ?\u00a0\n<\/p>\n<p class=\" wall-content\"><strong class=\"color-primary\">Samuel Capus  : <\/strong>\u00ab\u00a0D\u00e9j\u00e0, cette ann\u00e9e, on a augment\u00e9 la jauge du festival, qui est pass\u00e9e de 31 000 \u00e0 36 000 places. C&rsquo;est une augmentation significative qui nous permet d&rsquo;avoir de plus gros moyens, d&rsquo;ouvrir les halls, et d&rsquo;accueillir des t\u00eates d&rsquo;affiche internationales. C&rsquo;est ce qui fait la diff\u00e9rence !\u00a0En tout cas, le Rose prend la trajectoire que l&rsquo;on voulait.\u00a0<\/p>\n<p>\u00ab\u00a0La prog\u2019 est toujours aussi vari\u00e9e !\u00a0\u00bb<\/p>\n<p class=\"ac-article-content__question wall-content\">On a l&rsquo;impression que la prog&rsquo; est tr\u00e8s rap cette ann\u00e9e. Mais peut-\u00eatre est-ce une fausse impression !\n<\/p>\n<p class=\" wall-content\"><strong class=\"color-primary\">Samuel Capus  : <\/strong>On a effectivement de tr\u00e8s gros artistes rap qui nous rejoignent sur le festival, cette ann\u00e9e. Il y a Vald, SDM, Luidji, Ninho &amp; Niska et Bigflo et Oli bien-s\u00fbr. C&rsquo;est une grande chance d&rsquo;avoir ces artistes-l\u00e0. Mais en termes de nombres d&rsquo;artistes, le rap n&rsquo;est pas surrepr\u00e9sent\u00e9 par rapport \u00e0 l&rsquo;\u00e9dition pass\u00e9e. Au contraire, la prog&rsquo; est toujours aussi vari\u00e9e !\u00a0<\/p>\n<p>Vid\u00e9os : en ce moment sur Actu<\/p>\n<p class=\"ac-article-content__question wall-content\">En plus de leur show le samedi, Bigflo et Oli vont faire un closing sp\u00e9cial, le dimanche. \u00c0 quoi s&rsquo;attendre ?\u00a0\n<\/p>\n<p class=\" wall-content\"><strong class=\"color-primary\">Samuel Capus  : <\/strong>\u00c7a sera \u00e0 partir de minuit, le dimanche. Depuis que le festival existe, ils faisaient une petite soir\u00e9e improvis\u00e9e pour les b\u00e9n\u00e9voles durant laquelle ils mixaient avec leurs potes. L&rsquo;id\u00e9e, c&rsquo;est de faire un peu la m\u00eame chose\u2026 mais sur la grande sc\u00e8ne ! Que vont-ils faire exactement ? Je ne le sais pas moi-m\u00eame !<\/p>\n<p>Votre r\u00e9gion, votre actu !<\/p>\n<p>Recevez chaque jour les infos qui comptent pour vous.<\/p>\n<p>\t<a href=\"https:\/\/actu.fr\/newsletter\" class=\"ac-btn ac-btn--corner ac-btn--medium ac-btn--blue800\" target=\"_blank\" rel=\"noopener\">S&rsquo;incrire<\/a><br \/>\n\u00ab\u00a0C\u2019est un festival qui a la ferveur d\u2019une f\u00eate de village\u00a0\u00bb<\/p>\n<p class=\"ac-article-content__question wall-content\">En termes d&rsquo;exp\u00e9rience festival, comment on am\u00e9liore chaque ann\u00e9e un lieu comme le Meett ?\u00a0\n<\/p>\n<p class=\" wall-content\"><strong class=\"color-primary\">Samuel Capus  : <\/strong>Cette ann\u00e9e, deux halls du Meett seront ouverts, ce qui nous permet de monter une v\u00e9ritable troisi\u00e8me sc\u00e8ne, un espace conf\u00e9rence et tallk et un vrai food-court. Cela permet aussi de lib\u00e9rer de l&rsquo;espace sous le grand parking, ce qui nous permet de mettre en place des animations, des jeux&#8230; Et il y aura toujours la grande roue !\u00a0<\/p>\n<p class=\"ac-article-content__question wall-content\">Avec le recul, avez-vous dress\u00e9 le profil type des festivaliers ? Qui se rend au Rose Festival ?\u00a0\n<\/p>\n<p class=\" wall-content\"><strong class=\"color-primary\">Samuel Capus  : <\/strong>Il y a bien-s\u00fbr les jeunes toulousains de moins de 25 ans, principalement, et les jeunes occitans. Mais plus globalement, on se rend compte que les gens viennent de toute la France et que le festival m\u00e9lange aussi les g\u00e9n\u00e9rations. Certains viennent en famille, certains viennent entre amis. C&rsquo;est un festival qui a la ferveur d&rsquo;une f\u00eate de village !<\/p>\n<p>\u00ab\u00a0Voir Bigflo et Oli \u00e0 Toulouse, c\u2019est comme l\u2019OM au V\u00e9lodrome !\u00a0\u00bb<\/p>\n<p class=\"ac-article-content__question wall-content\">Si on vous demande de choisir 5 artistes \u00e0 absolument aller voir cette ann\u00e9e, que r\u00e9pondez-vous ?\u00a0\n<\/p>\n<p class=\" wall-content\"><strong class=\"color-primary\">Samuel Capus  : <\/strong>Il ne faut pas manquer le show de Bigflo et Oli (le samedi) ! Les voir \u00e0 Toulouse, c&rsquo;est toujours \u00e9norme ! C&rsquo;est l&rsquo;OM au V\u00e9lodrome, c&rsquo;est le pape au Vatican ! C&rsquo;est l\u00e0 o\u00f9 il faut les voir, quoi, et c&rsquo;est toujours un grand moment.\u00a0<\/p>\n<p>Je suis aussi tr\u00e8s curieux de voir une artiste internationale comme Jorja Smith, et j&rsquo;ai h\u00e2te de voir ce que \u00e7a va donner. Je suis \u00e9galement tr\u00e8s curieux de voir la performance de Marc Rebillet, le premier soir (vendredi). Il me tarde de voir Luidji, aussi ! Et parmi les artistes \u00e9mergents, je vais citer Ana\u00efs MVA, tout simplement parce que ma fille adore et que je l&rsquo;ai \u00e9cout\u00e9e tout l&rsquo;\u00e9t\u00e9. Il me tarde de la voir, \u00e7a me rappellera tous les bons moments qu&rsquo;on a v\u00e9cus cet \u00e9t\u00e9.\u00a0<\/p>\n<p>\u00ab\u00a0On n\u2019a pas de limites !\u00a0\u00bb<\/p>\n<p class=\"ac-article-content__question wall-content\">On sait que vous avez des ambitions \u00e9lev\u00e9es avec ce festival. Jusqu&rsquo;o\u00f9 esp\u00e9rez-vous aller dans les ann\u00e9es futures, en termes de jauge et de programmation\u2026?\n<\/p>\n<p class=\" wall-content\"><strong class=\"color-primary\">Samuel Capus  : <\/strong>On n&rsquo;a pas de limites ! Tout ce qu&rsquo;on peut faire, on le fera ! Si on peut faire venir les Rolling Stones ou Daft Punk, on le fera. Surtout Daft Punk, les Rolling Stones, peut-\u00eatre pas ! Flo r\u00eave de Drake, Oli r\u00eave d&rsquo;Eminem ! C&rsquo;est un vrai but, clairement, et nous on part du principe qu&rsquo;il faut croire en ses r\u00eaves. Mais au-del\u00e0 des noms, notre ambition, c&rsquo;est surtout de garder cette ferveur populaire, le tout avec des prix accessibles. Notre plus gros r\u00eave, c&rsquo;est de garder l&rsquo;\u00e9tat d&rsquo;esprit du Rose Festival ! Quand on ouvre les portes et qu&rsquo;on a l&rsquo;impression que pour certains festivaliers, c&rsquo;est l&rsquo;\u00e9v\u00e8nement de l&rsquo;ann\u00e9e, c&rsquo;est \u00e9norme pour nous ! On veut donc avoir des artistes internationaux, continuer \u00e0 faire monter sur sc\u00e8ne des artistes \u00e9mergents, que les Toulousains viennent et que ceux qui n&rsquo;habitent pas Toulouse d\u00e9couvrent notre ville en venant \u00e0 notre festival. C&rsquo;est \u00e7a qui nous anime et nous guide !\u00a0<\/p>\n<p>\u00ab\u00a0Ce qui se fait de mieux, c\u2019est le Meett\u00a0\u00bb<\/p>\n<p class=\"ac-article-content__question wall-content\">Il y a environ un an, vous \u00e9voquiez un possible changement de lieu de festival. Est-ce toujours d&rsquo;actualit\u00e9 ou pas du tout ?\n<\/p>\n<p class=\" wall-content\"><strong class=\"color-primary\">Samuel Capus  : <\/strong>Non ! On est vigilants sur ce qui se fait de mieux ! Et \u00e0 l&rsquo;heure actuelle, ce qui se fait de mieux, c&rsquo;est le Meett.\u00a0 Il n&rsquo;y a pas d&rsquo;\u00e9quivalent en France. Il faut quand m\u00eame rappeler que les festivals sont dans un business model qui est tr\u00e8s compliqu\u00e9, avec un taux de rentabilit\u00e9 qui n&rsquo;est atteint qu&rsquo;au-dessus de 95% de taux remplissage. Il ne faut pas croire qu&rsquo;on s&rsquo;en met plein les poches ! On a des discussions tr\u00e8s \u00e2pres avec tous les artistes et on a des discussions tr\u00e8s longues et \u00e0 affiner avec GL Events, qui loue le site. C&rsquo;est important parce que si on n&rsquo;affine pas tout \u00e7a, le festival, demain, n&rsquo;existera pas. Je ne dis pas \u00e7a pour faire peur ! Il faut juste prendre conscience qu&rsquo;un festival, \u00e7a peut ne pas \u00eatre rentable. C&rsquo;est aussi pour cela qu&rsquo;on tient beaucoup \u00e0 nos partenaires, car sans eux, non plus, on ne fait pas le festival\u00a0\u00bb.\u00a0<\/p>\n<p>\u00ab\u00a0Il faut venir habiller en rose !\u00a0\u00bb<\/p>\n<p class=\"ac-article-content__question wall-content\">Un dernier conseil \u00e0 destination des festivaliers ?\u00a0<\/p>\n<p class=\" wall-content\"><strong class=\"color-primary\">Samuel Capus  : <\/strong>Il faut venir habiller en rose ! C&rsquo;est indispensable ! D\u00e8s la premi\u00e8re \u00e9dition, les gens ont pris cette habitude et on ne s&rsquo;y attendait pas forc\u00e9ment !\u00a0Et on trouve \u00e7a vraiment tr\u00e8s cool. <\/p>\n<p class=\"ac-article-content__question wall-content\">Et une derni\u00e8re petite indiscr\u00e9tion ?\u00a0\n<\/p>\n<p class=\" wall-content\"><strong class=\"color-primary\">Samuel Capus  : <\/strong>On aura une nouvelle \u0153uvre d&rsquo;art contemporain cette ann\u00e9e, car Oli y tient beaucoup !\u00a0Il y aura donc une pyramide, cette ann\u00e9e, en plus du fameux bonhomme de Philippe Katerine !\u00a0<\/p>\n<p class=\" wall-content\">Personnalisez votre actualit\u00e9 en ajoutant vos villes et m\u00e9dias en favori avec <a href=\"https:\/\/moncompte.actu.fr\" title=\"D\u00e9couvez Mon Actu\" rel=\"nofollow noopener\" data-trk=\"{&quot;cta&quot;:{&quot;action&quot;:&quot;https:\\\/\\\/moncompte.actu.fr&quot;,&quot;category&quot;:&quot;mon compte&quot;,&quot;from&quot;:&quot;article footer&quot;,&quot;name&quot;:&quot;Mon actu&quot;,&quot;type&quot;:&quot;cta&quot;}}\" target=\"_blank\">Mon Actu<\/a>.<\/p>\n","protected":false},"excerpt":{"rendered":"Par Gabriel Kenedi Publi\u00e9 le 24 ao\u00fbt 2025 \u00e0 18h24 C\u2019est d\u00e9sormais l\u2019un des festivals les plus attendus&hellip;\n","protected":false},"author":2,"featured_media":341075,"comment_status":"","ping_status":"","sticky":false,"template":"","format":"standard","meta":{"footnotes":""},"categories":[2816],"tags":[1111,11,1777,674,1011,27,1652,12,2680,25,1341,2312],"class_list":{"0":"post-341074","1":"post","2":"type-post","3":"status-publish","4":"format-standard","5":"has-post-thumbnail","7":"category-toulouse","8":"tag-actu","9":"tag-actualites","10":"tag-eu","11":"tag-europe","12":"tag-fr","13":"tag-france","14":"tag-loisirs-culture","15":"tag-news","16":"tag-occitanie","17":"tag-republique-francaise","18":"tag-sortir-a-toulouse","19":"tag-toulouse"},"share_on_mastodon":{"url":"https:\/\/pubeurope.com\/@fr\/115084941413239376","error":""},"_links":{"self":[{"href":"https:\/\/www.europesays.com\/fr\/wp-json\/wp\/v2\/posts\/341074","targetHints":{"allow":["GET"]}}],"collection":[{"href":"https:\/\/www.europesays.com\/fr\/wp-json\/wp\/v2\/posts"}],"about":[{"href":"https:\/\/www.europesays.com\/fr\/wp-json\/wp\/v2\/types\/post"}],"author":[{"embeddable":true,"href":"https:\/\/www.europesays.com\/fr\/wp-json\/wp\/v2\/users\/2"}],"replies":[{"embeddable":true,"href":"https:\/\/www.europesays.com\/fr\/wp-json\/wp\/v2\/comments?post=341074"}],"version-history":[{"count":0,"href":"https:\/\/www.europesays.com\/fr\/wp-json\/wp\/v2\/posts\/341074\/revisions"}],"wp:featuredmedia":[{"embeddable":true,"href":"https:\/\/www.europesays.com\/fr\/wp-json\/wp\/v2\/media\/341075"}],"wp:attachment":[{"href":"https:\/\/www.europesays.com\/fr\/wp-json\/wp\/v2\/media?parent=341074"}],"wp:term":[{"taxonomy":"category","embeddable":true,"href":"https:\/\/www.europesays.com\/fr\/wp-json\/wp\/v2\/categories?post=341074"},{"taxonomy":"post_tag","embeddable":true,"href":"https:\/\/www.europesays.com\/fr\/wp-json\/wp\/v2\/tags?post=341074"}],"curies":[{"name":"wp","href":"https:\/\/api.w.org\/{rel}","templated":true}]}}