{"id":341076,"date":"2025-08-24T17:33:11","date_gmt":"2025-08-24T17:33:11","guid":{"rendered":"https:\/\/www.europesays.com\/fr\/341076\/"},"modified":"2025-08-24T17:33:11","modified_gmt":"2025-08-24T17:33:11","slug":"ligue-1-le-sans-faute-de-toulouse-et-strasbourg-premiere-victoire-pour-lens-2","status":"publish","type":"post","link":"https:\/\/www.europesays.com\/fr\/341076\/","title":{"rendered":"Ligue 1. Le sans-faute de Toulouse et Strasbourg, premi\u00e8re victoire pour Lens"},"content":{"rendered":"<p>  Frank Magri porte Toulouse\u00a0<\/p>\n<p>Un doubl\u00e9 qui vaut trois points. Frank Magri a permis aux Toulousains de s&rsquo;imposer face \u00e0 Brest (2-0), dimanche lors de la 2e journ\u00e9e de Ligue 1.\u00a0<\/p>\n<p>L&rsquo;attaquant camerounais a profit\u00e9 d&rsquo;une erreur de main de Majeck (53e) avant de doubler la mise d&rsquo;un but plein d&rsquo;opportunisme (65e).<\/p>\n<p>Ce contenu est bloqu\u00e9 car vous n&rsquo;avez pas accept\u00e9 les cookies et autres traceurs.<\/p>\n<p>En cliquant sur \u00ab J\u2019accepte \u00bb, les cookies et autres traceurs seront d\u00e9pos\u00e9s et vous pourrez visualiser les contenus  (<a href=\"\" class=\"consentModule_policy\" target=\"_blank\" title=\"Consulter la politique de protection des donn\u00e9es du fournisseur\">plus d&rsquo;informations<\/a>).<\/p>\n<p>En cliquant sur \u00ab J\u2019accepte tous les cookies \u00bb, vous autorisez des d\u00e9p\u00f4ts de cookies et autres traceurs pour le stockage de vos donn\u00e9es sur nos sites et applications \u00e0 des fins de personnalisation et de ciblage publicitaire.<\/p>\n<p class=\"consentModule_secondaryText\">Vous gardez la possibilit\u00e9 de retirer votre consentement \u00e0 tout moment en consultant notre <a href=\"https:\/\/www.ledauphine.com\/protection-des-donnees\" target=\"_blank\" title=\"Consulter notre politique de protection des donn\u00e9es\" rel=\"noopener\">politique de protection des donn\u00e9es<\/a>. <br \/>&#13;<br \/>\n            <a href=\"https:\/\/www.ledauphine.com\/sport\/2025\/08\/24\/javascript:Didomi.notice.show()\" class=\"consentModule_cmp\" target=\"_blank\" rel=\"noopener\">G\u00e9rer mes choix<\/a>&#13;\n        <\/p>\n<p>&#13;<br \/>\n                        J&rsquo;accepte&#13;<br \/>\n            J&rsquo;accepte tous les cookies&#13;\n        <\/p>\n<p>Gr\u00e2ce \u00e0 ce succ\u00e8s, le TFC rejoint le PSG, l&rsquo;OL ainsi que Strasbourg, en t\u00eate du classement.\u00a0<\/p>\n<p><strong>&gt;&gt; LIRE AUSSI\u00a0: <a href=\"https:\/\/www.ledauphine.com\/sport\/2025\/08\/24\/lorient-deroule-face-a-des-rennais-reduits-a-neuf\" target=\"_blank\" rel=\"noopener\">Lorient d\u00e9roule face \u00e0 des Rennais r\u00e9duits \u00e0 neuf\u00a0<\/a><\/strong><\/p>\n<p>Premi\u00e8re pour Lens<\/p>\n<p>Les joueurs de Pierre Sage se sont impos\u00e9s sur la pelouse du Havre et signent leur premi\u00e8re victoire de la saison (2-1). A noter, que le jeune Rayan Fofana a inscrit sa premi\u00e8re r\u00e9alisation dans l&rsquo;\u00e9lite\u00a0<\/p>\n<p>Emegha, \u00e9videmment\u00a0<\/p>\n<p>Trois jours apr\u00e8s le nul face face \u00e0 Brondby en barrage aller de C4 (0-0), Liam Rosenior avait fait tourner face \u00e0 Nantes, laissant notamment Emmanuel Emegha sur le banc. Entr\u00e9 apr\u00e8s la mi-temps, l&rsquo;avant-centre a d&rsquo;abord rat\u00e9 une occasion immanquable avant de donner la victoire \u00e0 Strasbourg d&rsquo;une t\u00eate d\u00e9crois\u00e9e (81e, 1-0).<\/p>\n<p>Nantes encha\u00eene une deuxi\u00e8me d\u00e9faite de rang, comme Le Havre, le Paris FC et Metz.<\/p>\n<p>Ce contenu est bloqu\u00e9 car vous n&rsquo;avez pas accept\u00e9 les cookies et autres traceurs.<\/p>\n<p>En cliquant sur \u00ab J\u2019accepte \u00bb, les cookies et autres traceurs seront d\u00e9pos\u00e9s et vous pourrez visualiser les contenus  (<a href=\"\" class=\"consentModule_policy\" target=\"_blank\" title=\"Consulter la politique de protection des donn\u00e9es du fournisseur\">plus d&rsquo;informations<\/a>).<\/p>\n<p>En cliquant sur \u00ab J\u2019accepte tous les cookies \u00bb, vous autorisez des d\u00e9p\u00f4ts de cookies et autres traceurs pour le stockage de vos donn\u00e9es sur nos sites et applications \u00e0 des fins de personnalisation et de ciblage publicitaire.<\/p>\n<p class=\"consentModule_secondaryText\">Vous gardez la possibilit\u00e9 de retirer votre consentement \u00e0 tout moment en consultant notre <a href=\"https:\/\/www.ledauphine.com\/protection-des-donnees\" target=\"_blank\" title=\"Consulter notre politique de protection des donn\u00e9es\" rel=\"noopener\">politique de protection des donn\u00e9es<\/a>. <br \/>&#13;<br \/>\n            <a href=\"https:\/\/www.ledauphine.com\/sport\/2025\/08\/24\/javascript:Didomi.notice.show()\" class=\"consentModule_cmp\" target=\"_blank\" rel=\"noopener\">G\u00e9rer mes choix<\/a>&#13;\n        <\/p>\n<p>&#13;<br \/>\n                        J&rsquo;accepte&#13;<br \/>\n            J&rsquo;accepte tous les cookies&#13;\n        <\/p>\n","protected":false},"excerpt":{"rendered":"Frank Magri porte Toulouse\u00a0 Un doubl\u00e9 qui vaut trois points. Frank Magri a permis aux Toulousains de s&rsquo;imposer&hellip;\n","protected":false},"author":2,"featured_media":341062,"comment_status":"","ping_status":"","sticky":false,"template":"","format":"standard","meta":{"footnotes":""},"categories":[2816],"tags":[1111,11,1777,674,107,63,1011,27,7020,12,2680,25,517,1947,2312],"class_list":{"0":"post-341076","1":"post","2":"type-post","3":"status-publish","4":"format-standard","5":"has-post-thumbnail","7":"category-toulouse","8":"tag-actu","9":"tag-actualites","10":"tag-eu","11":"tag-europe","12":"tag-fil-info","13":"tag-football","14":"tag-fr","15":"tag-france","16":"tag-ligue-1-football","17":"tag-news","18":"tag-occitanie","19":"tag-republique-francaise","20":"tag-sport","21":"tag-sport-national","22":"tag-toulouse"},"share_on_mastodon":{"url":"https:\/\/pubeurope.com\/@fr\/115084945196932891","error":""},"_links":{"self":[{"href":"https:\/\/www.europesays.com\/fr\/wp-json\/wp\/v2\/posts\/341076","targetHints":{"allow":["GET"]}}],"collection":[{"href":"https:\/\/www.europesays.com\/fr\/wp-json\/wp\/v2\/posts"}],"about":[{"href":"https:\/\/www.europesays.com\/fr\/wp-json\/wp\/v2\/types\/post"}],"author":[{"embeddable":true,"href":"https:\/\/www.europesays.com\/fr\/wp-json\/wp\/v2\/users\/2"}],"replies":[{"embeddable":true,"href":"https:\/\/www.europesays.com\/fr\/wp-json\/wp\/v2\/comments?post=341076"}],"version-history":[{"count":0,"href":"https:\/\/www.europesays.com\/fr\/wp-json\/wp\/v2\/posts\/341076\/revisions"}],"wp:featuredmedia":[{"embeddable":true,"href":"https:\/\/www.europesays.com\/fr\/wp-json\/wp\/v2\/media\/341062"}],"wp:attachment":[{"href":"https:\/\/www.europesays.com\/fr\/wp-json\/wp\/v2\/media?parent=341076"}],"wp:term":[{"taxonomy":"category","embeddable":true,"href":"https:\/\/www.europesays.com\/fr\/wp-json\/wp\/v2\/categories?post=341076"},{"taxonomy":"post_tag","embeddable":true,"href":"https:\/\/www.europesays.com\/fr\/wp-json\/wp\/v2\/tags?post=341076"}],"curies":[{"name":"wp","href":"https:\/\/api.w.org\/{rel}","templated":true}]}}