{"id":341079,"date":"2025-08-24T17:36:14","date_gmt":"2025-08-24T17:36:14","guid":{"rendered":"https:\/\/www.europesays.com\/fr\/341079\/"},"modified":"2025-08-24T17:36:14","modified_gmt":"2025-08-24T17:36:14","slug":"le-delta-festival-approche-et-fait-des-offres-bradees","status":"publish","type":"post","link":"https:\/\/www.europesays.com\/fr\/341079\/","title":{"rendered":"Le Delta Festival approche et fait des offres brad\u00e9es"},"content":{"rendered":"<p>\u00c0 trois semaines de son ouverture, le Delta Festival avait surpris avec une annonce pour le moins inhabituelle : 10 000 billets mis en vente \u00e0 50\u20ac, soit 20\u20ac de moins que le tarif normal, \u00e0 condition d\u2019arriver sur le site avant 17h. Une offre flash, limit\u00e9e et visiblement destin\u00e9e \u00e0 \u00e9largir l\u2019audience ou \u00e0 acc\u00e9l\u00e9rer la cadence des ventes. Si certains on peut penser \u00e0 un simple coup marketing pour dynamiser les derniers jours de billetterie, on peut aussi s\u2019interroger : est-ce un signe que la demande n\u2019est pas aussi forte qu\u2019esp\u00e9r\u00e9 ?<\/p>\n<p>En tout cas, les organisateurs n\u2019ont pas l\u00e9sin\u00e9 sur les moyens pour que cette 11\u1d49 \u00e9dition marque les esprits. Du 27 au 31 ao\u00fbt, les plages du Prado se transforment en v\u00e9ritable village \u00e9ph\u00e9m\u00e8re, avec six sc\u00e8nes, plus de 250 artistes et une capacit\u00e9 d\u2019accueil de 150 000 spectateurs sur cinq jours. L\u2019affiche rassemble des noms qui parlent aussi bien aux amateurs de musique \u00e9lectronique qu\u2019aux fans de pop ou de rap : Bob Sinclar, Feder, Nina Kraviz, I Hate Models, Ofenbach Live, Tayc, Ril\u00e8s, SDM, Vladimir Cauchemar en b2b avec Creeds, Bon entendeur, mais aussi Th\u00e9odora, Tayc, Moblack ou encore Jimmy Sax pour le closing. Une programmation pens\u00e9e pour s\u00e9duire un public large, fid\u00e8le \u00e0 l\u2019identit\u00e9 du Delta.<\/p>\n<p><img loading=\"lazy\" decoding=\"async\" width=\"1024\" height=\"768\" src=\"data:image\/svg+xml,%3Csvg%20xmlns=\" http:=\"\" alt=\"Delta Festival 2024\" class=\"wp-image-372075\" data-lazy- data-lazy- data-lazy-src=\"https:\/\/www.europesays.com\/fr\/wp-content\/uploads\/2025\/08\/img_1354-1024x768.jpeg\"\/>Sc\u00e8ne Eden lors de l\u2019\u00e9dition 2024 du Delta festival \/ (Cr\u00e9dit : Archives Gomet\u2019)Le Delta festival, un \u00e9v\u00e9nement engag\u00e9 pour la jeunesse<\/p>\n<p>Le festival ne se limite pas aux concerts : il d\u00e9ploie dix villages th\u00e9matiques, du sport nautique \u00e0 l\u2019innovation, en passant par la sant\u00e9, l\u2019environnement ou la vie \u00e9tudiante. Ce \u00ab Monde des Possibles \u00bb est un v\u00e9ritable un forum citoyen, anim\u00e9 par 700 acteurs engag\u00e9s et qui g\u00e9n\u00e8re environ 10 000 opportunit\u00e9s d\u2019emploi pour les jeunes. Des installations artistiques, une zone \u00ab\u00a0safe\u00a0\u00bb pour pr\u00e9venir les violences sexistes et sexuelles, et une politique d\u2019\u00e9coresponsabilit\u00e9 (gobelets r\u00e9utilisables, tri des d\u00e9chets, gestion raisonn\u00e9e des \u00e9nergies) compl\u00e8tent le dispositif.<\/p>\n<p><a data-no-instant=\"1\" href=\"https:\/\/my.weezevent.com\/3e-forum-nos-energies-en-questions\" rel=\"noopener nofollow\" class=\"a2t-link\" target=\"_blank\" aria-label=\"Maxi Header 2 1200\u00d7148\"><img loading=\"lazy\" decoding=\"async\" src=\"data:image\/svg+xml,%3Csvg%20xmlns=\" http:=\"\" alt=\"\" data-lazy- data-lazy- width=\"2048\" height=\"253\" style=\"display: inline-block;\" data-lazy-src=\"https:\/\/www.europesays.com\/fr\/wp-content\/uploads\/2025\/08\/maxi-header-2-1200x148-1-scaled.png\"\/><\/a><\/p>\n<p>Les plus motiv\u00e9s pourront aussi prolonger la f\u00eate avec le \u00ab\u00a0Hidden Festival\u00a0\u00bb, un programme parall\u00e8le de pool parties et after parties r\u00e9serv\u00e9 aux d\u00e9tenteurs de pass premium ou en suppl\u00e9ment <strong><a href=\"https:\/\/shotgun.live\/fr\/events\/hidden-la-piscine-2\" data-type=\"link\" data-id=\"https:\/\/shotgun.live\/fr\/events\/hidden-la-piscine-2\" target=\"_blank\" rel=\"noreferrer noopener nofollow\">\u00e0 8\u20ac99 l\u2019acc\u00e8s \u00e0 la piscine par jour sur shotgun.<\/a><\/strong> L\u2019after officiel du Delta, organis\u00e9 chaque ann\u00e9e \u00e0 partir de 00h tout le long du festival, est aussi compris selon le pass achet\u00e9 ou <strong><a href=\"https:\/\/shotgun.live\/fr\/events\/hidden-l-after-officiel-du-delta-festival-2\" data-type=\"link\" data-id=\"https:\/\/shotgun.live\/fr\/events\/hidden-l-after-officiel-du-delta-festival-2\" target=\"_blank\" rel=\"noreferrer noopener nofollow\">en suppl\u00e9ment \u00e0 25\u20ac l\u2019entr\u00e9e chaque soir.<\/a><\/strong><\/p>\n<p><img loading=\"lazy\" decoding=\"async\" width=\"1024\" height=\"768\" src=\"data:image\/svg+xml,%3Csvg%20xmlns=\" http:=\"\" alt=\"Delta Festival 2024\" class=\"wp-image-372070\" data-lazy- data-lazy- data-lazy-src=\"https:\/\/www.europesays.com\/fr\/wp-content\/uploads\/2025\/08\/img_1358-1024x768.jpeg\"\/>Stand d\u2019un des villages du Le monde des possibles de l\u2019\u00e9dition de 2024 \/ (Cr\u00e9dit : Archives Gomet\u2019)<\/p>\n<p>Si l\u2019exp\u00e9rience est immersive, elle a un co\u00fbt. En dehors des promotions ponctuelles, le pass \u00e0 la journ\u00e9e est de 70\u20ac, avec des formules allant jusqu\u2019\u00e0 500 \u20ac pour un acc\u00e8s VIP complet sur cinq jours. Plusieurs r\u00e9ductions existent pour les jeunes, les demandeurs d\u2019emploi ou les d\u00e9tenteurs du Pass Culture, mais la billetterie repr\u00e9sente tout de m\u00eame 60% du budget global du festival, de 11 millions d\u2019euros en 2024. Les ventes sur place \u2014 restauration et merchandising \u2014 assurent 30% des recettes, le reste est couvert par des subventions publiques, notamment de la M\u00e9tropole Aix-Marseille-Provence et de la Ville de Marseille, ainsi que par des sponsors priv\u00e9s.<\/p>\n<p>Plus que 1 000 billets \u00e0 50\u20ac pour le Delta<\/p>\n<p>C\u2019est peut-\u00eatre l\u00e0 que se joue l\u2019enjeu : avec un mod\u00e8le \u00e9conomique largement d\u00e9pendant de la billetterie, chaque journ\u00e9e de festival doit remplir ses quotas pour maintenir l\u2019\u00e9quilibre.\u00a0Mais restons vigilants ! L\u2019\u00e9dition 2024 a d\u00e9j\u00e0 rappel\u00e9 combien un tel \u00e9v\u00e9nement reste tributaire de la m\u00e9t\u00e9o : <strong><a href=\"https:\/\/gomet.net\/le-delta-festival-annule-sa-soiree-douverture\/\" data-type=\"link\" data-id=\"https:\/\/gomet.net\/le-delta-festival-annule-sa-soiree-douverture\/\" target=\"_blank\" rel=\"noreferrer noopener nofollow\">la soir\u00e9e d\u2019ouverture avait \u00e9t\u00e9 annul\u00e9e<\/a><\/strong> \u00e0 cause de violents orages, et deux ans plus t\u00f4t, <strong><a href=\"https:\/\/gomet.net\/delta-festival-annulation-de-la-journee-de-dimanche\/\" data-type=\"link\" data-id=\"https:\/\/gomet.net\/delta-festival-annulation-de-la-journee-de-dimanche\/\" target=\"_blank\" rel=\"noreferrer noopener nofollow\">c\u2019est la derni\u00e8re journ\u00e9e qui avait d\u00fb \u00eatre supprim\u00e9e<\/a><\/strong>.<\/p>\n<p>Des \u00e9pisodes qui avaient frustr\u00e9 les festivaliers et compliqu\u00e9 la logistique. Cette ann\u00e9e encore, la vigilance reste de mise : la fin ao\u00fbt est souvent synonyme d\u2019instabilit\u00e9 sur la c\u00f4te m\u00e9diterran\u00e9enne, m\u00eame si pour l\u2019instant les pr\u00e9visions sont optimistes. Enfin, si vous voulez profiter de cette 11\u00e8me \u00e9dition du Delta festival, ne perdez pas de temps, <strong><a href=\"https:\/\/www.delta-festival.com\/billetterie-2\/?fbclid=PAQ0xDSwMK3a1leHRuA2FlbQIxMQABpy7A8UUlR5hUMHsqRq7H8FwLy6fLw4E7elH9tDMBYsHrnD00nUCU-6j6QRF9_aem_mSYDiz4O1a-dc0LLNPRDAQ https:\/\/www.delta-festival.com\/billetterie-2\/?fbclid=PAQ0xDSwMK3a1leHRuA2FlbQIxMQABpy7A8UUlR5hUMHsqRq7H8FwLy6fLw4E7elH9tDMBYsHrnD00nUCU-6j6QRF9_aem_mSYDiz4O1a-dc0LLNPRDAQ\" target=\"_blank\" rel=\"noreferrer noopener nofollow\">il restit encore 1 000 billets \u00e0 50\u20ac il y a quelques jours. <\/a><\/strong><\/p>\n<p><img loading=\"lazy\" decoding=\"async\" width=\"1024\" height=\"768\" src=\"data:image\/svg+xml,%3Csvg%20xmlns=\" http:=\"\" alt=\"Delta Festival 2024\" class=\"wp-image-372077\" data-lazy- data-lazy- data-lazy-src=\"https:\/\/www.europesays.com\/fr\/wp-content\/uploads\/2025\/08\/img_1360-1024x768.jpeg\"\/>Espace d\u00e9tente sur la plage avec la sc\u00e8ne Colis\u00e9e de l\u2019\u00e9dition 2024 du Delta Festival en fond \/ (Cr\u00e9dit : Archives Gomet)<\/p>\n<p class=\"has-background\" style=\"background-color:#e5f6ff\">Liens utiles <\/p>\n<p><strong><a href=\"https:\/\/gomet.net\/theme\/city-guide-2\/voyages\/\" target=\"_blank\" rel=\"noreferrer noopener nofollow\">Retrouvez nos balades et sorties dans notre rubrique loisirs<\/a><\/strong><br \/>Consultez\u00a0<strong><a href=\"https:\/\/gomet.net\/supplement-vacances-et-ete-2025-profitez-du-sud\/\" rel=\"nofollow noopener\" target=\"_blank\">notre suppl\u00e9ment Et\u00e9 et vacances 2025<\/a><\/strong><\/p>\n","protected":false},"excerpt":{"rendered":"\u00c0 trois semaines de son ouverture, le Delta Festival avait surpris avec une annonce pour le moins inhabituelle&hellip;\n","protected":false},"author":2,"featured_media":341080,"comment_status":"","ping_status":"","sticky":false,"template":"","format":"standard","meta":{"footnotes":""},"categories":[2814],"tags":[1111,11,1777,674,1011,27,884,12,882,25],"class_list":{"0":"post-341079","1":"post","2":"type-post","3":"status-publish","4":"format-standard","5":"has-post-thumbnail","7":"category-marseille","8":"tag-actu","9":"tag-actualites","10":"tag-eu","11":"tag-europe","12":"tag-fr","13":"tag-france","14":"tag-marseille","15":"tag-news","16":"tag-provence-alpes-cote-dazur","17":"tag-republique-francaise"},"share_on_mastodon":{"url":"https:\/\/pubeurope.com\/@fr\/115084957069360405","error":""},"_links":{"self":[{"href":"https:\/\/www.europesays.com\/fr\/wp-json\/wp\/v2\/posts\/341079","targetHints":{"allow":["GET"]}}],"collection":[{"href":"https:\/\/www.europesays.com\/fr\/wp-json\/wp\/v2\/posts"}],"about":[{"href":"https:\/\/www.europesays.com\/fr\/wp-json\/wp\/v2\/types\/post"}],"author":[{"embeddable":true,"href":"https:\/\/www.europesays.com\/fr\/wp-json\/wp\/v2\/users\/2"}],"replies":[{"embeddable":true,"href":"https:\/\/www.europesays.com\/fr\/wp-json\/wp\/v2\/comments?post=341079"}],"version-history":[{"count":0,"href":"https:\/\/www.europesays.com\/fr\/wp-json\/wp\/v2\/posts\/341079\/revisions"}],"wp:featuredmedia":[{"embeddable":true,"href":"https:\/\/www.europesays.com\/fr\/wp-json\/wp\/v2\/media\/341080"}],"wp:attachment":[{"href":"https:\/\/www.europesays.com\/fr\/wp-json\/wp\/v2\/media?parent=341079"}],"wp:term":[{"taxonomy":"category","embeddable":true,"href":"https:\/\/www.europesays.com\/fr\/wp-json\/wp\/v2\/categories?post=341079"},{"taxonomy":"post_tag","embeddable":true,"href":"https:\/\/www.europesays.com\/fr\/wp-json\/wp\/v2\/tags?post=341079"}],"curies":[{"name":"wp","href":"https:\/\/api.w.org\/{rel}","templated":true}]}}