{"id":341081,"date":"2025-08-24T17:37:12","date_gmt":"2025-08-24T17:37:12","guid":{"rendered":"https:\/\/www.europesays.com\/fr\/341081\/"},"modified":"2025-08-24T17:37:12","modified_gmt":"2025-08-24T17:37:12","slug":"marseille-un-incendie-dans-une-menuiserie-se-propage-a-deux-appartements","status":"publish","type":"post","link":"https:\/\/www.europesays.com\/fr\/341081\/","title":{"rendered":"Marseille : un incendie dans une menuiserie se propage \u00e0 deux appartements"},"content":{"rendered":"<ul class=\"jsx-862013697 ArticleChapo__List\">\n<li class=\"jsx-862013697 ArticleChapo__List_Item flex\">Un incendie s&rsquo;est d\u00e9clar\u00e9 dans une menuiserie de 500 m\u00e8tres carr\u00e9s du 15e arrondissement de Marseille ce dimanche 24 ao\u00fbt.<\/li>\n<li class=\"jsx-862013697 ArticleChapo__List_Item flex\">Les flammes se sont propag\u00e9es \u00e0 un immeuble voisin.<\/li>\n<li class=\"jsx-862013697 ArticleChapo__List_Item flex\">Aucune victime n&rsquo;est \u00e0 d\u00e9plorer.<\/li>\n<\/ul>\n<p data-module=\"article-paragraph\" class=\"jsx-3046738180 Paragraph Paragraph__End\">L&rsquo;incendie s&rsquo;est d\u00e9clar\u00e9 peu apr\u00e8s 16 heures dans le 15e arrondissement de <a href=\"https:\/\/www.tf1info.fr\/societe\/on-n-a-plus-rien-la-colere-des-sinistres-un-mois-apres-les-incendies-destructeurs-a-marseille-2388162.html\" target=\"_blank\" rel=\"noopener\">Marseille <\/a>(Bouches-du-Rh\u00f4ne), a-t-on appris des marins-pompiers de la ville, confirmant <a href=\"https:\/\/www.laprovence.com\/article\/faits-divers-justice\/1837655284865614\/un-incendie-en-cours-dans-le-quartier-des-crottes-a-marseille\" target=\"_blank\" rel=\"nofollow noopener\">une information de La Provence (nouvelle fen\u00eatre)<\/a>. Le feu s&rsquo;est propag\u00e9 sur les deux \u00e9tages d&rsquo;une menuiserie de 500m\u00b2. Plusieurs explosions ont retenti, caus\u00e9es par la pr\u00e9sence de bouteilles de gaz \u00e0 l&rsquo;int\u00e9rieur du b\u00e2timent. Pour l&rsquo;heure, aucun bless\u00e9 n&rsquo;est \u00e0 d\u00e9plorer.<\/p>\n<p data-module=\"article-paragraph\" class=\"jsx-3046738180 Paragraph Paragraph__End\">Les flammes se sont propag\u00e9es \u00e0 un immeuble voisin o\u00f9 elles ont touch\u00e9 deux appartements, avant d&rsquo;\u00eatre rapidement ma\u00eetris\u00e9es. En tout, sept b\u00e2timents ont d\u00fb \u00eatre \u00e9vacu\u00e9s.<\/p>\n<p><a href=\"https:\/\/www.tf1info.fr\/societe\/video-marseille-un-mois-apres-l-incendie-de-l-estaque-des-sinistres-vivent-dans-des-bungalows-2390023.html\" rel=\"noopener\" class=\"jsx-3308031228 Link flex\" target=\"_blank\"><img decoding=\"async\" src=\"https:\/\/www.europesays.com\/fr\/wp-content\/uploads\/2025\/08\/marseille-un-mois-apres-l-incendie-de-l-estaque-les-sinistres-vivent-dans-des-bungalows-831878-0@1x..jpeg\" alt=\"Capture vid\u00e9o LCI\" loading=\"lazy\" importance=\"low\" fetchpriority=\"low\" class=\"\" aria-hidden=\"true\"\/><\/p>\n<p class=\"jsx-3657663356 ReadMoreArticle__Title\">Lire aussi<\/p>\n<p class=\"jsx-3657663356\">Marseille : un mois apr\u00e8s l&rsquo;incendie de l&rsquo;Estaque, des sinistr\u00e9s vivent dans des bungalows<\/p>\n<p><\/a>Un mur menace de s&rsquo;effondrer<\/p>\n<p data-module=\"article-paragraph\" class=\"jsx-3046738180 Paragraph Paragraph__End\">L&rsquo;incendie est toujours en cours dans la menuiserie, o\u00f9 l&rsquo;un des murs de l&rsquo;\u00e9difice menace de s&rsquo;effondrer.<\/p>\n<p data-module=\"article-paragraph\" class=\"jsx-3046738180 Paragraph Paragraph__End\">Une soixantaine de pompiers et 20 camions ont \u00e9t\u00e9 d\u00e9ploy\u00e9s pour lutter contre les flammes. Les origines du feu n&rsquo;ont pas encore \u00e9t\u00e9 d\u00e9termin\u00e9es.<\/p>\n<p>IM<\/p>\n","protected":false},"excerpt":{"rendered":"Un incendie s&rsquo;est d\u00e9clar\u00e9 dans une menuiserie de 500 m\u00e8tres carr\u00e9s du 15e arrondissement de Marseille ce dimanche&hellip;\n","protected":false},"author":2,"featured_media":341082,"comment_status":"","ping_status":"","sticky":false,"template":"","format":"standard","meta":{"footnotes":""},"categories":[2814],"tags":[1111,11,1921,1777,674,1011,27,1310,1922,2954,884,12,4775,882,25,133,2953],"class_list":{"0":"post-341081","1":"post","2":"type-post","3":"status-publish","4":"format-standard","5":"has-post-thumbnail","7":"category-marseille","8":"tag-actu","9":"tag-actualites","10":"tag-article-video","11":"tag-eu","12":"tag-europe","13":"tag-fr","14":"tag-france","15":"tag-incendie","16":"tag-info","17":"tag-justice-et-faits-divers","18":"tag-marseille","19":"tag-news","20":"tag-pompier","21":"tag-provence-alpes-cote-dazur","22":"tag-republique-francaise","23":"tag-video","24":"tag-video-police"},"share_on_mastodon":{"url":"https:\/\/pubeurope.com\/@fr\/115084961077260967","error":""},"_links":{"self":[{"href":"https:\/\/www.europesays.com\/fr\/wp-json\/wp\/v2\/posts\/341081","targetHints":{"allow":["GET"]}}],"collection":[{"href":"https:\/\/www.europesays.com\/fr\/wp-json\/wp\/v2\/posts"}],"about":[{"href":"https:\/\/www.europesays.com\/fr\/wp-json\/wp\/v2\/types\/post"}],"author":[{"embeddable":true,"href":"https:\/\/www.europesays.com\/fr\/wp-json\/wp\/v2\/users\/2"}],"replies":[{"embeddable":true,"href":"https:\/\/www.europesays.com\/fr\/wp-json\/wp\/v2\/comments?post=341081"}],"version-history":[{"count":0,"href":"https:\/\/www.europesays.com\/fr\/wp-json\/wp\/v2\/posts\/341081\/revisions"}],"wp:featuredmedia":[{"embeddable":true,"href":"https:\/\/www.europesays.com\/fr\/wp-json\/wp\/v2\/media\/341082"}],"wp:attachment":[{"href":"https:\/\/www.europesays.com\/fr\/wp-json\/wp\/v2\/media?parent=341081"}],"wp:term":[{"taxonomy":"category","embeddable":true,"href":"https:\/\/www.europesays.com\/fr\/wp-json\/wp\/v2\/categories?post=341081"},{"taxonomy":"post_tag","embeddable":true,"href":"https:\/\/www.europesays.com\/fr\/wp-json\/wp\/v2\/tags?post=341081"}],"curies":[{"name":"wp","href":"https:\/\/api.w.org\/{rel}","templated":true}]}}