{"id":341083,"date":"2025-08-24T17:38:15","date_gmt":"2025-08-24T17:38:15","guid":{"rendered":"https:\/\/www.europesays.com\/fr\/341083\/"},"modified":"2025-08-24T17:38:15","modified_gmt":"2025-08-24T17:38:15","slug":"la-premiere-salle-de-sport-entierement-dediee-aux-pmr-cherche-un-nouveau-local","status":"publish","type":"post","link":"https:\/\/www.europesays.com\/fr\/341083\/","title":{"rendered":"La premi\u00e8re salle de sport enti\u00e8rement d\u00e9di\u00e9e aux PMR cherche un nouveau local"},"content":{"rendered":"<p>Si vous prenez la rue de Saint-Cloud, qui m\u00e8ne aux b\u00e2timents de l\u2019\u00c9cole Normale Sup\u00e9rieure (ENS) de Lyon, vous trouverez, nich\u00e9e dans un coin de la place de l\u2018\u00c9cole, un petit local surmont\u00e9 des lettres \u201cS.P.O.R.T.\u201d auquel l\u2019on pr\u00eate difficilement attention. Pourtant, s\u2019y cache une v\u00e9ritable oasis pour ses adh\u00e9rents\u00a0: la premi\u00e8re salle de sport en France enti\u00e8rement d\u00e9di\u00e9e aux personnes \u00e0 mobilit\u00e9 r\u00e9duite.<\/p>\n<p>\u00c0 son origine, on retrouve le projet un peu fou d\u2019 <a href=\"https:\/\/www.leprogres.fr\/rhone\/2016\/10\/12\/vance-bergeron-physicien-et-cycliste-bionique\" target=\"_blank\" rel=\"noopener\">un chercheur devenu t\u00e9trapl\u00e9gique incomplet<\/a> au d\u00e9tour de la vie (lire par ailleurs), qui a d\u00e9cid\u00e9 d\u2019exp\u00e9rimenter la technologie de l\u2019\u00e9lectrostimulation fonctionnelle sur lui-m\u00eame, via des machines adapt\u00e9es par ses soins. Le principe est simple\u00a0: remplacer le signal \u00e9lectrique qui&#8230;<\/p>\n","protected":false},"excerpt":{"rendered":"Si vous prenez la rue de Saint-Cloud, qui m\u00e8ne aux b\u00e2timents de l\u2019\u00c9cole Normale Sup\u00e9rieure (ENS) de Lyon,&hellip;\n","protected":false},"author":2,"featured_media":341084,"comment_status":"","ping_status":"","sticky":false,"template":"","format":"standard","meta":{"footnotes":""},"categories":[1889],"tags":[1111,11,2430,2757,1777,674,1011,27,8471,2428,2756,12,25,2429,517],"class_list":{"0":"post-341083","1":"post","2":"type-post","3":"status-publish","4":"format-standard","5":"has-post-thumbnail","7":"category-lyon","8":"tag-actu","9":"tag-actualites","10":"tag-auvergne-rhone-alpes","11":"tag-edition-lyon-villeurbanne","12":"tag-eu","13":"tag-europe","14":"tag-fr","15":"tag-france","16":"tag-handisport","17":"tag-lyon","18":"tag-lyon-bassin","19":"tag-news","20":"tag-republique-francaise","21":"tag-rhone","22":"tag-sport"},"share_on_mastodon":{"url":"https:\/\/pubeurope.com\/@fr\/115084964974918170","error":""},"_links":{"self":[{"href":"https:\/\/www.europesays.com\/fr\/wp-json\/wp\/v2\/posts\/341083","targetHints":{"allow":["GET"]}}],"collection":[{"href":"https:\/\/www.europesays.com\/fr\/wp-json\/wp\/v2\/posts"}],"about":[{"href":"https:\/\/www.europesays.com\/fr\/wp-json\/wp\/v2\/types\/post"}],"author":[{"embeddable":true,"href":"https:\/\/www.europesays.com\/fr\/wp-json\/wp\/v2\/users\/2"}],"replies":[{"embeddable":true,"href":"https:\/\/www.europesays.com\/fr\/wp-json\/wp\/v2\/comments?post=341083"}],"version-history":[{"count":0,"href":"https:\/\/www.europesays.com\/fr\/wp-json\/wp\/v2\/posts\/341083\/revisions"}],"wp:featuredmedia":[{"embeddable":true,"href":"https:\/\/www.europesays.com\/fr\/wp-json\/wp\/v2\/media\/341084"}],"wp:attachment":[{"href":"https:\/\/www.europesays.com\/fr\/wp-json\/wp\/v2\/media?parent=341083"}],"wp:term":[{"taxonomy":"category","embeddable":true,"href":"https:\/\/www.europesays.com\/fr\/wp-json\/wp\/v2\/categories?post=341083"},{"taxonomy":"post_tag","embeddable":true,"href":"https:\/\/www.europesays.com\/fr\/wp-json\/wp\/v2\/tags?post=341083"}],"curies":[{"name":"wp","href":"https:\/\/api.w.org\/{rel}","templated":true}]}}