{"id":341085,"date":"2025-08-24T17:39:13","date_gmt":"2025-08-24T17:39:13","guid":{"rendered":"https:\/\/www.europesays.com\/fr\/341085\/"},"modified":"2025-08-24T17:39:13","modified_gmt":"2025-08-24T17:39:13","slug":"exit-fofana-une-pepite-de-lol-en-route-vers-la-bundesliga","status":"publish","type":"post","link":"https:\/\/www.europesays.com\/fr\/341085\/","title":{"rendered":"Exit Fofana ! Une p\u00e9pite de l&rsquo;OL en route vers la Bundesliga"},"content":{"rendered":"<p>L\u2019Olympique Lyonnais, en qu\u00eate d\u2019\u00e9quilibre sportif et financier, poursuit son mercato estival mouvement\u00e9. Apr\u00e8s plusieurs d\u00e9parts majeurs, un nouveau dossier agite le club rhodanien. <a href=\"https:\/\/www.goal.com\/fr\/listes\/mercato-ol-le-plan-deroutant-d-arsenal-pour-s-offrir-malick-fofana\/blt2284dc14b0d5a503\" target=\"_self\" rel=\"noopener\">Cette fois, il s\u2019agit d\u2019un jeune talent d\u00e9j\u00e0 tr\u00e8s courtis\u00e9 en France et d\u00e9sormais proche de franchir un cap dans sa carri\u00e8re.\u00a0<\/a>Alors que les regards se portent sur l\u2019avenir de plusieurs cadres, une op\u00e9ration pourrait bien surprendre les supporters lyonnais et ouvrir une nouvelle page de son histoire.<\/p>\n<p>Recommended external contentVideoWe need your consent to show you content our Editorial team embedded from Video. You can toggle this (and all other embeds from Video across goal.com) on with one click only and deactivate as well.Always display Video contentI confirm that I would like to see external content. Personal identifiable data could be transferred to Third parties. <a href=\"https:\/\/www.goal.com\/fr\/l%C3%A9gal\/politique-priv%C3%A9e\" target=\"_blank\" rel=\"noreferrer noopener\">Read more about it in our privacy policy<\/a>.<\/p>\n","protected":false},"excerpt":{"rendered":"L\u2019Olympique Lyonnais, en qu\u00eate d\u2019\u00e9quilibre sportif et financier, poursuit son mercato estival mouvement\u00e9. Apr\u00e8s plusieurs d\u00e9parts majeurs, un&hellip;\n","protected":false},"author":2,"featured_media":341086,"comment_status":"","ping_status":"","sticky":false,"template":"","format":"standard","meta":{"footnotes":""},"categories":[1889],"tags":[1111,11,2430,69,1777,674,1011,27,66,2428,47732,47734,884,47730,1434,12,25,47731,28401,7068,47735,47733],"class_list":{"0":"post-341085","1":"post","2":"type-post","3":"status-publish","4":"format-standard","5":"has-post-thumbnail","7":"category-lyon","8":"tag-actu","9":"tag-actualites","10":"tag-auvergne-rhone-alpes","11":"tag-bundesliga","12":"tag-eu","13":"tag-europe","14":"tag-fr","15":"tag-france","16":"tag-ligue-1","17":"tag-lyon","18":"tag-lyon-vs-marseille","19":"tag-mainz-05","20":"tag-marseille","21":"tag-mayence","22":"tag-mercato","23":"tag-news","24":"tag-republique-francaise","25":"tag-s-kumbedi","26":"tag-transfers","27":"tag-wolfsburg","28":"tag-wolfsburg-vs-mainz-05","29":"tag-wolfsburg-vs-mayence"},"share_on_mastodon":{"url":"https:\/\/pubeurope.com\/@fr\/115084968915462678","error":""},"_links":{"self":[{"href":"https:\/\/www.europesays.com\/fr\/wp-json\/wp\/v2\/posts\/341085","targetHints":{"allow":["GET"]}}],"collection":[{"href":"https:\/\/www.europesays.com\/fr\/wp-json\/wp\/v2\/posts"}],"about":[{"href":"https:\/\/www.europesays.com\/fr\/wp-json\/wp\/v2\/types\/post"}],"author":[{"embeddable":true,"href":"https:\/\/www.europesays.com\/fr\/wp-json\/wp\/v2\/users\/2"}],"replies":[{"embeddable":true,"href":"https:\/\/www.europesays.com\/fr\/wp-json\/wp\/v2\/comments?post=341085"}],"version-history":[{"count":0,"href":"https:\/\/www.europesays.com\/fr\/wp-json\/wp\/v2\/posts\/341085\/revisions"}],"wp:featuredmedia":[{"embeddable":true,"href":"https:\/\/www.europesays.com\/fr\/wp-json\/wp\/v2\/media\/341086"}],"wp:attachment":[{"href":"https:\/\/www.europesays.com\/fr\/wp-json\/wp\/v2\/media?parent=341085"}],"wp:term":[{"taxonomy":"category","embeddable":true,"href":"https:\/\/www.europesays.com\/fr\/wp-json\/wp\/v2\/categories?post=341085"},{"taxonomy":"post_tag","embeddable":true,"href":"https:\/\/www.europesays.com\/fr\/wp-json\/wp\/v2\/tags?post=341085"}],"curies":[{"name":"wp","href":"https:\/\/api.w.org\/{rel}","templated":true}]}}