{"id":341089,"date":"2025-08-24T17:41:10","date_gmt":"2025-08-24T17:41:10","guid":{"rendered":"https:\/\/www.europesays.com\/fr\/341089\/"},"modified":"2025-08-24T17:41:10","modified_gmt":"2025-08-24T17:41:10","slug":"quelle-meteo-pour-paris-et-lile-de-france","status":"publish","type":"post","link":"https:\/\/www.europesays.com\/fr\/341089\/","title":{"rendered":"quelle m\u00e9t\u00e9o pour Paris et l&rsquo;\u00cele-de-France\u00a0?"},"content":{"rendered":"<p>            Par<br \/>\n        <strong><br \/>\n            <a href=\"https:\/\/actu.fr\/auteur\/thomas-martin\" title=\"Consulter tous les articles de Thomas Martin\" target=\"_blank\" rel=\"noopener\">Thomas Martin<\/a><br \/>\n        <\/strong><\/p>\n<p>        Publi\u00e9 le<\/p>\n<p>            24 ao\u00fbt 2025 \u00e0 18h41        <\/p>\n<p>Le week-end des samedi 23 et dimanche 24 ao\u00fbt se termine avec le soleil et des temp\u00e9ratures tr\u00e8s agr\u00e9ables \u00e0 Paris et en \u00cele-de-France. Pourtant <a href=\"https:\/\/actu.fr\/meteo\/orages-fort-vent-succession-de-vagues-pluvieuses-la-meteo-s-annonce-agitee-des-mercredi-les-previsions_63068386.html\" target=\"_blank\" rel=\"noopener\">la m\u00e9t\u00e9o s\u2019annonce agit\u00e9e<\/a> la semaine prochaine sur plusieurs r\u00e9gions avec \u00e0 la manoeuvre l\u2019ex-<a href=\"https:\/\/actu.fr\/meteo\/une-tempete-explosive-comment-l-ouragan-erin-peut-se-transformer-pres-de-la-france-la-semaine-prochaine_63056753.html\" target=\"_blank\" rel=\"noopener\">ouragan Erin<\/a> qui pourrait bien \u00eatre la cause d\u2019une d\u00e9gradation du temps sur l\u2019Hexagone. A quoi s\u2019attendre en \u00cele-de-France ?\u00a0<\/p>\n<p>\u00ab\u00a0Gros orages, pluies abondantes et peut-\u00eatre des temp\u00eates\u00a0\u00bb<\/p>\n<p class=\" wall-content\">Selon le site <a href=\"https:\/\/www.meteo-paris.com\/actualites\/consequences-d-erin-vigilance-orages-et-pluies-abondantes-a-surveiller-pour-mercredi-et-jeudi\" target=\"_blank\" rel=\"noopener\">M\u00e9t\u00e9o Paris<\/a>, ce week-end pr\u00e9c\u00e8de \u00ab\u00a0une semaine tr\u00e8s contrast\u00e9e avec probablement de gros orages, des pluies abondantes et peut-\u00eatre des temp\u00eates\u00a0\u00bb. Rien \u00e0 craindre en d\u00e9but de semaine qui sera marqu\u00e9 dans la capitale et les autres d\u00e9partements franciliens par un large soleil et des temp\u00e9ratures avoisinant les 30\u00b0C dans l\u2019apr\u00e8s-midi. Mardi, il y aura certes quelques nuages qui devraient faire leur apparition et quelques gouttes possibles dans les Yvelines mais rien de grave.\u00a0<\/p>\n<p class=\" wall-content\">\n<p class=\" wall-content\">En revanche, mercredi les choses devraient se g\u00e2ter. Selon M\u00e9t\u00e9o Paris, \u00ab\u00a0un conflit important aura lieu sur la France, et des lignes d\u2019orages se formeront, balayant notamment les r\u00e9gions de l\u2019Est (aliment\u00e9es par l\u2019air m\u00e9diterran\u00e9en chaud et humide)\u00a0\u00bb. R\u00e9sultat, de \u00ab\u00a0fortes pr\u00e9cipitations orageuses et instables\u00a0\u00bb sont \u00e0 craindre entre les Pyr\u00e9n\u00e9es les r\u00e9gions m\u00e9diterran\u00e9ennes et l\u2019Alsace. Les Franciliens ne semblent rien avoir \u00e0 craindre pour l\u2019instant selon les pr\u00e9visions de <a href=\"https:\/\/actu.fr\/tag\/meteo-france\" target=\"_blank\" rel=\"noopener\">M\u00e9t\u00e9o-France<\/a> : les nuages devraient \u00eatre nombreux mais sans \u00eatre accompagn\u00e9s de pr\u00e9cipitations alors qu\u2019un une vigilance aux orages et aux pluies abondantes pourrait \u00eatre \u00e9mise dans le Sud-est entre mercredi soir et jeudi matin.<\/p>\n<p class=\" wall-content\">Les averses sont pr\u00e9vues jeudi sur l\u2019\u00cele-de-France, accompagn\u00e9es de quelques \u00e9claircies mais aucun orage \u00e0 l\u2019heure actuelle \u00e0 l\u2019horizon. La journ\u00e9e de vendredi devrait \u00e9galement \u00eatre marqu\u00e9e par la pluie et le week-end ne s\u2019annonce pour l\u2019instant pas tr\u00e8s r\u00e9jouissant avant de d\u00e9buter le mois de septembre.\u00a0<\/p>\n<p class=\" wall-content\">Personnalisez votre actualit\u00e9 en ajoutant vos villes et m\u00e9dias en favori avec <a href=\"https:\/\/moncompte.actu.fr\" title=\"D\u00e9couvez Mon Actu\" rel=\"nofollow noopener\" data-trk=\"{&quot;cta&quot;:{&quot;action&quot;:&quot;https:\\\/\\\/moncompte.actu.fr&quot;,&quot;category&quot;:&quot;mon compte&quot;,&quot;from&quot;:&quot;article footer&quot;,&quot;name&quot;:&quot;Mon actu&quot;,&quot;type&quot;:&quot;cta&quot;}}\" target=\"_blank\">Mon Actu<\/a>.<\/p>\n","protected":false},"excerpt":{"rendered":"Par Thomas Martin Publi\u00e9 le 24 ao\u00fbt 2025 \u00e0 18h41 Le week-end des samedi 23 et dimanche 24&hellip;\n","protected":false},"author":2,"featured_media":341090,"comment_status":"","ping_status":"","sticky":false,"template":"","format":"standard","meta":{"footnotes":""},"categories":[1592],"tags":[1111,11,1777,674,1011,27,662,2487,2357,12,4594,626,25],"class_list":{"0":"post-341089","1":"post","2":"type-post","3":"status-publish","4":"format-standard","5":"has-post-thumbnail","7":"category-ile-de-france","8":"tag-actu","9":"tag-actualites","10":"tag-eu","11":"tag-europe","12":"tag-fr","13":"tag-france","14":"tag-ile-de-france","15":"tag-meteo","16":"tag-meteo-france","17":"tag-news","18":"tag-orages","19":"tag-paris","20":"tag-republique-francaise"},"share_on_mastodon":{"url":"https:\/\/pubeurope.com\/@fr\/115084976716758454","error":""},"_links":{"self":[{"href":"https:\/\/www.europesays.com\/fr\/wp-json\/wp\/v2\/posts\/341089","targetHints":{"allow":["GET"]}}],"collection":[{"href":"https:\/\/www.europesays.com\/fr\/wp-json\/wp\/v2\/posts"}],"about":[{"href":"https:\/\/www.europesays.com\/fr\/wp-json\/wp\/v2\/types\/post"}],"author":[{"embeddable":true,"href":"https:\/\/www.europesays.com\/fr\/wp-json\/wp\/v2\/users\/2"}],"replies":[{"embeddable":true,"href":"https:\/\/www.europesays.com\/fr\/wp-json\/wp\/v2\/comments?post=341089"}],"version-history":[{"count":0,"href":"https:\/\/www.europesays.com\/fr\/wp-json\/wp\/v2\/posts\/341089\/revisions"}],"wp:featuredmedia":[{"embeddable":true,"href":"https:\/\/www.europesays.com\/fr\/wp-json\/wp\/v2\/media\/341090"}],"wp:attachment":[{"href":"https:\/\/www.europesays.com\/fr\/wp-json\/wp\/v2\/media?parent=341089"}],"wp:term":[{"taxonomy":"category","embeddable":true,"href":"https:\/\/www.europesays.com\/fr\/wp-json\/wp\/v2\/categories?post=341089"},{"taxonomy":"post_tag","embeddable":true,"href":"https:\/\/www.europesays.com\/fr\/wp-json\/wp\/v2\/tags?post=341089"}],"curies":[{"name":"wp","href":"https:\/\/api.w.org\/{rel}","templated":true}]}}