{"id":341091,"date":"2025-08-24T17:42:16","date_gmt":"2025-08-24T17:42:16","guid":{"rendered":"https:\/\/www.europesays.com\/fr\/341091\/"},"modified":"2025-08-24T17:42:16","modified_gmt":"2025-08-24T17:42:16","slug":"metro-de-paris-insolite-metropolitor-bb27000-ces-trainfluenceurs-fans-du-metro-et-stars-des-reseaux","status":"publish","type":"post","link":"https:\/\/www.europesays.com\/fr\/341091\/","title":{"rendered":"M\u00e9tro de Paris Insolite, M\u00e9tropolitor, @BB27000\u2026 Ces \u00ab\u00a0trainfluenceurs\u00a0\u00bb fans du m\u00e9tro et stars des r\u00e9seaux"},"content":{"rendered":"<p class=\"paragraph text_align_left lp-f-body-02\">Ils font partie d\u2019une communaut\u00e9 : les passionn\u00e9s du ferroviaire, aussi appel\u00e9s <a href=\"https:\/\/www.leparisien.fr\/seine-et-marne-77\/ces-passions-envahissantes-guillaume-cheminot-et-ferrovipathe-a-mis-sa-vie-sur-des-rails-09-08-2023-FPKHCVKPVBF67BV7LFNUC3EEIE.php\" target=\"_blank\" rel=\"noreferrer noopener\">\u00ab ferrovipathes \u00bb<\/a>. \u00c9vitez toutefois de les nommer de la sorte, certains n\u2019appr\u00e9cient pas. Pr\u00e9f\u00e9rez \u00ab trainfluenceurs \u00bb. Le terme d\u00e9signe des f\u00e9rus du m\u00e9tro et du train qui partagent leurs connaissances sur les r\u00e9seaux sociaux, le tout b\u00e9n\u00e9volement. Rencontre avec trois d\u2019entre eux.<\/p>\n","protected":false},"excerpt":{"rendered":"Ils font partie d\u2019une communaut\u00e9 : les passionn\u00e9s du ferroviaire, aussi appel\u00e9s \u00ab ferrovipathes \u00bb. \u00c9vitez toutefois de&hellip;\n","protected":false},"author":2,"featured_media":341092,"comment_status":"","ping_status":"","sticky":false,"template":"","format":"standard","meta":{"footnotes":""},"categories":[1888],"tags":[1111,1928,11,1927,1777,674,1011,27,1944,12,1926,626,1925,25,2382],"class_list":{"0":"post-341091","1":"post","2":"type-post","3":"status-publish","4":"format-standard","5":"has-post-thumbnail","7":"category-paris","8":"tag-actu","9":"tag-actu-paris","10":"tag-actualites","11":"tag-actualites-paris","12":"tag-eu","13":"tag-europe","14":"tag-fr","15":"tag-france","16":"tag-ma-ville","17":"tag-news","18":"tag-news-paris","19":"tag-paris","20":"tag-paris-news","21":"tag-republique-francaise","22":"tag-transport-idf-oise"},"share_on_mastodon":{"url":"https:\/\/pubeurope.com\/@fr\/115084980728225967","error":""},"_links":{"self":[{"href":"https:\/\/www.europesays.com\/fr\/wp-json\/wp\/v2\/posts\/341091","targetHints":{"allow":["GET"]}}],"collection":[{"href":"https:\/\/www.europesays.com\/fr\/wp-json\/wp\/v2\/posts"}],"about":[{"href":"https:\/\/www.europesays.com\/fr\/wp-json\/wp\/v2\/types\/post"}],"author":[{"embeddable":true,"href":"https:\/\/www.europesays.com\/fr\/wp-json\/wp\/v2\/users\/2"}],"replies":[{"embeddable":true,"href":"https:\/\/www.europesays.com\/fr\/wp-json\/wp\/v2\/comments?post=341091"}],"version-history":[{"count":0,"href":"https:\/\/www.europesays.com\/fr\/wp-json\/wp\/v2\/posts\/341091\/revisions"}],"wp:featuredmedia":[{"embeddable":true,"href":"https:\/\/www.europesays.com\/fr\/wp-json\/wp\/v2\/media\/341092"}],"wp:attachment":[{"href":"https:\/\/www.europesays.com\/fr\/wp-json\/wp\/v2\/media?parent=341091"}],"wp:term":[{"taxonomy":"category","embeddable":true,"href":"https:\/\/www.europesays.com\/fr\/wp-json\/wp\/v2\/categories?post=341091"},{"taxonomy":"post_tag","embeddable":true,"href":"https:\/\/www.europesays.com\/fr\/wp-json\/wp\/v2\/tags?post=341091"}],"curies":[{"name":"wp","href":"https:\/\/api.w.org\/{rel}","templated":true}]}}