{"id":341093,"date":"2025-08-24T17:43:10","date_gmt":"2025-08-24T17:43:10","guid":{"rendered":"https:\/\/www.europesays.com\/fr\/341093\/"},"modified":"2025-08-24T17:43:10","modified_gmt":"2025-08-24T17:43:10","slug":"lidee-cest-de-se-marrer-alex-vizorek-ressuscite-le-mythique-jeu-quitte-ou-double-sur-rtl","status":"publish","type":"post","link":"https:\/\/www.europesays.com\/fr\/341093\/","title":{"rendered":"\u00ab\u00a0L\u2019id\u00e9e c\u2019est de se marrer\u00a0\u00bb\u00a0: Alex Vizorek ressuscite le mythique jeu \u00ab\u00a0Quitte ou double\u00a0\u00bb sur RTL"},"content":{"rendered":"<p class=\"paragraph text_align_left lp-f-body-02\">Pas de stress palpable. Dans le studio au sous-sol des locaux de RTL, la grosse pile de fiches devant lui le rassure. \u00ab Mais il y a beaucoup de questions aussi \u00bb, sourit <a href=\"https:\/\/www.leparisien.fr\/culture-loisirs\/humour\/alex-vizorek-lance-une-mini-tournee-en-mode-stand-up-lidee-cest-daller-au-combat-06-06-2025-2BJKYEC6YRDWBGTV44VNDCYAEU.php\" target=\"_blank\" rel=\"noreferrer nofollow noopener\">Alex Vizorek<\/a>. Devant lui, une vingtaine de spectateurs se pressent, ravis de participer au grand retour de \u00ab Quitte ou double \u00bb, jeu historique de l\u2019antenne de la station, cr\u00e9\u00e9 dans les ann\u00e9es 1950, que l\u2019humoriste relance du lundi au vendredi de 12 heures \u00e0 12h30. \u00ab L\u2019id\u00e9e, c\u2019est de se marrer, d\u2019apprendre des choses et d\u2019\u00eatre au contact des auditeurs \u00bb, r\u00e9sume Gauthier Hourcade, directeur des programmes.<\/p>\n<p class=\"paragraph text_align_left lp-f-body-02\">\u00ab J\u2019avais entendu que RTL voulait relancer un jeu, ce qui \u00e9tait une bonne id\u00e9e. Mais je n\u2019avais jamais imagin\u00e9 le faire \u00bb, confie l\u2019animateur de 43 ans. Pourtant, c\u2019est lors d\u2019une repr\u00e9sentation de son spectacle que tout va basculer. \u00ab Je suis descendu dans la salle et j\u2019ai \u00e9chang\u00e9 avec un enfant, un exercice o\u00f9 il faut \u00eatre vif d\u2019esprit car il peut r\u00e9pondre tout et n\u2019importe quoi. Cyprien Cini (directeur de l\u2019antenne de RTL) \u00e9tait l\u00e0 et, quelques jours plus tard, il m\u2019a dit qu\u2019il avait beaucoup aim\u00e9 et qu\u2019il voulait me confier les commandes de Quitte ou double \u00bb, confie celui qui, amus\u00e9, remercie RTL pour \u00ab son inconscience professionnelle. \u00bb<\/p>\n","protected":false},"excerpt":{"rendered":"Pas de stress palpable. Dans le studio au sous-sol des locaux de RTL, la grosse pile de fiches&hellip;\n","protected":false},"author":2,"featured_media":341094,"comment_status":"","ping_status":"","sticky":false,"template":"","format":"standard","meta":{"footnotes":""},"categories":[1888],"tags":[1111,1928,11,1927,872,1777,674,1011,27,12,1926,626,1925,25,2205],"class_list":{"0":"post-341093","1":"post","2":"type-post","3":"status-publish","4":"format-standard","5":"has-post-thumbnail","7":"category-paris","8":"tag-actu","9":"tag-actu-paris","10":"tag-actualites","11":"tag-actualites-paris","12":"tag-culture-et-loisirs","13":"tag-eu","14":"tag-europe","15":"tag-fr","16":"tag-france","17":"tag-news","18":"tag-news-paris","19":"tag-paris","20":"tag-paris-news","21":"tag-republique-francaise","22":"tag-television-medias"},"share_on_mastodon":{"url":"https:\/\/pubeurope.com\/@fr\/115084984611255846","error":""},"_links":{"self":[{"href":"https:\/\/www.europesays.com\/fr\/wp-json\/wp\/v2\/posts\/341093","targetHints":{"allow":["GET"]}}],"collection":[{"href":"https:\/\/www.europesays.com\/fr\/wp-json\/wp\/v2\/posts"}],"about":[{"href":"https:\/\/www.europesays.com\/fr\/wp-json\/wp\/v2\/types\/post"}],"author":[{"embeddable":true,"href":"https:\/\/www.europesays.com\/fr\/wp-json\/wp\/v2\/users\/2"}],"replies":[{"embeddable":true,"href":"https:\/\/www.europesays.com\/fr\/wp-json\/wp\/v2\/comments?post=341093"}],"version-history":[{"count":0,"href":"https:\/\/www.europesays.com\/fr\/wp-json\/wp\/v2\/posts\/341093\/revisions"}],"wp:featuredmedia":[{"embeddable":true,"href":"https:\/\/www.europesays.com\/fr\/wp-json\/wp\/v2\/media\/341094"}],"wp:attachment":[{"href":"https:\/\/www.europesays.com\/fr\/wp-json\/wp\/v2\/media?parent=341093"}],"wp:term":[{"taxonomy":"category","embeddable":true,"href":"https:\/\/www.europesays.com\/fr\/wp-json\/wp\/v2\/categories?post=341093"},{"taxonomy":"post_tag","embeddable":true,"href":"https:\/\/www.europesays.com\/fr\/wp-json\/wp\/v2\/tags?post=341093"}],"curies":[{"name":"wp","href":"https:\/\/api.w.org\/{rel}","templated":true}]}}