{"id":341099,"date":"2025-08-24T17:46:11","date_gmt":"2025-08-24T17:46:11","guid":{"rendered":"https:\/\/www.europesays.com\/fr\/341099\/"},"modified":"2025-08-24T17:46:11","modified_gmt":"2025-08-24T17:46:11","slug":"rentree-politique-de-bayrou-affaire-des-meurtres-de-choisy-frappes-ukrainiennes-en-russie-lactu-du-week-end-des-23-et-24-aout-liberation","status":"publish","type":"post","link":"https:\/\/www.europesays.com\/fr\/341099\/","title":{"rendered":"Rentr\u00e9e politique de Bayrou, affaire des meurtres de Choisy, frappes ukrainiennes en Russie\u2026 L\u2019actu du week-end des 23 et 24\u00a0ao\u00fbt \u2013 Lib\u00e9ration"},"content":{"rendered":"<p class=\"sc-ksZaOG ehjQrN text-element\">Chaque soir, la r\u00e9daction de Lib\u00e9 s\u00e9lectionne les actualit\u00e9s du jour qu\u2019il ne fallait pas rater en France et dans le reste du monde.<\/p>\n<p class=\"sc-ksZaOG ehjQrN text-element\">Le <a href=\"https:\/\/www.liberation.fr\/politique\/budget-2026-francois-bayrou-promet-de-passer-au-crible-et-supprimer-les-avantages-indus-des-responsables-politiques-20250822_NFDP3AFJJJB65N4PFPLFXYX5NU\/\" target=\"_blank\" rel=\"noopener\" title=\"https:\/\/www.liberation.fr\/politique\/budget-2026-francois-bayrou-promet-de-passer-au-crible-et-supprimer-les-avantages-indus-des-responsables-politiques-20250822_NFDP3AFJJJB65N4PFPLFXYX5NU\/\">Premier ministre<\/a> tiendra une conf\u00e9rence de presse ce lundi \u00e0 16 heures, a fait savoir Matignon durant le week-end. Elle interviendra alors que le chef du gouvernement aborde une rentr\u00e9e politique tr\u00e8s d\u00e9licate, marqu\u00e9e par la pr\u00e9paration du budget 2026, <a href=\"https:\/\/www.liberation.fr\/politique\/bloquons-tout-jean-luc-melenchon-appelle-a-la-greve-generale-le-10-septembre-20250822_I5RDGM3SLNDBVFTSAVOY37QKPU\/\" target=\"_blank\" rel=\"noopener\" title=\"https:\/\/www.liberation.fr\/politique\/bloquons-tout-jean-luc-melenchon-appelle-a-la-greve-generale-le-10-septembre-20250822_I5RDGM3SLNDBVFTSAVOY37QKPU\/\">les appels \u00e0 bloquer le pays le 10 septembre<\/a> et la menace d\u2019une motion de censure depuis la pr\u00e9sentation \u00e0 la mi-juillet d\u2019orientations budg\u00e9taires pr\u00e9voyant pr\u00e8s de 44 milliards d\u2019euros d\u2019\u00e9conomies l\u2019an prochain.<\/p>\n<p class=\"sc-ksZaOG ehjQrN text-element\">Les brumes de myst\u00e8re entourant la d\u00e9couverte des corps de quatre hommes dans la Seine, le 13 ao\u00fbt \u00e0 hauteur de Choisy-le-Roi (Val-de-Marne), commencent \u00e0 se dissiper. Et elles laissent entrevoir un possible tueur en s\u00e9rie. A l\u2019issue de quatre jours de garde \u00e0 vue, <a href=\"https:\/\/www.liberation.fr\/societe\/police-justice\/corps-retrouves-dans-la-seine-a-choisy-le-roi-le-suspect-mis-en-examen-pour-les-quatre-meurtres-20250824_LRCF3GMLQZBMNCO2JJJLF6DNSY\/\" target=\"_blank\" rel=\"noreferrer noopener\" title=\"https:\/\/www.liberation.fr\/societe\/police-justice\/corps-retrouves-dans-la-seine-a-choisy-le-roi-le-suspect-mis-en-examen-pour-les-quatre-meurtres-20250824_LRCF3GMLQZBMNCO2JJJLF6DNSY\/\">un homme sans-abri d\u2019une vingtaine d\u2019ann\u00e9es a \u00e9t\u00e9 pr\u00e9sent\u00e9 \u00e0 un juge<\/a> de Cr\u00e9teil ce dimanche et mis en examen pour meurtre. Les enqu\u00eateurs exploreraient la piste de crimes homophobes.<\/p>\n<p class=\"sc-ksZaOG ehjQrN text-element\">L\u2019homme de 52 ans \u00e0 la t\u00eate du parc de loisirs Tyrovol \u00e0 Port\u00e9-Puymorens (Pyr\u00e9n\u00e9es-Orientales), qui a refus\u00e9 l\u2019acc\u00e8s \u00e0 un groupe de 150 jeunes vacanciers isra\u00e9liens, <a href=\"https:\/\/www.liberation.fr\/societe\/police-justice\/israeliens-refoules-dun-parc-de-loisirs-des-pyrenees-orientales-le-gerant-mis-en-examen-20250823_BZCGWP366JFJXJIFGSRUYPRNHE\/\" target=\"_blank\" rel=\"noreferrer noopener\" title=\"https:\/\/www.liberation.fr\/societe\/police-justice\/israeliens-refoules-dun-parc-de-loisirs-des-pyrenees-orientales-le-gerant-mis-en-examen-20250823_BZCGWP366JFJXJIFGSRUYPRNHE\/\">a \u00e9t\u00e9 mis en examen samedi<\/a>. Il aurait d\u2019abord \u00e9voqu\u00e9 ses \u00abconvictions personnelles\u00bb aupr\u00e8s de plusieurs interlocuteurs, avant d\u2019affirmer lors de sa garde \u00e0 vue qu\u2019il avait plut\u00f4t agi de la sorte pour des questions de s\u00e9curit\u00e9.<\/p>\n<p class=\"sc-ksZaOG ehjQrN text-element\">Le leader de la France insoumise a estim\u00e9 que son mouvement <a href=\"https:\/\/www.liberation.fr\/politique\/exclusion-dun-journaliste-du-monde-par-lfi-jean-luc-melenchon-assume-20250823_M2YVGOT4M5CQLP5E2VIWDJZHLE\/\" target=\"_blank\" rel=\"noreferrer noopener\" title=\"https:\/\/www.liberation.fr\/politique\/exclusion-dun-journaliste-du-monde-par-lfi-jean-luc-melenchon-assume-20250823_M2YVGOT4M5CQLP5E2VIWDJZHLE\/\">avait \u00able droit de refuser\u00bb<\/a> une accr\u00e9ditation et a interpell\u00e9 \u00abla corporation\u00bb, en marge <a href=\"https:\/\/www.liberation.fr\/politique\/pourquoi-liberation-quitte-luniversite-dete-de-lfi-20250822_CG4PFLXC5FA55FYFFLVLHH76CQ\/\" target=\"_blank\" rel=\"noreferrer noopener\" title=\"https:\/\/www.liberation.fr\/politique\/pourquoi-liberation-quitte-luniversite-dete-de-lfi-20250822_CG4PFLXC5FA55FYFFLVLHH76CQ\/\">des universit\u00e9s d\u2019\u00e9t\u00e9 ce week-end<\/a>, marqu\u00e9es par les vives protestations des m\u00e9dias et des reporters sur place. Des r\u00e9criminations qui font suite au refus oppos\u00e9 par LFI \u00e0 la demande d\u2019accr\u00e9ditation du journaliste du Monde Olivier P\u00e9rou, co-auteur du livre, La Meute (Flammarion), avec Charlotte Bela\u00efch, journaliste \u00e0 Lib\u00e9ration, tr\u00e8s critique du fonctionnement de LFI.<\/p>\n<p class=\"sc-ksZaOG ehjQrN text-element\">En ce dimanche o\u00f9 elle c\u00e9l\u00e8bre son ind\u00e9pendance &#8211; notamment en pr\u00e9sence de l\u2019\u00e9missaire am\u00e9ricain de Donad Trump -, <a href=\"https:\/\/www.liberation.fr\/international\/europe\/lukraine-frappe-la-russie-provoquant-des-incendies-dans-une-centrale-nucleaire-et-un-port-petrolier-20250824_5X3GQWDYENCTDHGOGAR4SOE2P4\/\" target=\"_blank\" rel=\"noreferrer noopener\" title=\"https:\/\/www.liberation.fr\/international\/europe\/lukraine-frappe-la-russie-provoquant-des-incendies-dans-une-centrale-nucleaire-et-un-port-petrolier-20250824_5X3GQWDYENCTDHGOGAR4SOE2P4\/\">l\u2019Ukraine a lanc\u00e9 une s\u00e9rie d\u2019attaques aux drones sur le territoire russe<\/a>, provoquant des incendies dans une centrale nucl\u00e9aire et un terminal p\u00e9trolier. \u00abVoici comment l\u2019Ukraine r\u00e9agit lorsque ses appels \u00e0 la paix sont ignor\u00e9s\u00bb, a soulign\u00e9 le pr\u00e9sident Volodymyr Zelensky, alors que la perspective d\u2019une rencontre avec son homologue russe Vladimir Poutine s\u2019\u00e9loigne.<\/p>\n<p class=\"sc-ksZaOG ehjQrN text-element\"><b>Extr\u00eame droite : comment les identitaires se sont opportun\u00e9ment convertis au catholicisme<\/b><\/p>\n<p class=\"sc-ksZaOG ehjQrN text-element\">Hier pa\u00efens autoproclam\u00e9s, aujourd\u2019hui cathos \u00abtradi\u00bb : les identitaires se d\u00e9couvrent une ferveur religieuse. Du rejet du \u00abchristianisme oriental\u00bb \u00e0 l\u2019embrigadement sous la banni\u00e8re du Sacr\u00e9-C\u0153ur, l\u2019extr\u00eame droite fran\u00e7aise recycle la foi pour mieux nourrir son discours civilisationnel. <a href=\"https:\/\/www.liberation.fr\/politique\/extreme-droite-comment-les-identitaires-se-sont-opportunement-convertis-au-catholicisme-20250824_HLXSC2SEKVER5A5GHRY4DMKAWU\/\" target=\"_blank\" rel=\"noreferrer noopener\" title=\"https:\/\/www.liberation.fr\/politique\/extreme-droite-comment-les-identitaires-se-sont-opportunement-convertis-au-catholicisme-20250824_HLXSC2SEKVER5A5GHRY4DMKAWU\/\">Notre enqu\u00eate<\/a>.<\/p>\n<p class=\"sc-ksZaOG ehjQrN text-element\"><b>Palantir, un g\u00e9ant de l\u2019analyse de donn\u00e9es pris\u00e9 des services de renseignements et des grandes entreprises<\/b><\/p>\n<p class=\"sc-ksZaOG ehjQrN text-element\">Devenue un v\u00e9ritable mastodonte de la tech am\u00e9ricaine, la soci\u00e9t\u00e9, qui vend ses outils d\u2019intelligence artificielle \u00e0 travers le monde, conna\u00eet des r\u00e9sultats financiers exceptionnels, que ses dirigeants veulent utiliser pour d\u00e9fendre une certaine vision de l\u2019Occident. <a href=\"https:\/\/www.liberation.fr\/economie\/economie-numerique\/palantir-un-geant-de-lanalyse-de-donnees-prise-des-services-de-renseignements-et-des-grandes-entreprises-20250824_FEH4GGSPONA5BONKFZUG2RVU2U\/\" target=\"_blank\" rel=\"noreferrer noopener\" title=\"https:\/\/www.liberation.fr\/economie\/economie-numerique\/palantir-un-geant-de-lanalyse-de-donnees-prise-des-services-de-renseignements-et-des-grandes-entreprises-20250824_FEH4GGSPONA5BONKFZUG2RVU2U\/\">D\u00e9cryptage.<\/a><\/p>\n<p class=\"sc-ksZaOG ehjQrN text-element\"><b>En Angleterre, les migrants en bouc \u00e9missaire des souffrances sociales<\/b><\/p>\n<p class=\"sc-ksZaOG ehjQrN text-element\">Une trentaine de manifestations anti-immigration \u00e9taient pr\u00e9vues ce week-end, alors que les h\u00f4tels o\u00f9 sont temporairement log\u00e9s les demandeurs d\u2019asile deviennent les cibles d\u2019un ressentiment de plus en plus visible. <a href=\"https:\/\/www.liberation.fr\/international\/europe\/en-angleterre-les-migrants-en-bouc-emissaire-des-souffrances-sociales-20250824_FIOYNU7XN5EHPLNHOCIESU5B4I\/\" target=\"_blank\" rel=\"noreferrer noopener\" title=\"https:\/\/www.liberation.fr\/international\/europe\/en-angleterre-les-migrants-en-bouc-emissaire-des-souffrances-sociales-20250824_FIOYNU7XN5EHPLNHOCIESU5B4I\/\">De notre correspondante \u00e0 Londres.<\/a><\/p>\n","protected":false},"excerpt":{"rendered":"Chaque soir, la r\u00e9daction de Lib\u00e9 s\u00e9lectionne les actualit\u00e9s du jour qu\u2019il ne fallait pas rater en France&hellip;\n","protected":false},"author":2,"featured_media":341100,"comment_status":"","ping_status":"","sticky":false,"template":"","format":"standard","meta":{"footnotes":""},"categories":[1591],"tags":[47736,11,118,1887,431,12,4702,1885,1886,132,297],"class_list":{"0":"post-341099","1":"post","2":"type-post","3":"status-publish","4":"format-standard","5":"has-post-thumbnail","7":"category-russie","8":"tag-13-novembre-un-an-apres","9":"tag-actualites","10":"tag-faits-divers","11":"tag-federation-de-russie","12":"tag-francois-bayrou","13":"tag-news","14":"tag-recap-actu","15":"tag-russia","16":"tag-russian-federation","17":"tag-russie","18":"tag-ukraine-la-crise"},"share_on_mastodon":{"url":"https:\/\/pubeurope.com\/@fr\/115084996394987800","error":""},"_links":{"self":[{"href":"https:\/\/www.europesays.com\/fr\/wp-json\/wp\/v2\/posts\/341099","targetHints":{"allow":["GET"]}}],"collection":[{"href":"https:\/\/www.europesays.com\/fr\/wp-json\/wp\/v2\/posts"}],"about":[{"href":"https:\/\/www.europesays.com\/fr\/wp-json\/wp\/v2\/types\/post"}],"author":[{"embeddable":true,"href":"https:\/\/www.europesays.com\/fr\/wp-json\/wp\/v2\/users\/2"}],"replies":[{"embeddable":true,"href":"https:\/\/www.europesays.com\/fr\/wp-json\/wp\/v2\/comments?post=341099"}],"version-history":[{"count":0,"href":"https:\/\/www.europesays.com\/fr\/wp-json\/wp\/v2\/posts\/341099\/revisions"}],"wp:featuredmedia":[{"embeddable":true,"href":"https:\/\/www.europesays.com\/fr\/wp-json\/wp\/v2\/media\/341100"}],"wp:attachment":[{"href":"https:\/\/www.europesays.com\/fr\/wp-json\/wp\/v2\/media?parent=341099"}],"wp:term":[{"taxonomy":"category","embeddable":true,"href":"https:\/\/www.europesays.com\/fr\/wp-json\/wp\/v2\/categories?post=341099"},{"taxonomy":"post_tag","embeddable":true,"href":"https:\/\/www.europesays.com\/fr\/wp-json\/wp\/v2\/tags?post=341099"}],"curies":[{"name":"wp","href":"https:\/\/api.w.org\/{rel}","templated":true}]}}