{"id":341103,"date":"2025-08-24T17:48:10","date_gmt":"2025-08-24T17:48:10","guid":{"rendered":"https:\/\/www.europesays.com\/fr\/341103\/"},"modified":"2025-08-24T17:48:10","modified_gmt":"2025-08-24T17:48:10","slug":"les-etats-unis-prennent-10-du-capital-dintel","status":"publish","type":"post","link":"https:\/\/www.europesays.com\/fr\/341103\/","title":{"rendered":"Les \u00c9tats-Unis prennent 10% du capital d\u2019Intel"},"content":{"rendered":"<p>Cette prise de participation, pour un montant de 11\u00a0milliards de dollars, serait une conversion des subventions touch\u00e9es par le fabricant de semi-conducteurs. Mais sa l\u00e9galit\u00e9 pourrait \u00eatre contest\u00e9e.<\/p>\n<p class=\"fig-paragraph\">\u00ab\u00a0Deal\u00a0\u00bb \u00e0 Washington entre Intel et Donald Trump.\u00a0<a href=\"http:\/\/www.lefigaro.fr\/conjoncture\/intel-a-accepte-de-ceder-10-de-ses-actions-au-gouvernement-americain-affirme-donald-trump-20250822\" data-fig-type=\"NewsFlash\" data-gtm-custom-categorie=\"navigation\" data-gtm-custom-action=\"crossclick\" data-gtm-custom-label=\"Contextuel\" data-gtm-event=\"customEventSPE\" data-fig-domain=\"LEFIGARO\" rel=\"nofollow noopener\" target=\"_blank\">Le pr\u00e9sident des \u00c9tats-Unis a affirm\u00e9 que l\u2019entreprise am\u00e9ricaine de semi-conducteurs avait \u00ab\u00a0accept\u00e9\u00a0\u00bb de c\u00e9der 10\u00a0%<\/a>\u00a0de ses actions \u00e0 l\u2019\u00c9tat am\u00e9ricain, en contrepartie des subventions pr\u00e9vues par son pr\u00e9d\u00e9cesseur Joe Biden pour ce secteur strat\u00e9gique. \u00ab\u00a0C\u2019est un grand accord pour les \u00c9tats-Unis et pour Intel\u00a0\u00bb, s\u2019est f\u00e9licit\u00e9 le locataire de la Maison-Blanche,\u00a0<a href=\"http:\/\/www.lefigaro.fr\/secteur\/high-tech\/trump-demande-la-demission-du-patron-du-geant-americain-intel-20250807\" data-fig-type=\"NewsFlash\" data-gtm-custom-categorie=\"navigation\" data-gtm-custom-action=\"crossclick\" data-gtm-custom-label=\"Contextuel\" data-gtm-event=\"customEventSPE\" data-fig-domain=\"LEFIGARO\" rel=\"nofollow noopener\" target=\"_blank\">quelques semaines apr\u00e8s avoir demand\u00e9 la d\u00e9mission du PDG de la firme californienne, Lip-Bu Tan.<\/a><\/p>\n<p class=\"fig-paragraph\">La loi Chips, qui permet de subventionner l\u2019industrie des semi-conducteurs, pourrait toutefois ne pas permettre au gouvernement de convertir ses subventions en actions, ouvrant ainsi cet accord \u00e0 d\u2019\u00e9ventuelles contestations juridiques, indique le New York Times.<\/p>\n<p class=\"fig-body-link\">\n            \u00c0 lire aussi<br \/>\n        <a class=\"fig-body-link__link\" href=\"http:\/\/www.lefigaro.fr\/flash-eco\/intel-retarde-la-construction-de-deux-usines-de-semi-conducteurs-aux-etats-unis-20250301\" data-fig-type=\"NewsFlash\" data-gtm-custom-categorie=\"navigation\" data-gtm-custom-action=\"crossclick\" data-gtm-custom-label=\"Contextuel\" data-gtm-event=\"customEventSPE\" data-fig-domain=\"LEFIGARO\" rel=\"nofollow noopener\" target=\"_blank\">Intel retarde la construction de deux usines de semi-conducteurs aux \u00c9tats-Unis<br \/>\n    <\/a>\n<\/p>\n<p>                                    <a class=\"fig-a11y-skip a11y-hidden\" href=\"#fig-a11y-skip-main-inarticle\"><br \/>\n        Passer la publicit\u00e9<br \/>\n    <\/a><\/p>\n<p class=\"fig-paragraph\">Intel est un fleuron am\u00e9ricain historique des puces bien mal en point, apr\u00e8s avoir rat\u00e9 plusieurs virages strat\u00e9giques. \u00c9clips\u00e9 par les mastodontes asiatiques TSMC et Samsung dans la fabrication de puces avanc\u00e9es, il a besoin de liquidit\u00e9s pour esp\u00e9rer se relancer dans la course.<\/p>\n<p>\u00abCe n\u2019est pas de la gouvernance\u00bb<\/p>\n<p class=\"fig-paragraph\">Cette prise de participation \u00e0 hauteur de 11\u00a0milliards de dollars intervient apr\u00e8s que\u00a0<a href=\"http:\/\/www.lefigaro.fr\/flash-eco\/softbank-va-investir-deux-milliards-de-dollars-dans-intel-20250819\" data-fig-type=\"NewsFlash\" data-gtm-custom-categorie=\"navigation\" data-gtm-custom-action=\"crossclick\" data-gtm-custom-label=\"Contextuel\" data-gtm-event=\"customEventSPE\" data-fig-domain=\"LEFIGARO\" rel=\"nofollow noopener\" target=\"_blank\">le groupe japonais Softbank, l\u2019un des grands argentiers de la tech, a annonc\u00e9 prendre 2\u00a0% du capital d\u2019Intel &#8211; soit un investissement de 2\u00a0milliards de dollars &#8211; mardi dernier<\/a>.<\/p>\n<p class=\"fig-paragraph\">Selon le secr\u00e9taire au Commerce, Howard Lutnick, l\u2019\u00c9tat am\u00e9ricain n\u2019interviendra pas dans la gestion de l\u2019entreprise. \u00ab\u00a0Ce n\u2019est pas de la gouvernance\u00a0\u00bb, a-t-il assur\u00e9, en indiquant que la conversion subvention-participation se ferait sans droit de vote.<\/p>\n","protected":false},"excerpt":{"rendered":"Cette prise de participation, pour un montant de 11\u00a0milliards de dollars, serait une conversion des subventions touch\u00e9es par&hellip;\n","protected":false},"author":2,"featured_media":341104,"comment_status":"","ping_status":"","sticky":false,"template":"","format":"standard","meta":{"footnotes":""},"categories":[1589],"tags":[11,75,73,1866,1874,12,1864,1865,1863,308],"class_list":{"0":"post-341103","1":"post","2":"type-post","3":"status-publish","4":"format-standard","5":"has-post-thumbnail","7":"category-etats-unis","8":"tag-actualites","9":"tag-donald-trump","10":"tag-etats-unis","11":"tag-etats-unis-damerique","12":"tag-intel","13":"tag-news","14":"tag-united-states","15":"tag-united-states-of-america","16":"tag-us","17":"tag-usa"},"share_on_mastodon":{"url":"https:\/\/pubeurope.com\/@fr\/115085004534254734","error":""},"_links":{"self":[{"href":"https:\/\/www.europesays.com\/fr\/wp-json\/wp\/v2\/posts\/341103","targetHints":{"allow":["GET"]}}],"collection":[{"href":"https:\/\/www.europesays.com\/fr\/wp-json\/wp\/v2\/posts"}],"about":[{"href":"https:\/\/www.europesays.com\/fr\/wp-json\/wp\/v2\/types\/post"}],"author":[{"embeddable":true,"href":"https:\/\/www.europesays.com\/fr\/wp-json\/wp\/v2\/users\/2"}],"replies":[{"embeddable":true,"href":"https:\/\/www.europesays.com\/fr\/wp-json\/wp\/v2\/comments?post=341103"}],"version-history":[{"count":0,"href":"https:\/\/www.europesays.com\/fr\/wp-json\/wp\/v2\/posts\/341103\/revisions"}],"wp:featuredmedia":[{"embeddable":true,"href":"https:\/\/www.europesays.com\/fr\/wp-json\/wp\/v2\/media\/341104"}],"wp:attachment":[{"href":"https:\/\/www.europesays.com\/fr\/wp-json\/wp\/v2\/media?parent=341103"}],"wp:term":[{"taxonomy":"category","embeddable":true,"href":"https:\/\/www.europesays.com\/fr\/wp-json\/wp\/v2\/categories?post=341103"},{"taxonomy":"post_tag","embeddable":true,"href":"https:\/\/www.europesays.com\/fr\/wp-json\/wp\/v2\/tags?post=341103"}],"curies":[{"name":"wp","href":"https:\/\/api.w.org\/{rel}","templated":true}]}}