{"id":341105,"date":"2025-08-24T17:49:24","date_gmt":"2025-08-24T17:49:24","guid":{"rendered":"https:\/\/www.europesays.com\/fr\/341105\/"},"modified":"2025-08-24T17:49:24","modified_gmt":"2025-08-24T17:49:24","slug":"royaume-uni-400-millions-de-livres-utilises-pour-faire-venir-secretement-dans-le-pays-des-milliers-dafghans","status":"publish","type":"post","link":"https:\/\/www.europesays.com\/fr\/341105\/","title":{"rendered":"Royaume-Uni\u00a0: 400\u00a0millions de livres utilis\u00e9s pour faire venir secr\u00e8tement dans le pays des milliers d\u2019Afghans"},"content":{"rendered":"<p class=\"paragraph text_align_left lp-f-body-02\">4500, c\u2019est le nombre <a href=\"https:\/\/www.leparisien.fr\/international\/iran\/pres-de-450-000-afghans-ont-quitte-liran-depuis-le-1er-juin-07-07-2025-ANROJAPIM5G2FM6BC37GCMRIY4.php\" target=\"_self\" rel=\"nofollow noopener\">d\u2019Afghans et de membres de leurs familles<\/a>, qui ont pu b\u00e9n\u00e9ficier d\u2019un plan secret de relocalisation organis\u00e9 par le gouvernement britannique. John Healey, le ministre de la D\u00e9fense, a annonc\u00e9, aujourd\u2019hui, devant le Parlement, que le projet avait d\u00e9j\u00e0 co\u00fbt\u00e9 environ 400 millions de livres sterling et qu\u2019il devrait co\u00fbter environ 850 millions lorsqu\u2019il sera compl\u00e8tement termin\u00e9.<\/p>\n<p class=\"paragraph text_align_left lp-f-body-02\">D\u2019apr\u00e8s <a href=\"https:\/\/www.leparisien.fr\/international\/guerre-en-ukraine-pret-au-combat-le-royaume-uni-va-construire-des-sous-marins-nucleaires-dattaque-face-a-la-menace-russe-02-06-2025-UMCUTIC6EFCW3PEPKH4S54AU2Q.php\" target=\"_self\" rel=\"nofollow noopener\">le minist\u00e8re de la D\u00e9fense anglais<\/a> (MoD), 17 000 autres Afghans seraient \u00e9ligibles \u00e0 cette demande d\u2019asile sp\u00e9ciale, 2 400 autres seraient actuellement en transit pour rejoindre le Royaume-Uni.<\/p>\n<p>Un leak d\u00e9couvert 1 an plus tard<\/p>\n<p class=\"paragraph text_align_left lp-f-body-02\">La raison du d\u00e9ploiement d\u2019un tel plan ? Une fuite massive de donn\u00e9es touchant les afghans ayant travaill\u00e9 avec l\u2019arm\u00e9e britannique qui avait effectu\u00e9 une demande d\u2019asile via le <a href=\"https:\/\/www.gov.uk\/guidance\/afghan-resettlement-programme\" target=\"_self\" rel=\"nofollow noopener\">programme Arap <\/a>(Politique de Relocalisation et D\u2019assistance en Afghanistan).<\/p>\n<p class=\"paragraph text_align_left lp-f-body-02\">D\u2019apr\u00e8s<a href=\"https:\/\/www.telegraph.co.uk\/news\/2025\/07\/15\/24000-afghans-offered-asylum-mod-data-breach-revealed\/\" target=\"_self\" rel=\"nofollow noopener\"> le Telegraph, un membre de la Royal Marine<\/a> aurait accidentellement communiqu\u00e9 en 2022, lors d\u2019un \u00e9change par mail avec une source afin de d\u00e9terminer la l\u00e9gitimit\u00e9 d\u2019une demande, (si la personne avait bien combattu avec les Anglais et dans quelles troupes par exemple), une liste contenant les noms de tous les demandeurs. Un accident qui se serait r\u00e9p\u00e9t\u00e9 au moins deux fois, <a href=\"https:\/\/www.thetimes.com\/uk\/defence\/article\/operation-rubific-kill-list-mission-6fstzb7vb\" target=\"_self\" rel=\"nofollow noopener\">Larisa Brown, journaliste au Times<\/a> raconte dans son article \u00ab (\u2026) il avait envoy\u00e9 par inadvertance l\u2019ensemble de la base de donn\u00e9es \u00e0 une poign\u00e9e d\u2019Afghans d\u00e9j\u00e0 arriv\u00e9s au Royaume-Uni et qui l\u2019aidaient. Ceux-ci l\u2019ont ensuite transmise \u00e0 d\u2019autres Afghans en Afghanistan susceptibles de l\u2019aider. \u00bb<\/p>\n<p class=\"paragraph text_align_left lp-f-body-02\">Les coordonn\u00e9es, les noms et les connexions familiales de plus de 33 000 personnes se retrouvent ainsi dans la nature. Pourtant il faudra attendre 2023, pour que le gouvernement, alert\u00e9 par un activiste afghan, ne se rendent compte que la base circule, un extrait est m\u00eame<a href=\"https:\/\/www.leparisien.fr\/high-tech\/fuite-massive-de-donnees-google-facebook-ou-apple-vos-identifiants-font-ils-partie-des-16-milliards-en-ligne-21-06-2025-OR5SC3CMLBAYDPIFVKDKAN7G64.php\" target=\"_self\" rel=\"nofollow noopener\"> post\u00e9 dans un groupe Facebook<\/a>, supprim\u00e9 trois jours plus tard.<\/p>\n<p>Interdiction d\u2019en parler<\/p>\n<p class=\"paragraph text_align_left lp-f-body-02\">\u00ab Profond\u00e9ment pr\u00e9occup\u00e9 par le manque de transparence vis-\u00e0-vis du Parlement et du public \u00bb, c\u2019est ainsi que Healy d\u00e9crit son entr\u00e9e en fonction, <a href=\"https:\/\/www.theguardian.com\/politics\/live\/2025\/jul\/15\/starmer-reeves-farage-trump-tax-welfare-uk-politics-live-news-updates#top-of-blog\" target=\"_self\" rel=\"nofollow noopener\">comme le rapporte le Guardian.<\/a> Pas encore en poste au moment du scandale, il raconte avoir \u00e9t\u00e9 inform\u00e9 lors de la super injonction d\u00e9cid\u00e9e par un tribunal, qui emp\u00eachera 8 m\u00e9dias et journalistes de divulguer l\u2019information en septembre 2023.<\/p>\n<p class=\"paragraph text_align_left lp-f-body-02\">La d\u00e9cision, d\u2019une longueur sans pr\u00e9c\u00e9dent dans la justice britannique et qui interdisait toute communication sur l\u2019affaire ou sur les proc\u00e8s li\u00e9s <a href=\"https:\/\/www.judiciary.uk\/judgments\/ministry-of-defence-v-global-media-and-entertainment-limited-and-others\/\" target=\"_self\" rel=\"nofollow noopener\">a \u00e9t\u00e9 lev\u00e9e ce mardi<\/a>. Les journalistes au courant du leak depuis 2 ans, peuvent enfin publier leurs articles sur le sujet.<\/p>\n<p class=\"paragraph text_align_left lp-f-body-02\">Pour l\u2019heure, le gouvernement britannique, n\u2019\u00e9voque pas de personnes qui auraient \u00e9t\u00e9 <a href=\"https:\/\/www.leparisien.fr\/international\/travailler-la-peur-au-ventre-en-afghanistan-la-radio-des-femmes-fermee-par-les-talibans-retrouve-les-ondes-12-04-2025-DPBDFPTDVVFGBGUHFICMUHLERY.php\" target=\"_self\" rel=\"nofollow noopener\">victimes des talibans<\/a> en raison de la fuite de cette liste. Des doutes subsistent concernant leurs possessions ou non de cette base de donn\u00e9es. <a href=\"https:\/\/www.theguardian.com\/politics\/live\/2025\/jul\/15\/starmer-reeves-farage-trump-tax-welfare-uk-politics-live-news-updates#top-of-blog\" target=\"_self\" rel=\"nofollow noopener\">John Healy, cit\u00e9 dans le Guardian<\/a>, a tout de m\u00eame pr\u00e9sent\u00e9 ses excuses pour l\u2019imprudence de l\u2019administration pr\u00e9c\u00e9dente \u00ab Ce grave incident n\u2019aurait jamais d\u00fb se produire. Il s\u2019est peut-\u00eatre produit il y a trois ans sous le gouvernement pr\u00e9c\u00e9dent, mais \u00e0 tous ceux dont les informations ont \u00e9t\u00e9 compromises, je pr\u00e9sente aujourd\u2019hui des excuses sinc\u00e8res au nom du gouvernement britannique, et j\u2019esp\u00e8re que le secr\u00e9taire d\u2019\u00c9tat \u00e0 la d\u00e9fense, en tant qu\u2019ancien ministre de la D\u00e9fense, se joindra \u00e0 moi. \u00bb<\/p>\n","protected":false},"excerpt":{"rendered":"4500, c\u2019est le nombre d\u2019Afghans et de membres de leurs familles, qui ont pu b\u00e9n\u00e9ficier d\u2019un plan secret&hellip;\n","protected":false},"author":2,"featured_media":341106,"comment_status":"","ping_status":"","sticky":false,"template":"","format":"standard","meta":{"footnotes":""},"categories":[1588],"tags":[11,1777,674,14,12,473,1853,1851,1850,1852],"class_list":{"0":"post-341105","1":"post","2":"type-post","3":"status-publish","4":"format-standard","5":"has-post-thumbnail","7":"category-royaume-uni","8":"tag-actualites","9":"tag-eu","10":"tag-europe","11":"tag-international","12":"tag-news","13":"tag-royaume-uni","14":"tag-royaume-uni-de-grande-bretagne-et-dirlande-du-nord","15":"tag-uk","16":"tag-united-kingdom","17":"tag-united-kingdom-of-great-britain-and-northern-ireland"},"share_on_mastodon":{"url":"https:\/\/pubeurope.com\/@fr\/115085008123477747","error":""},"_links":{"self":[{"href":"https:\/\/www.europesays.com\/fr\/wp-json\/wp\/v2\/posts\/341105","targetHints":{"allow":["GET"]}}],"collection":[{"href":"https:\/\/www.europesays.com\/fr\/wp-json\/wp\/v2\/posts"}],"about":[{"href":"https:\/\/www.europesays.com\/fr\/wp-json\/wp\/v2\/types\/post"}],"author":[{"embeddable":true,"href":"https:\/\/www.europesays.com\/fr\/wp-json\/wp\/v2\/users\/2"}],"replies":[{"embeddable":true,"href":"https:\/\/www.europesays.com\/fr\/wp-json\/wp\/v2\/comments?post=341105"}],"version-history":[{"count":0,"href":"https:\/\/www.europesays.com\/fr\/wp-json\/wp\/v2\/posts\/341105\/revisions"}],"wp:featuredmedia":[{"embeddable":true,"href":"https:\/\/www.europesays.com\/fr\/wp-json\/wp\/v2\/media\/341106"}],"wp:attachment":[{"href":"https:\/\/www.europesays.com\/fr\/wp-json\/wp\/v2\/media?parent=341105"}],"wp:term":[{"taxonomy":"category","embeddable":true,"href":"https:\/\/www.europesays.com\/fr\/wp-json\/wp\/v2\/categories?post=341105"},{"taxonomy":"post_tag","embeddable":true,"href":"https:\/\/www.europesays.com\/fr\/wp-json\/wp\/v2\/tags?post=341105"}],"curies":[{"name":"wp","href":"https:\/\/api.w.org\/{rel}","templated":true}]}}