{"id":341107,"date":"2025-08-24T17:50:11","date_gmt":"2025-08-24T17:50:11","guid":{"rendered":"https:\/\/www.europesays.com\/fr\/341107\/"},"modified":"2025-08-24T17:50:11","modified_gmt":"2025-08-24T17:50:11","slug":"lallemagne-devrait-chercher-de-nouveaux-partenaires-commerciaux-selon-merz","status":"publish","type":"post","link":"https:\/\/www.europesays.com\/fr\/341107\/","title":{"rendered":"L&rsquo;Allemagne devrait chercher de nouveaux partenaires commerciaux, selon Merz"},"content":{"rendered":"<p>BERLIN (Reuters) -L&rsquo;Allemagne devrait regarder au-del\u00e0 de l&rsquo;accord commercial conclu entre les Etats-Unis et l&rsquo;Union europ\u00e9enne (UE) et chercher de nouveaux partenaires commerciaux dans les prochaines ann\u00e9es, a d\u00e9clar\u00e9 dimanche le chancelier allemand Friedrich Merz.<\/p>\n<p>\n              \u00ab\u00a0Comment nous g\u00e9rons le commerce international si par exemple les Am\u00e9ricains n&rsquo;\u00e9taient plus dispos\u00e9s \u00e0 respecter les r\u00e8gles de l&rsquo;Organisation mondiale du commerce (OMC)?\u00a0\u00bb, a interrog\u00e9 Friedrich Merz lors d&rsquo;une journ\u00e9e organis\u00e9e par le gouvernement allemand qui permet au public de visiter les institutions gouvernementales de Berlin et participer \u00e0 des discussions.<\/p>\n<p>\n              \u00ab\u00a0Nous devrions chercher des partenaires dans le monde qui partagent notre vision\u00a0\u00bb, a ajout\u00e9 le leader de la CDU, le parti conservateur donn\u00e9 au coude \u00e0 coude avec le parti d&rsquo;extr\u00eame droite AfD, selon un sondage INSA publi\u00e9 ce weekend par le journal Bild.<\/p>\n<p>\n              \u00ab\u00a0Nous avons besoin de bonnes relations \u00e9conomiques avec les Etats-Unis\u00a0\u00bb, a-t-il pr\u00e9cis\u00e9, notant que des opportunit\u00e9s pourraient na\u00eetre en Am\u00e9rique du Sud, en Asie ou en Afrique.<\/p>\n<p>\n               (Reportage de Vera Eckert et Andreas Rinke; version fran\u00e7aise Zhifan Liu)<\/p>\n","protected":false},"excerpt":{"rendered":"BERLIN (Reuters) -L&rsquo;Allemagne devrait regarder au-del\u00e0 de l&rsquo;accord commercial conclu entre les Etats-Unis et l&rsquo;Union europ\u00e9enne (UE) et&hellip;\n","protected":false},"author":2,"featured_media":341108,"comment_status":"","ping_status":"","sticky":false,"template":"","format":"standard","meta":{"footnotes":""},"categories":[1587],"tags":[11,672,340,1804,1805,1803,1777,674,1801,12,1802],"class_list":{"0":"post-341107","1":"post","2":"type-post","3":"status-publish","4":"format-standard","5":"has-post-thumbnail","7":"category-allemagne","8":"tag-actualites","9":"tag-allemagne","10":"tag-bourse","11":"tag-bundesrepublik-deutschland","12":"tag-de","13":"tag-deutschland","14":"tag-eu","15":"tag-europe","16":"tag-germany","17":"tag-news","18":"tag-republique-federale-dallemagne"},"share_on_mastodon":{"url":"https:\/\/pubeurope.com\/@fr\/115085012100049826","error":""},"_links":{"self":[{"href":"https:\/\/www.europesays.com\/fr\/wp-json\/wp\/v2\/posts\/341107","targetHints":{"allow":["GET"]}}],"collection":[{"href":"https:\/\/www.europesays.com\/fr\/wp-json\/wp\/v2\/posts"}],"about":[{"href":"https:\/\/www.europesays.com\/fr\/wp-json\/wp\/v2\/types\/post"}],"author":[{"embeddable":true,"href":"https:\/\/www.europesays.com\/fr\/wp-json\/wp\/v2\/users\/2"}],"replies":[{"embeddable":true,"href":"https:\/\/www.europesays.com\/fr\/wp-json\/wp\/v2\/comments?post=341107"}],"version-history":[{"count":0,"href":"https:\/\/www.europesays.com\/fr\/wp-json\/wp\/v2\/posts\/341107\/revisions"}],"wp:featuredmedia":[{"embeddable":true,"href":"https:\/\/www.europesays.com\/fr\/wp-json\/wp\/v2\/media\/341108"}],"wp:attachment":[{"href":"https:\/\/www.europesays.com\/fr\/wp-json\/wp\/v2\/media?parent=341107"}],"wp:term":[{"taxonomy":"category","embeddable":true,"href":"https:\/\/www.europesays.com\/fr\/wp-json\/wp\/v2\/categories?post=341107"},{"taxonomy":"post_tag","embeddable":true,"href":"https:\/\/www.europesays.com\/fr\/wp-json\/wp\/v2\/tags?post=341107"}],"curies":[{"name":"wp","href":"https:\/\/api.w.org\/{rel}","templated":true}]}}