{"id":341109,"date":"2025-08-24T17:51:10","date_gmt":"2025-08-24T17:51:10","guid":{"rendered":"https:\/\/www.europesays.com\/fr\/341109\/"},"modified":"2025-08-24T17:51:10","modified_gmt":"2025-08-24T17:51:10","slug":"le-club-de-swin-golf-champion-deurope","status":"publish","type":"post","link":"https:\/\/www.europesays.com\/fr\/341109\/","title":{"rendered":"le club de swin golf champion d\u2019Europe !"},"content":{"rendered":"<p>Le swin golf chambraisien rassemble 65 licenci\u00e9s. Un groupe de huit joueurs et joueuses a particip\u00e9 les 16 et 17\u00a0ao\u00fbt 2025 aux championnats d\u2019Europe \u00e0 Essen (Allemagne) et revient avec le titre de meilleur club europ\u00e9en. Un titre obtenu par l\u2019addition des r\u00e9sultats individuels, avec quatre titres\u00a0: Lorenzo Housseau, sacr\u00e9 champion d\u2019Europe jeunes\u00a0; Matthew Lechaux, champion d\u2019Eur&#8230; <\/p>\n<p>    Cet article a \u00e9t\u00e9 tronqu\u00e9. Abonnez-vous pour lire l&rsquo;article complet sur notre site.<\/p>\n<p style=\"margin: 0 !important; padding: 0 !important; font-size: 12px !important;\">Cet article a \u00e9t\u00e9 tronqu\u00e9. Abonnez-vous pour lire l&rsquo;article complet.<\/p>\n<p>    <a href=\"https:\/\/www.lanouvellerepublique.fr\/abonnements\" style=\"display: inline-block; margin-top: 5px !important; padding: 6px 12px !important; background: #cb1c27; color: white; text-decoration: none; border-radius: 4px; font-size: 12px !important;\" rel=\"nofollow noopener\" target=\"_blank\"><br \/>\n      S&rsquo;abonner<br \/>\n    <\/a><\/p>\n","protected":false},"excerpt":{"rendered":"Le swin golf chambraisien rassemble 65 licenci\u00e9s. Un groupe de huit joueurs et joueuses a particip\u00e9 les 16&hellip;\n","protected":false},"author":2,"featured_media":341110,"comment_status":"","ping_status":"","sticky":false,"template":"","format":"standard","meta":{"footnotes":""},"categories":[1586],"tags":[1392,11,14662,1674,1777,674,1011,27,4387,12,25],"class_list":{"0":"post-341109","1":"post","2":"type-post","3":"status-publish","4":"format-standard","5":"has-post-thumbnail","7":"category-europe","8":"tag-a-la-une-local","9":"tag-actualites","10":"tag-chambray-les-tours","11":"tag-communes","12":"tag-eu","13":"tag-europe","14":"tag-fr","15":"tag-france","16":"tag-loisirs-sportifs","17":"tag-news","18":"tag-republique-francaise"},"share_on_mastodon":{"url":"https:\/\/pubeurope.com\/@fr\/115085016202319363","error":""},"_links":{"self":[{"href":"https:\/\/www.europesays.com\/fr\/wp-json\/wp\/v2\/posts\/341109","targetHints":{"allow":["GET"]}}],"collection":[{"href":"https:\/\/www.europesays.com\/fr\/wp-json\/wp\/v2\/posts"}],"about":[{"href":"https:\/\/www.europesays.com\/fr\/wp-json\/wp\/v2\/types\/post"}],"author":[{"embeddable":true,"href":"https:\/\/www.europesays.com\/fr\/wp-json\/wp\/v2\/users\/2"}],"replies":[{"embeddable":true,"href":"https:\/\/www.europesays.com\/fr\/wp-json\/wp\/v2\/comments?post=341109"}],"version-history":[{"count":0,"href":"https:\/\/www.europesays.com\/fr\/wp-json\/wp\/v2\/posts\/341109\/revisions"}],"wp:featuredmedia":[{"embeddable":true,"href":"https:\/\/www.europesays.com\/fr\/wp-json\/wp\/v2\/media\/341110"}],"wp:attachment":[{"href":"https:\/\/www.europesays.com\/fr\/wp-json\/wp\/v2\/media?parent=341109"}],"wp:term":[{"taxonomy":"category","embeddable":true,"href":"https:\/\/www.europesays.com\/fr\/wp-json\/wp\/v2\/categories?post=341109"},{"taxonomy":"post_tag","embeddable":true,"href":"https:\/\/www.europesays.com\/fr\/wp-json\/wp\/v2\/tags?post=341109"}],"curies":[{"name":"wp","href":"https:\/\/api.w.org\/{rel}","templated":true}]}}