{"id":341117,"date":"2025-08-24T17:55:17","date_gmt":"2025-08-24T17:55:17","guid":{"rendered":"https:\/\/www.europesays.com\/fr\/341117\/"},"modified":"2025-08-24T17:55:17","modified_gmt":"2025-08-24T17:55:17","slug":"coupe-de-france-1er-tour-la-passe-de-trois-pour-fouesnant-a-benodet-dans-ce-derby-sud-finisterien","status":"publish","type":"post","link":"https:\/\/www.europesays.com\/fr\/341117\/","title":{"rendered":"Coupe de France (1er tour)\u00a0: la passe de trois pour Fouesnant \u00e0 B\u00e9nodet dans ce derby sud-finist\u00e9rien"},"content":{"rendered":"<p>      Pour la troisi\u00e8me fois en trois semaines, l\u2019US Fouesnant (R3) a battu le FC Odet (D1) mais, comme l\u2019indique le score (0-2), ce derby de Coupe de France (1er tour) a \u00e9t\u00e9, dimanche, tr\u00e8s disput\u00e9.<\/p>\n<p>                    Coupe de France (1er tour). FC Odet (D1) &#8211; US Fouesnant (R3)\u00a0: 0-2<\/p>\n<p>Ils ne se quittent plus. Apr\u00e8s le Challenge de l\u2019Amiti\u00e9 (9 ao\u00fbt) et la Coupe de Solidarit\u00e9 (17 ao\u00fbt), l\u2019US Fouesnant (R3) et le FC Odet (D1) se sont \u00e0 nouveau retrouv\u00e9s, ce dimanche, au premier tour de Coupe de France (1er tour), pour un troisi\u00e8me week-end de suite qu\u2019ils ont \u00e0 nouveau pass\u00e9 ensemble.<\/p>\n<p>Legras vite fait bien fait<\/p>\n<p>Avec un 0-2 en leur faveur, les Feros Bris ont r\u00e9ussi la passe de trois en ao\u00fbt, mais l\u2019historique de ces derbys du canton de Fouesnant n\u2019est pas toujours \u00e0 sens unique puisque les joueurs de Kevin Le Goff, dans leur marche triomphale, la saison derni\u00e8re, vers le R3, avaient connu un sacr\u00e9 couac, sur ce m\u00eame terrain Bouilloux-Laffont \u00e0 B\u00e9nodet, o\u00f9, le 27 avril, ils avaient essuy\u00e9 la premi\u00e8re de leurs deux d\u00e9faites en championnat de D1 (1-0). \u00ab\u00a0On savait o\u00f9 on mettait les pieds. Il fallait marquer vite pour \u00e9viter toute mauvaise surprise\u00a0\u00bb, avait pr\u00e9venu le coach fouesnantais. Message \u00ab\u00a0re\u00e7u 5 sur 5\u00a0\u00bb par Legras qui a fusill\u00e9 Nagat en tout d\u00e9but de match (0-1, 7\u2019).<\/p>\n<p>                    Le FC Odet sort la t\u00eate haute<\/p>\n<p>Et comme le deuxi\u00e8me but a suivi avant la pause, un break 100\u00a0% charni\u00e8re centrale USF, avec Vautour \u00e0 la passe et M\u00e9nir \u00e0 la conclusion (0-2, 42\u2019), l&rsquo;affaire a donc \u00e9t\u00e9 pli\u00e9e en premi\u00e8re mi-temps. Mais le moins que l\u2019on puisse \u00e9crire c\u2019est que les Od\u00e9tois, malheureusement r\u00e9duits \u00e0 dix en d\u00e9but de seconde p\u00e9riode (51\u2019), ont fait beaucoup mieux que se d\u00e9fendre. Labory (20\u2019, 43\u2019, 48\u2019) et Qu\u00e9net (64\u2019) auraient m\u00eame bien m\u00e9rit\u00e9 de sauver l\u2019honneur. \u00ab\u00a0Je suis d\u00e9\u00e7u du r\u00e9sultat mais pas de la mani\u00e8re\u00a0\u00bb, en a conclu leur nouveau coach, Bernard Abiven.<\/p>\n<p class=\"tech\"><strong class=\"tech\">BUTS. <\/strong>US Fouesnant\u00a0: Legras (7\u2019), Menir (42\u2019).<\/p>\n<p class=\"tech\"><strong class=\"tech\">Avertissements.<\/strong> FC Odet\u00a0: Eyot (79\u2019)\u00a0; US Fouesnant\u00a0: Guyader (61\u2019), Chailloux (85\u2019), Thery (87\u2019).<\/p>\n<p class=\"tech\"><strong class=\"tech\">Exclusion. <\/strong>FC Odet\u00a0: De Moraes Oliveira (51\u2019).<\/p>\n<p>Cr\u00e9dit photo : Photo Fanch H\u00e9mery<\/p>\n","protected":false},"excerpt":{"rendered":"Pour la troisi\u00e8me fois en trois semaines, l\u2019US Fouesnant (R3) a battu le FC Odet (D1) mais, comme&hellip;\n","protected":false},"author":2,"featured_media":341118,"comment_status":"","ping_status":"","sticky":false,"template":"","format":"standard","meta":{"footnotes":""},"categories":[4],"tags":[11,63,1011,27,12,25,60],"class_list":{"0":"post-341117","1":"post","2":"type-post","3":"status-publish","4":"format-standard","5":"has-post-thumbnail","7":"category-france","8":"tag-actualites","9":"tag-football","10":"tag-fr","11":"tag-france","12":"tag-news","13":"tag-republique-francaise","14":"tag-sports"},"share_on_mastodon":{"url":"https:\/\/pubeurope.com\/@fr\/115085031738878597","error":""},"_links":{"self":[{"href":"https:\/\/www.europesays.com\/fr\/wp-json\/wp\/v2\/posts\/341117","targetHints":{"allow":["GET"]}}],"collection":[{"href":"https:\/\/www.europesays.com\/fr\/wp-json\/wp\/v2\/posts"}],"about":[{"href":"https:\/\/www.europesays.com\/fr\/wp-json\/wp\/v2\/types\/post"}],"author":[{"embeddable":true,"href":"https:\/\/www.europesays.com\/fr\/wp-json\/wp\/v2\/users\/2"}],"replies":[{"embeddable":true,"href":"https:\/\/www.europesays.com\/fr\/wp-json\/wp\/v2\/comments?post=341117"}],"version-history":[{"count":0,"href":"https:\/\/www.europesays.com\/fr\/wp-json\/wp\/v2\/posts\/341117\/revisions"}],"wp:featuredmedia":[{"embeddable":true,"href":"https:\/\/www.europesays.com\/fr\/wp-json\/wp\/v2\/media\/341118"}],"wp:attachment":[{"href":"https:\/\/www.europesays.com\/fr\/wp-json\/wp\/v2\/media?parent=341117"}],"wp:term":[{"taxonomy":"category","embeddable":true,"href":"https:\/\/www.europesays.com\/fr\/wp-json\/wp\/v2\/categories?post=341117"},{"taxonomy":"post_tag","embeddable":true,"href":"https:\/\/www.europesays.com\/fr\/wp-json\/wp\/v2\/tags?post=341117"}],"curies":[{"name":"wp","href":"https:\/\/api.w.org\/{rel}","templated":true}]}}