{"id":341123,"date":"2025-08-24T17:59:12","date_gmt":"2025-08-24T17:59:12","guid":{"rendered":"https:\/\/www.europesays.com\/fr\/341123\/"},"modified":"2025-08-24T17:59:12","modified_gmt":"2025-08-24T17:59:12","slug":"rinderknech-bien-parti-blanchet-veut-poursuivre-sa-belle-semaine","status":"publish","type":"post","link":"https:\/\/www.europesays.com\/fr\/341123\/","title":{"rendered":"Rinderknech bien parti, Blanchet veut poursuivre sa belle semaine"},"content":{"rendered":"<p>19h54<\/p>\n<p>Bon d\u00e9part pour Ugo Blanchet<\/p>\n<p>Le Fran\u00e7ais prend le premier set 6-4 face au 51e mondial Maroszan.<\/p>\n<p><strong>Blanchet-Maroszan: 6-4<\/strong><\/p>\n<p>19h28<\/p>\n<p>Rinderknech se rapproche de la qualification<\/p>\n<p>Cette fois-ci pas de tie-break, puisqu&rsquo;Arthur Rinderknech breake Carballes Baena \u00e0 6-5 pour s&rsquo;offrir le 2e set apr\u00e8s 2h18.<\/p>\n<p><strong>Rinderkneck-Carballes Baena: 7-6, 7-5<\/strong><\/p>\n<p>19h06<\/p>\n<p>Un deuxi\u00e8me Fran\u00e7ais d\u00e9bute son tournoi<\/p>\n<p>Seul Tricolore issu des qualifications, Ugo Blanchet affronte le Hongrois Fabian Maroszan sur le court n\u00b06. Les deux joueurs sont \u00e0 l&rsquo;\u00e9chauffement.<\/p>\n<p>19h04<\/p>\n<p>Un premier qualifi\u00e9 dans le tableau masculin<\/p>\n<p>Alejandro Davidovich (n\u00b018) n&rsquo;a pas fait dans le d\u00e9tail pour se d\u00e9faire du Kazakh Alexander Shevchenko en trois sets (6-1, 6-1, 6-2).<\/p>\n<p>18h34<\/p>\n<p>Qualification tr\u00e8s tranquille pour Raducanu<\/p>\n<p>La Britannique n&rsquo;a eu besoin que d&rsquo;une petite heure pour se d\u00e9barrasser d&rsquo;Ena Shibahara (6-1, 6-2).<\/p>\n<p>18h24<\/p>\n<p>Rinderknech prend les devants<\/p>\n<p>Le Fran\u00e7ais fait face \u00e0 un gros combat face \u00e0 Carballes Baena mais il empoche la premi\u00e8re manche \u00e0 l&rsquo;issue d&rsquo;un tie-break parfaitement ma\u00eetris\u00e9.<\/p>\n<p><strong>Rinderkneck-Carballes Baena: 7-6<\/strong><\/p>\n<p>17h48<\/p>\n<p>Un premier abandon \u00e0 l&rsquo;US Open<\/p>\n<p>L&rsquo;Espagnole Nuria Parrizas Diaz jette l&rsquo;\u00e9ponge face \u00e0 Polina Kudermetova alors que le score \u00e9tait de 2-2 dans la premi\u00e8re manche. La Russe est donc la premi\u00e8re qualifi\u00e9e pour le deuxi\u00e8me tour.<\/p>\n<p>17h17<\/p>\n<p>C&rsquo;est parti pour cet US Open !<\/p>\n<p>Les premiers matchs viennent de d\u00e9buter \u00e0 Flushing Meadows. Sur le court n\u00b012, Arthur Rinderknech est oppos\u00e9 \u00e0 l&rsquo;Espagnol Roberto Carballes Baena.<\/p>\n<p>16h00<\/p>\n<p>Djokovic, Sabalenka et cinq Fran\u00e7ais&#8230; Le programme du dimanche 24 ao\u00fbt<\/p>\n<p>Arthur Ashe Stadium \u2013 \u00e0 partir de 18h (heure fran\u00e7aise)<\/p>\n<ul class=\"list_unordered\">\n<li>Ben Shelton vs Ignacio Buse<\/li>\n<li>Aryna Sabalenka vs Rebeka Masarova<\/li>\n<li><strong>Pas avant 1h00<\/strong> : Novak Djokovic vs Learner Tien<\/li>\n<li>Jessica Pegula vs Mayar Sherif<\/li>\n<\/ul>\n<p>Louis Armstrong Stadium : \u00e0 partir de 17h00<\/p>\n<ul class=\"list_unordered\">\n<li>Emma Raducanu vs Ena Shibahara<\/li>\n<li>Taylor Fritz vs Emilio Nava<\/li>\n<li><strong>Pas avant 1h00<\/strong> : Jasmine Paolini vs Destanee Aiava<\/li>\n<li>Daniil Medvedev vs <strong>Benjamin Bonzi<\/strong><\/li>\n<\/ul>\n<p>Grandstand : \u00e0 partir de 17h00<\/p>\n<ul class=\"list_unordered\">\n<li>\u00a0Jakub Mensik vs Nicolas Jarry<\/li>\n<li>\u00a0Clara Tauson vs Alexandra Eala<\/li>\n<li>\u00a0Emma Navarro vs Wang Yafan<\/li>\n<li>Brandon Nakashima vs Jesper de Jong<\/li>\n<\/ul>\n<p>Stadium 17 : \u00e0 partir de 17h00<\/p>\n<ul class=\"list_unordered\">\n<li>Alejandro Davidovich Fokina vs Alexander Shevchenko<\/li>\n<li>\u00a0Leylah Fernandez vs Rebecca Marino<\/li>\n<li>\u00a0Jiri Lehecka vs Borna Coric<\/li>\n<li>Belinda Bencic vs Zhang Shuai<\/li>\n<\/ul>\n<p>Court n\u00b05 : \u00e0 partir de 17h00<\/p>\n<ul class=\"list_unordered\">\n<li>Lucia Bronzetti vs Tereza Valentova<\/li>\n<li>Luciano Darderi vs Rinky Hijikata<\/li>\n<li>Tomas Machac vs Luca Nardi<\/li>\n<li>Lulu Sun vs Camila Osorio<\/li>\n<\/ul>\n<p>Court n\u00b06 : \u00e0 partir de 19h00<\/p>\n<ul class=\"list_unordered\">\n<li><strong>Ugo Blanchet<\/strong> vs Fabian Marozsan<\/li>\n<li>Pablo Carreno Busta vs Pablo Llamas Ruiz<\/li>\n<li>Yulia Starodubtseva vs Anna Blinkova<\/li>\n<\/ul>\n<p>Court n\u00b07 : \u00e0 partir de 17h00<\/p>\n<ul class=\"list_unordered\">\n<li>Polina Kudermetova vs Nuria Parrizas Diaz<\/li>\n<li>Marketa Vondrousova vs Oksana Selekhmeteva<\/li>\n<li><strong>Adrian Mannarino<\/strong> vs Tallon Griekspoor<\/li>\n<li><strong>Corentin Moutet<\/strong> vs Jordan Thompson<\/li>\n<\/ul>\n<p>Court n\u00b010 : \u00e0 partir de 19h00<\/p>\n<ul class=\"list_unordered\">\n<li>Olga Danilovic vs Moyuka Uchijima<\/li>\n<li>Camilo Ugo Carabelli vs Tomas Martin Etcheverry<\/li>\n<\/ul>\n<p>Court n\u00b011 : \u00e0 partir de 17h00<\/p>\n<ul class=\"list_unordered\">\n<li>McCartney Kessler vs Magda Linette<\/li>\n<li>Stefan Dostanic vs Eliot Spizzirri<\/li>\n<li>Jelena Ostapenko vs Wang Xiyu<\/li>\n<li>Mariano Navone vs Marcos Giron<\/li>\n<\/ul>\n<p>Court n\u00b012 : \u00e0 partir de 17h00<\/p>\n<ul class=\"list_unordered\">\n<li><strong>Arthur Rinderknech<\/strong> vs Roberto Carballes Baena<\/li>\n<li>Jil Teichmann vs Caty McNally<\/li>\n<li>Jerome Kym vs Ethan Quinn<\/li>\n<li>Victoria Azarenka vs Hina Inoue<\/li>\n<\/ul>\n<p>Court n\u00b013 : \u00e0 partir de 19h00<\/p>\n<ul class=\"list_unordered\">\n<li>Veronika Kudermetova vs Janice Tjen<\/li>\n<li>Zachary Svajda vs Zsombor Piros<\/li>\n<li>Anastasia Potapova vs Zhu Lin<\/li>\n<\/ul>\n<p>15h59<\/p>\n<p>Alexandre M\u00fcller se confie sur RMC avant le d\u00e9but de l&rsquo;US Open<\/p>\n<p>Avant d&rsquo;affronter Stefanos Tsitsipas lors du premier tour de l&rsquo;US Open, le Fran\u00e7ais Alexandre M\u00fcller s&rsquo;est confi\u00e9 dans l&rsquo;\u00e9mission Stephen Brunch sur RMC.<\/p>\n<p>15h58<\/p>\n<p>L&rsquo;immense malchance d&rsquo;Arthur Cazaux finalement pas rep\u00each\u00e9 (pour le moment)<\/p>\n<p>Arthur Cazaux ne sera pas au rendez-vous de l&rsquo;US Open sauf ultime retournement de situation. Le joueur fran\u00e7ais, 75e mondial, a perdu son dernier match de qualifications pour le Grand Chelem am\u00e9ricain face \u00e0 l&rsquo;Allemand Jan-Lennard Struff. Alors qu&rsquo;il avait de grandes chances d&rsquo;\u00eatre rep\u00each\u00e9 en tant que lucky-loser, il a finalement \u00e9t\u00e9 le seul \u00e0 ne pas avoir eu les faveurs du tirage au sort.<\/p>\n<p><a href=\"https:\/\/rmcsport.bfmtv.com\/tennis\/us-open\/us-open-l-immense-malchance-d-arthur-cazaux-finalement-pas-repeche-pour-le-grand-chelem-americain-pour-le-moment_AV-202508240069.html\" title=\"US Open: l&#039;immense malchance d&#039;Arthur Cazaux finalement pas rep\u00each\u00e9 pour le Grand Chelem am\u00e9ricain (pour le moment)\" class=\"internal_link\" rel=\"nofollow noopener\" target=\"_blank\">&gt;&gt; Pourquoi Arthur Cazaux n&rsquo;est pas qualifi\u00e9 pour le tableau principal de l&rsquo;US Open<\/a><\/p>\n<p>15h52<\/p>\n<p>Avant l&rsquo;US Open, Lo\u00efs Boisson se s\u00e9pare de son entra\u00eeneur<\/p>\n<p>Alors qu&rsquo;elle s&rsquo;appr\u00eate \u00e0 disputer pour la premi\u00e8re fois le grand tableau de l&rsquo;US Open, Lo\u00efs Boisson a mis fin \u00e0 sa collaboration avec Florian Reynet, son entra\u00eeneur depuis deux ans. La num\u00e9ro une fran\u00e7aise sera \u00e9paul\u00e9e par Pauline Parmentier \u00e0 New York.<\/p>\n<p><a href=\"https:\/\/rmcsport.bfmtv.com\/tennis\/us-open\/us-open-un-peu-complique-depuis-le-debut-de-l-annee-lois-boisson-se-separe-de-son-entraineur_AV-202508230276.html\" title=\"US Open: &quot;Un peu compliqu\u00e9 depuis le d\u00e9but de l&#039;ann\u00e9e&quot;, Lo\u00efs Boisson se s\u00e9pare de son entra\u00eeneur\" class=\"internal_link\" rel=\"nofollow noopener\" target=\"_blank\">&gt;&gt; Pourquoi Lois Boisson se s\u00e9pare de Florian Reynet, son entra\u00eeneur<\/a><\/p>\n<p>15h50<\/p>\n<p>Bonjour \u00e0 tous<\/p>\n<p>L&rsquo;US Open, dernier tournoi du Grand Chelem de la saison, d\u00e9bute dimanche 24 ao\u00fbt \u00e0 Flushing Meadows. 128 joueurs et joueuses partent \u00e0 la qu\u00eate du titre supr\u00eame. L&rsquo;ann\u00e9e derni\u00e8re, Jannik Sinner et Aryna Sabalenka s&rsquo;\u00e9taient impos\u00e9s pour la premi\u00e8re fois sur le Majeur am\u00e9ricain.<\/p>\n","protected":false},"excerpt":{"rendered":"19h54 Bon d\u00e9part pour Ugo Blanchet Le Fran\u00e7ais prend le premier set 6-4 face au 51e mondial Maroszan.&hellip;\n","protected":false},"author":2,"featured_media":341124,"comment_status":"","ping_status":"","sticky":false,"template":"","format":"standard","meta":{"footnotes":""},"categories":[1415],"tags":[1011,27,60,1467],"class_list":{"0":"post-341123","1":"post","2":"type-post","3":"status-publish","4":"format-standard","5":"has-post-thumbnail","7":"category-tennis","8":"tag-fr","9":"tag-france","10":"tag-sports","11":"tag-tennis"},"share_on_mastodon":{"url":"https:\/\/pubeurope.com\/@fr\/115085047427334893","error":""},"_links":{"self":[{"href":"https:\/\/www.europesays.com\/fr\/wp-json\/wp\/v2\/posts\/341123","targetHints":{"allow":["GET"]}}],"collection":[{"href":"https:\/\/www.europesays.com\/fr\/wp-json\/wp\/v2\/posts"}],"about":[{"href":"https:\/\/www.europesays.com\/fr\/wp-json\/wp\/v2\/types\/post"}],"author":[{"embeddable":true,"href":"https:\/\/www.europesays.com\/fr\/wp-json\/wp\/v2\/users\/2"}],"replies":[{"embeddable":true,"href":"https:\/\/www.europesays.com\/fr\/wp-json\/wp\/v2\/comments?post=341123"}],"version-history":[{"count":0,"href":"https:\/\/www.europesays.com\/fr\/wp-json\/wp\/v2\/posts\/341123\/revisions"}],"wp:featuredmedia":[{"embeddable":true,"href":"https:\/\/www.europesays.com\/fr\/wp-json\/wp\/v2\/media\/341124"}],"wp:attachment":[{"href":"https:\/\/www.europesays.com\/fr\/wp-json\/wp\/v2\/media?parent=341123"}],"wp:term":[{"taxonomy":"category","embeddable":true,"href":"https:\/\/www.europesays.com\/fr\/wp-json\/wp\/v2\/categories?post=341123"},{"taxonomy":"post_tag","embeddable":true,"href":"https:\/\/www.europesays.com\/fr\/wp-json\/wp\/v2\/tags?post=341123"}],"curies":[{"name":"wp","href":"https:\/\/api.w.org\/{rel}","templated":true}]}}