{"id":341125,"date":"2025-08-24T18:01:15","date_gmt":"2025-08-24T18:01:15","guid":{"rendered":"https:\/\/www.europesays.com\/fr\/341125\/"},"modified":"2025-08-24T18:01:15","modified_gmt":"2025-08-24T18:01:15","slug":"je-sens-que-je-suis-de-retour","status":"publish","type":"post","link":"https:\/\/www.europesays.com\/fr\/341125\/","title":{"rendered":"Je sens que je suis de retour"},"content":{"rendered":"<p>On annon\u00e7ait des d\u00e9passements impossibles au Balaton Park, <a href=\"https:\/\/fr.motorsport.com\/driver\/jorge-martin\/109391\/\" target=\"_blank\" rel=\"noopener\">Jorge Mart\u00edn<\/a> a prouv\u00e9 l&rsquo;inverse avec des remont\u00e9es lors des deux courses, en particulier ce dimanche. Pour son troisi\u00e8me week-end de course apr\u00e8s son retour, et alors qu&rsquo;il manque encore de rep\u00e8res sur l&rsquo;Aprilia, le champion du monde en titre a pris une quatri\u00e8me place aussi belle qu&rsquo;inattendue, seulement 3&Prime;581 et une position derri\u00e8re son co\u00e9quipier <a href=\"https:\/\/fr.motorsport.com\/driver\/marco-bezzecchi\/441839\/\" target=\"_blank\" rel=\"noopener\">Marco Bezzecchi<\/a>, parti 14 places devant lui.<\/p>\n<p>\u00ab\u00a0Aujourd&rsquo;hui, je sens que je suis de retour\u00a0\u00bb, a d\u00e9clar\u00e9 un Mart\u00edn ravi de la forme affich\u00e9e\u00a0: \u00ab\u00a0J&rsquo;ai pu rouler \u00e0 un bon rythme pendant 26 tours sur un circuit difficile, ce qui n&rsquo;est pas facile.\u00a0\u00bb<\/p>\n<p>Lointain 16e sur la grille apr\u00e8s des qualifications qui lui posent encore probl\u00e8me sur l&rsquo;Aprilia, Mart\u00edn a doubl\u00e9 neuf pilotes d\u00e8s le premier tour, ce qui lui a permis de passer de la 16e \u00e0 la septi\u00e8me place\u00a0: \u00ab\u00a0J&rsquo;ai \u00e9t\u00e9 au niveau aujourd&rsquo;hui. Je ne savais pas \u00e0 quoi m&rsquo;attendre. En fait, partir 16e n&rsquo;\u00e9tait pas id\u00e9al pour entamer la course, mais ma strat\u00e9gie dans les deux premiers virages \u00e9tait assez claire.\u00a0\u00bb<\/p>\n<p>\u00ab\u00a0Je voulais passer \u00e0 l&rsquo;int\u00e9rieur. J&rsquo;\u00e9tais trop \u00e0 l&rsquo;ext\u00e9rieur \u00e0 cause des autres pilotes donc j&rsquo;ai frein\u00e9 sur le vibreur, mais j&rsquo;ai quand m\u00eame pu doubler deux ou trois [pilotes] au premier virage et peut-\u00eatre deux de plus au deuxi\u00e8me virage&#8230; puis deux de plus au virage 5, un de plus au virage 9, donc j&rsquo;ai tout le temps fait des d\u00e9passements. C&rsquo;\u00e9taient les trois premiers tours de la course.\u00a0\u00bb<\/p>\n<p>   <img decoding=\"async\" draggable=\"false\" src=\"https:\/\/www.europesays.com\/fr\/wp-content\/uploads\/2025\/08\/1756058473_511_jorge-martin-aprilia-racing.jpg\" alt=\"Jorge Martin, Aprilia Racing\" width=\"1200\" height=\"800\" loading=\"lazy\"\/> <\/p>\n<p class=\"title\">Jorge Mart\u00edn \u00e9tait offensif en course.<\/p>\n<p class=\"photographer\">Photo de: Gold and Goose Photography \/ LAT Images \/ via Getty Images<\/p>\n<p>Mart\u00edn s&rsquo;est ensuite montr\u00e9 plus prudent, tout en continuant sa remont\u00e9e. Il a doubl\u00e9 <a href=\"https:\/\/fr.motorsport.com\/driver\/luca-marini\/201098\/\" target=\"_blank\" rel=\"noopener\">Luca Marini<\/a>, profit\u00e9 de la chute de <a href=\"https:\/\/fr.motorsport.com\/driver\/fermin-aldeguer\/945314\/\" target=\"_blank\" rel=\"noopener\">Ferm\u00edn Aldeguer<\/a>, et r\u00e9ussi un dernier d\u00e9passement sur <a href=\"https:\/\/fr.motorsport.com\/driver\/franco-morbidelli\/109417\/\" target=\"_blank\" rel=\"noopener\">Franco Morbidelli<\/a>, malgr\u00e9 des erreurs selon lui li\u00e9es \u00e0 son manque de r\u00e9f\u00e9rences avec l&rsquo;Aprilia.<\/p>\n<p>\u00ab\u00a0Dans la deuxi\u00e8me partie, j&rsquo;ai pu rouler \u00e0 un tr\u00e8s, tr\u00e8s bon rythme. J&rsquo;\u00e9tais de plus en plus en confiance sur la moto. Il manque encore un peu de connaissances, pour savoir comment la moto r\u00e9agit quand je freine tr\u00e8s, tr\u00e8s fort. Deux ou trois fois, je suis sorti large au virage 5, presque hors de la piste, puis j&rsquo;ai perdu une ou deux secondes \u00e0 chaque fois.\u00a0\u00bb<\/p>\n<p>\u00ab\u00a0Je dois un peu mieux comprendre \u00e7a, je suis encore dans un processus d&rsquo;apprentissage. Sur la grille, je faisais encore des changements sur le guidon, donc j&rsquo;ai besoin d&rsquo;un peu plus de temps !\u00a0\u00bb<\/p>\n<p>\u00ab\u00a0Mais en donnant 100%, j&rsquo;ai pris la quatri\u00e8me place aujourd&rsquo;hui, ce qui est un bon r\u00e9sultat, et surtout pour l&rsquo;\u00e9quipe, pour garder la motivation, pour continuer \u00e0 y croire. \u00c0 titre personnel, plus que le r\u00e9sultat, j&rsquo;ai am\u00e9lior\u00e9 mes sensations, j&rsquo;ai am\u00e9lior\u00e9 mes r\u00e9glages de base et je peux \u00eatre mieux pr\u00e9par\u00e9 pour la prochaine course.\u00a0\u00bb<\/p>\n<p>Le sprint montrait d\u00e9j\u00e0 des promesses<\/p>\n<p>Jorge Mart\u00edn avait d\u00e9j\u00e0 gagn\u00e9 plusieurs places lors du sprint. Il \u00e9tait 17e sur la grille, une position plus lointaine que ce dimanche puisque la p\u00e9nalit\u00e9 de <a href=\"https:\/\/fr.motorsport.com\/driver\/jack-miller\/96423\/\" target=\"_blank\" rel=\"noopener\">Jack Miller<\/a> ne s&rsquo;appliquait pas encore, et il a gagn\u00e9 cinq places lors du premier tour. Il a ensuite pris l&rsquo;avantage sur Miller, <a href=\"https:\/\/fr.motorsport.com\/driver\/pedro-acosta\/840236\/\" target=\"_blank\" rel=\"noopener\">Pedro Acosta<\/a> et <a href=\"https:\/\/fr.motorsport.com\/driver\/pol-espargaro\/94345\/\" target=\"_blank\" rel=\"noopener\">Pol Espargar\u00f3<\/a> pour s&rsquo;offrir le point de la neuvi\u00e8me place.<\/p>\n<p>\u00ab\u00a0J&rsquo;\u00e9tais confiant pour pouvoir freiner assez fort pendant le week-end\u00a0\u00bb, expliquait Mart\u00edn apr\u00e8s le sprint. \u00ab\u00a0Je freine fort par rapport \u00e0 Marco. J&rsquo;avais confiance pour pouvoir doubler \u00e0 quelques endroits. Le premier virage \u00e9tait un peu une inconnue parce que c&rsquo;est un peu dangereux. Je pense qu&rsquo;il faut utiliser son cerveau vu que c&rsquo;est dangereux. M\u00eame si j&rsquo;ai frein\u00e9 super fort, j&rsquo;ai senti un contact de la part d&rsquo;un autre pilote.\u00a0\u00bb<\/p>\n<p>   <img decoding=\"async\" draggable=\"false\" src=\"https:\/\/www.europesays.com\/fr\/wp-content\/uploads\/2025\/08\/1756058475_580_jorge-martin-aprilia-racing.jpg\" alt=\"Jorge Martin, Aprilia Racing\" width=\"1200\" height=\"800\" loading=\"lazy\"\/> <\/p>\n<p class=\"title\">Jorge Mart\u00edn<\/p>\n<p class=\"photographer\">Photo de: Gold and Goose Photography \/ LAT Images \/ via Getty Images<\/p>\n<p>\u00ab\u00a0Ensuite, j&rsquo;ai \u00e9t\u00e9 assez malin pour trouver ma place dans le premier tour. J&rsquo;ai doubl\u00e9 trois ou quatre pilotes entre le deuxi\u00e8me et le dernier virage. \u00c0 partir de l\u00e0, j&rsquo;ai essay\u00e9 de faire des d\u00e9passements. Je pr\u00e9parais tr\u00e8s bien le virage 9. Je pr\u00e9parais peut-\u00eatre une man\u0153uvre \u00e0 cet endroit \u00e0 partir du virage 5 et j&rsquo;ai doubl\u00e9 quelques pilotes. Une fois neuvi\u00e8me, j&rsquo;\u00e9tais un peu seul. J&rsquo;ai un peu essay\u00e9 de suivre <a href=\"https:\/\/fr.motorsport.com\/driver\/alex-marquez\/96324\/\" target=\"_blank\" rel=\"noopener\">\u00c1lex M\u00e1rquez<\/a> mais ils en ont encore un peu plus. J&rsquo;\u00e9tais peut-\u00eatre un ou deux dixi\u00e8mes plus lent.\u00a0\u00bb<\/p>\n<p>Mart\u00edn confiait alors son d\u00e9sir de mettre plus de poids sur l&rsquo;arri\u00e8re pour compenser un manque de grip, qu&rsquo;il semble avoir trouv\u00e9 ce dimanche, mais la marge de progression reste nette. \u00ab\u00a0C&rsquo;est s\u00fbr que j&rsquo;ai encore besoin de temps avec la moto\u00a0\u00bb, a-t-il soulign\u00e9 avant de quitter le Balaton Park. \u00ab\u00a0Je suis le m\u00eame Mart\u00ednator que l&rsquo;an dernier, la moto est bien meilleure que l&rsquo;an dernier, donc c&rsquo;est juste une question de temps avant de tout assembler et jouer la victoire.\u00a0\u00bb<\/p>\n<p>Lire aussi :<\/p>\n<p>Dans cet article<\/p>\n<p>Soyez le premier inform\u00e9 et souscrivez aux alertes mails pour recevoir les infos en temps r\u00e9el<\/p>\n<p>    S&rsquo;abonner aux alertes de news<\/p>\n","protected":false},"excerpt":{"rendered":"On annon\u00e7ait des d\u00e9passements impossibles au Balaton Park, Jorge Mart\u00edn a prouv\u00e9 l&rsquo;inverse avec des remont\u00e9es lors des&hellip;\n","protected":false},"author":2,"featured_media":341126,"comment_status":"","ping_status":"","sticky":false,"template":"","format":"standard","meta":{"footnotes":""},"categories":[1413],"tags":[3563,21747,1011,27,21746,3564,47737,1457,1456,1458,60],"class_list":{"0":"post-341125","1":"post","2":"type-post","3":"status-publish","4":"format-standard","5":"has-post-thumbnail","7":"category-moto","8":"tag-aprilia-racing-team","9":"tag-balaton-park","10":"tag-fr","11":"tag-france","12":"tag-gp-de-hongrie","13":"tag-jorge-martu00edn","14":"tag-martu00edn-au-pied-du-podiumu00a0-je-sens-que-je-suis-de-retour","15":"tag-moto","16":"tag-motocycle","17":"tag-motogp","18":"tag-sports"},"share_on_mastodon":{"url":"https:\/\/pubeurope.com\/@fr\/115085055857369936","error":""},"_links":{"self":[{"href":"https:\/\/www.europesays.com\/fr\/wp-json\/wp\/v2\/posts\/341125","targetHints":{"allow":["GET"]}}],"collection":[{"href":"https:\/\/www.europesays.com\/fr\/wp-json\/wp\/v2\/posts"}],"about":[{"href":"https:\/\/www.europesays.com\/fr\/wp-json\/wp\/v2\/types\/post"}],"author":[{"embeddable":true,"href":"https:\/\/www.europesays.com\/fr\/wp-json\/wp\/v2\/users\/2"}],"replies":[{"embeddable":true,"href":"https:\/\/www.europesays.com\/fr\/wp-json\/wp\/v2\/comments?post=341125"}],"version-history":[{"count":0,"href":"https:\/\/www.europesays.com\/fr\/wp-json\/wp\/v2\/posts\/341125\/revisions"}],"wp:featuredmedia":[{"embeddable":true,"href":"https:\/\/www.europesays.com\/fr\/wp-json\/wp\/v2\/media\/341126"}],"wp:attachment":[{"href":"https:\/\/www.europesays.com\/fr\/wp-json\/wp\/v2\/media?parent=341125"}],"wp:term":[{"taxonomy":"category","embeddable":true,"href":"https:\/\/www.europesays.com\/fr\/wp-json\/wp\/v2\/categories?post=341125"},{"taxonomy":"post_tag","embeddable":true,"href":"https:\/\/www.europesays.com\/fr\/wp-json\/wp\/v2\/tags?post=341125"}],"curies":[{"name":"wp","href":"https:\/\/api.w.org\/{rel}","templated":true}]}}