{"id":341130,"date":"2025-08-24T18:04:23","date_gmt":"2025-08-24T18:04:23","guid":{"rendered":"https:\/\/www.europesays.com\/fr\/341130\/"},"modified":"2025-08-24T18:04:23","modified_gmt":"2025-08-24T18:04:23","slug":"lens-a-un-enorme-coup-de-coeur-au-portugal","status":"publish","type":"post","link":"https:\/\/www.europesays.com\/fr\/341130\/","title":{"rendered":"Lens a un \u00e9norme coup de coeur au Portugal"},"content":{"rendered":"<p><strong>Le Racing club de Lens a connu du remue-m\u00e9nage cet \u00e9t\u00e9 sur le mercato. Quelques joueurs cadres ont quitt\u00e9 le bateau art\u00e9sien. Avec l\u2019arriv\u00e9e de Pierre Sage sur le banc, les Sang et Or veulent relancer un cycle. Les m\u00e9thodes restent les m\u00eames avec des jeunes profils cibl\u00e9s. C\u2019est le cas du jeune Elie.<\/strong><\/p>\n<p>Pi\u00e9g\u00e9 sur sa pelouse face \u00e0 l\u2019Olympique Lyonnais, le Racing club de Lens va tenter de se relancer face au Havre ce dimanche. Les Sang et Or ont perdu cette semaine <a href=\"https:\/\/www.foot01.com\/equipe\/lens\/\" rel=\"nofollow noopener\" target=\"_blank\">Andy Diouf<\/a>. Symbole d\u2019un mercato de mouvement, les Art\u00e9siens doivent relancer un nouveau cycle sous la houlette de Pierre Sage. L\u2019ancien entraineur de l\u2019OL a vu le d\u00e9part de nombreux cadres cet \u00e9t\u00e9. Pour les remplacer, le club du Nord de la France cible des jeunes profils.<\/p>\n<p>Le RC Lens \u00e0 la lutte avec une autre \u00e9quipe de Ligue 1<\/p>\n<blockquote class=\"twitter-tweet\"><p>&#13;<\/p>\n<p lang=\"en\" dir=\"ltr\">\ud835\uddd8\ud835\uddeb\ud835\uddd6\ud835\udddf: <a href=\"https:\/\/twitter.com\/hashtag\/Torreense?src=hash&amp;ref_src=twsrc%5Etfw\" rel=\"nofollow noopener\" target=\"_blank\">#Torreense<\/a> have rejected bids from <a href=\"https:\/\/twitter.com\/hashtag\/Rak%C3%B3w?src=hash&amp;ref_src=twsrc%5Etfw\" rel=\"nofollow noopener\" target=\"_blank\">#Rak\u00f3w<\/a>, <a href=\"https:\/\/twitter.com\/hashtag\/LasPalmas?src=hash&amp;ref_src=twsrc%5Etfw\" rel=\"nofollow noopener\" target=\"_blank\">#LasPalmas<\/a> and <a href=\"https:\/\/twitter.com\/hashtag\/Gent?src=hash&amp;ref_src=twsrc%5Etfw\" rel=\"nofollow noopener\" target=\"_blank\">#Gent<\/a> for <a href=\"https:\/\/twitter.com\/hashtag\/Elie?src=hash&amp;ref_src=twsrc%5Etfw\" rel=\"nofollow noopener\" target=\"_blank\">#Elie<\/a>. The club have now received two offers from France \u2014 <a href=\"https:\/\/twitter.com\/hashtag\/Lens?src=hash&amp;ref_src=twsrc%5Etfw\" rel=\"nofollow noopener\" target=\"_blank\">#Lens<\/a> and <a href=\"https:\/\/twitter.com\/hashtag\/Metz?src=hash&amp;ref_src=twsrc%5Etfw\" rel=\"nofollow noopener\" target=\"_blank\">#Metz<\/a> \u2014 with talks ongoing. <a href=\"https:\/\/twitter.com\/hashtag\/Benfica?src=hash&amp;ref_src=twsrc%5Etfw\" rel=\"nofollow noopener\" target=\"_blank\">#Benfica<\/a> are also monitoring the situation as they consider a move. <a href=\"https:\/\/t.co\/c5Y24T8Eoa\" rel=\"nofollow\">pic.twitter.com\/c5Y24T8Eoa<\/a><\/p>\n<p>&#13;<br \/>\n\u2014 Lorenzo Lepore \uea00 (@lorenzooleporee) <a href=\"https:\/\/twitter.com\/lorenzooleporee\/status\/1959532097053598095?ref_src=twsrc%5Etfw\" rel=\"nofollow noopener\" target=\"_blank\">August 24, 2025<\/a><\/p><\/blockquote>\n<p>Ce dimanche, le journaliste Lorenzo Lepore d\u00e9voile que le RC Les surveille de pr\u00e8s la situation du jeune d\u00e9fenseur central de 21 ans, Elie. Le jeune ivoirien d\u20191,88 m\u00e8tre \u00e9volue du c\u00f4t\u00e9 de Torreense en deuxi\u00e8me division portugaise. Tr\u00e8s courtis\u00e9 en Europe, Elie a fait l\u2019objet d\u2019offres de plusieurs clubs depuis quelques semaines. Le club portugais a d\u00e9j\u00e0 coup\u00e9 les n\u00e9gociations avec Las Palmas, Genk ou encore le club polonais de Rakow. Le RC Lens n\u2019est pas le seul club fran\u00e7ais \u00e0 suivre le d\u00e9fenseur central. Le FC Metz a \u00e9galement entam\u00e9 les n\u00e9gociations avec la formation portugaise. Le journaliste explique que Benfica pourrait se joindre \u00e0 la f\u00eate dans les prochains jours. Elie est sous contrat jusqu\u2019en 2027 avec le club de Torreense et il est \u00e9valu\u00e9 \u00e0 un million d\u2019euros sur Transfermarkt. Le RC Lens va devoir acc\u00e9l\u00e9rer pour s\u2019offrir le joueur de 21 ans avant que la concurrence ne devienne trop f\u00e9roce sur le march\u00e9.<\/p>\n<p>          <script async src=\"https:\/\/platform.twitter.com\/widgets.js\" charset=\"utf-8\"><\/script><\/p>\n","protected":false},"excerpt":{"rendered":"Le Racing club de Lens a connu du remue-m\u00e9nage cet \u00e9t\u00e9 sur le mercato. Quelques joueurs cadres ont&hellip;\n","protected":false},"author":2,"featured_media":341131,"comment_status":"","ping_status":"","sticky":false,"template":"","format":"standard","meta":{"footnotes":""},"categories":[1410],"tags":[63,1011,27,60],"class_list":{"0":"post-341130","1":"post","2":"type-post","3":"status-publish","4":"format-standard","5":"has-post-thumbnail","7":"category-football","8":"tag-football","9":"tag-fr","10":"tag-france","11":"tag-sports"},"share_on_mastodon":{"url":"https:\/\/pubeurope.com\/@fr\/115085067133802683","error":""},"_links":{"self":[{"href":"https:\/\/www.europesays.com\/fr\/wp-json\/wp\/v2\/posts\/341130","targetHints":{"allow":["GET"]}}],"collection":[{"href":"https:\/\/www.europesays.com\/fr\/wp-json\/wp\/v2\/posts"}],"about":[{"href":"https:\/\/www.europesays.com\/fr\/wp-json\/wp\/v2\/types\/post"}],"author":[{"embeddable":true,"href":"https:\/\/www.europesays.com\/fr\/wp-json\/wp\/v2\/users\/2"}],"replies":[{"embeddable":true,"href":"https:\/\/www.europesays.com\/fr\/wp-json\/wp\/v2\/comments?post=341130"}],"version-history":[{"count":0,"href":"https:\/\/www.europesays.com\/fr\/wp-json\/wp\/v2\/posts\/341130\/revisions"}],"wp:featuredmedia":[{"embeddable":true,"href":"https:\/\/www.europesays.com\/fr\/wp-json\/wp\/v2\/media\/341131"}],"wp:attachment":[{"href":"https:\/\/www.europesays.com\/fr\/wp-json\/wp\/v2\/media?parent=341130"}],"wp:term":[{"taxonomy":"category","embeddable":true,"href":"https:\/\/www.europesays.com\/fr\/wp-json\/wp\/v2\/categories?post=341130"},{"taxonomy":"post_tag","embeddable":true,"href":"https:\/\/www.europesays.com\/fr\/wp-json\/wp\/v2\/tags?post=341130"}],"curies":[{"name":"wp","href":"https:\/\/api.w.org\/{rel}","templated":true}]}}