{"id":341134,"date":"2025-08-24T18:06:10","date_gmt":"2025-08-24T18:06:10","guid":{"rendered":"https:\/\/www.europesays.com\/fr\/341134\/"},"modified":"2025-08-24T18:06:10","modified_gmt":"2025-08-24T18:06:10","slug":"lart-deco-signe-son-grand-retour","status":"publish","type":"post","link":"https:\/\/www.europesays.com\/fr\/341134\/","title":{"rendered":"l\u2019Art D\u00e9co signe son grand retour"},"content":{"rendered":"\n<p>Il y a des styles qui ne meurent jamais vraiment. Ils disparaissent un temps, puis reviennent <strong>plus modernes<\/strong> et adapt\u00e9s \u00e0 nos vies d\u2019aujourd\u2019hui. <strong>L\u2019Art D\u00e9co<\/strong> en fait partie : ce mouvement n\u00e9 il y a plus d\u2019un si\u00e8cle s\u00e9duit \u00e0 nouveau. Comme le souligne Apartment Therapy, son influence ressurgit dans <a href=\"https:\/\/www.lejournaldelamaison.fr\/le-journal-de-la-maison\/nouveautes\/tendances\/tendances-deco\/voici-plus-belles-tendances-deco-automne-2025-nouvelle-collection-sostrene-grene-517398.html\" rel=\"nofollow noopener\" target=\"_blank\">les tendances d\u00e9co<\/a> rep\u00e9r\u00e9es par Pinterest pour l\u2019automne 2025. C\u2019est un retour qui n\u2019a rien de nostalgique. Bien au contraire, il traduit une envie de glamour, de chaleur et de d\u00e9tails qui <strong>embellissent le quotidien<\/strong>. <\/p>\n<p>    Une tendance d\u00e9co qui traverse le temps <\/p>\n<p>\u00c0 l\u2019origine, l\u2019Art D\u00e9co a vu le jour \u00e0 Paris dans<strong> les ann\u00e9es 1920<\/strong> avant de conqu\u00e9rir les \u00c9tats-Unis. Avec ses formes audacieuses et ses lignes graphiques, il s\u2019est impos\u00e9 comme <strong>une esth\u00e9tique raffin\u00e9e<\/strong>, \u00e0 la fois luxueuse et moderne pour son \u00e9poque. Puis, apr\u00e8s la guerre, il a peu \u00e0 peu laiss\u00e9 place \u00e0 d\u2019<strong>autres styles<\/strong>.<\/p>\n<p>Aujourd\u2019hui, il reprend vie. Les recherches explosent autour de mots-cl\u00e9s comme<strong> \u00ab\u00a0carreaux vintage\u00a0\u00bb<\/strong> ou <strong>\u00ab\u00a0Art D\u00e9co vintage\u00a0\u00bb<\/strong>, preuve que l\u2019envie de retrouver <a href=\"https:\/\/www.lejournaldelamaison.fr\/le-journal-de-la-maison\/nouveautes\/tendances\/tendances-deco\/pourquoi-decorateurs-misent-sur-detail-xviie-siecle-sublimer-murs-2025-cest-bluffant-516868.html\" rel=\"nofollow noopener\" target=\"_blank\">cette atmosph\u00e8re chic<\/a> traverse \u00e0 nouveau nos int\u00e9rieurs. Plus qu\u2019un effet de mode, ce retour montre que l\u2019Art D\u00e9co reste <strong>une valeur s\u00fbre<\/strong> pour cr\u00e9er une ambiance \u00e9l\u00e9gante et forte en caract\u00e8re.<\/p>\n<p>    <a href=\"https:\/\/www.europesays.com\/fr\/wp-content\/uploads\/2025\/08\/akterspring-lampe-de-table-opalin-verre-laitonne__1416207_pe975489_s5.jpg.jpg\"><img loading=\"lazy\" decoding=\"async\" aria-describedby=\"caption-attachment-519853\" itemprop=\"thumbnailUrl\" class=\"size-full wp-image-519853 img-responsive  pinit-here\" src=\"https:\/\/www.europesays.com\/fr\/wp-content\/uploads\/2025\/08\/akterspring-lampe-de-table-opalin-verre-laitonne__1416207_pe975489_s5.jpg.jpg\" alt=\"tendance d\u00e9co\" width=\"900\" height=\"900\" data-pin-media=\"https:\/\/www.lejournaldelamaison.fr\/wp-content\/uploads\/sites\/8\/2025\/08\/akterspring-lampe-de-table-opalin-verre-laitonne__1416207_pe975489_s5.jpg-736x736.jpg\"\/><\/a> \u00a9  IKEA<\/p>\n<p id=\"caption-attachment-519853\" class=\"wp-caption-text\">Lampe de table AKTERSPRING, opalin verre\/laitonn\u00e9, 39 cm &#8211; <a href=\"https:\/\/www.ikea.com\/fr\/fr\/p\/akterspring-lampe-de-table-opalin-verre-laitonne-00586548\/?gclsrc=aw.ds&amp;gad_source=1&amp;gad_campaignid=19963648773&amp;gbraid=0AAAAAD-wJrnNPBwGv_XPlCW7msJ9cBGws&amp;gclid=Cj0KCQjw8KrFBhDUARIsAMvIApZhX8-kSJQ16Tuo29YVa4DE9BUQHspBnAUSLDJSEmTTiG5EqMDuSCoaAgyGEALw_wcB\" target=\"_blank\" rel=\"noopener nofollow\">39,99 \u20ac<\/a><\/p>\n<p>    Quand la tendance d\u00e9co s\u2019adapte \u00e0 nos maisons <\/p>\n<p>Ce renouveau ne signifie pas forc\u00e9ment de grands travaux. Il s\u2019agit plut\u00f4t <strong>de touches par-ci par-l\u00e0<\/strong> : une cr\u00e9dence en carreaux aux couleurs profondes, <a href=\"https:\/\/www.lejournaldelamaison.fr\/le-journal-de-la-maison\/actus-deco\/cette-lampe-canon-reperee-chez-maisons-du-monde-fait-de-lombre-aux-modeles-haut-de-gamme-et-coute-moins-de-40e-510261.html\" rel=\"nofollow noopener\" target=\"_blank\">une lampe aux lignes g\u00e9om\u00e9triques<\/a>, un textile graphique qui change l\u2019allure d\u2019une pi\u00e8ce. Le but est simplement d\u2019ajouter <strong>une touche de ce charme sophistiqu\u00e9<\/strong> dans la vie de tous les jours.<\/p>\n<p>L\u2019Art D\u00e9co de 2025 <strong>se veut accessible<\/strong>. Peu importe la taille de l\u2019appartement ou le budget, chacun peut s\u2019approprier un d\u00e9tail inspir\u00e9 de cette \u00e9poque. <a href=\"https:\/\/www.lejournaldelamaison.fr\/le-journal-de-la-maison\/actus-deco\/vieux-vase-verre-depoli-chine-voyez-partout-peut-valoir-plusieurs-milliers-deuros-509680.html\" rel=\"nofollow noopener\" target=\"_blank\">Un vase en verre<\/a>, une touche de cuivre, ou m\u00eame une bougie parfum\u00e9e aux notes chaudes <strong>peuvent suffire<\/strong> pour \u00e9voquer cette ambiance.<\/p>\n<blockquote class=\"instagram-media \" style=\"background: #ffffff;border: 0;margin: 1px;width: 100%;padding: 0;max-width: 500px;\" data-instgrm-permalink=\"https:\/\/www.instagram.com\/p\/DNiswDVKz54\/?utm_source=ig_web_copy_link\" data-instgrm-version=\"14\"\/><p>    Un style qui parle \u00e0 tous les sens <\/p>\n<p>L\u2019Art D\u00e9co ne s\u2019exprime pas seulement dans les formes ou les couleurs. C\u2019est aussi <strong>une atmosph\u00e8re globale<\/strong>. On le retrouve dans la chaleur d\u2019une lumi\u00e8re tamis\u00e9e, le parfum d\u2019une bougie <a href=\"https:\/\/www.lejournaldelamaison.fr\/le-journal-de-la-maison\/nouveautes\/tendances\/tendances-deco\/vert-boise-bleu-crepusculaire-curcuma-voici-les-couleurs-tendance-de-lautomne-2025-et-elles-ne-ressemblent-pas-a-ce-que-vous-imaginez-517127.html\" rel=\"nofollow noopener\" target=\"_blank\">qui rappelle l\u2019automne<\/a>, ou m\u00eame la texture d\u2019un textile bien choisi. Cette tendance ne cherche pas \u00e0 copier le pass\u00e9, mais<strong> \u00e0 l\u2019interpr\u00e9ter avec modernit\u00e9<\/strong>.<\/p>\n<p>Finalement, ce qui s\u00e9duit, c\u2019est cette id\u00e9e d\u2019embellir le quotidien <strong>sans chercher la perfection<\/strong>. L\u2019Art D\u00e9co revient comme <a href=\"https:\/\/www.lejournaldelamaison.fr\/le-journal-de-la-maison\/decoration-par-style\/industriel-et-vintage\/ce-genre-de-broderie-du-19e-siecle-sera-resolument-in-en-2025-allez-fouiller-dans-le-placard-de-vos-grands-meres-497163.html\" rel=\"nofollow noopener\" target=\"_blank\">un clin d\u2019\u0153il au glamour d\u2019hier<\/a>, mais avec un regard tourn\u00e9 <strong>vers aujourd\u2019hui<\/strong>. Et peut-\u00eatre est-ce pour \u00e7a qu\u2019il nous touche autant : ce style au parfum vintage r\u00e9ussit \u00e0 m\u00ealer <strong>\u00e9l\u00e9gance et raffinement<\/strong>, sans jamais perdre son \u00e9clat.<\/p>\n<p>                <script async src=\"\/\/www.instagram.com\/embed.js\"><\/script><\/p>\n","protected":false},"excerpt":{"rendered":"Il y a des styles qui ne meurent jamais vraiment. Ils disparaissent un temps, puis reviennent plus modernes&hellip;\n","protected":false},"author":2,"featured_media":341135,"comment_status":"","ping_status":"","sticky":false,"template":"","format":"standard","meta":{"footnotes":""},"categories":[1358],"tags":[1348,1384,1385,1386,58,59,1011,27],"class_list":{"0":"post-341134","1":"post","2":"type-post","3":"status-publish","4":"format-standard","5":"has-post-thumbnail","7":"category-arts-et-design","8":"tag-arts","9":"tag-arts-and-design","10":"tag-arts-et-design","11":"tag-design","12":"tag-divertissement","13":"tag-entertainment","14":"tag-fr","15":"tag-france"},"share_on_mastodon":{"url":"https:\/\/pubeurope.com\/@fr\/115085075354651232","error":""},"_links":{"self":[{"href":"https:\/\/www.europesays.com\/fr\/wp-json\/wp\/v2\/posts\/341134","targetHints":{"allow":["GET"]}}],"collection":[{"href":"https:\/\/www.europesays.com\/fr\/wp-json\/wp\/v2\/posts"}],"about":[{"href":"https:\/\/www.europesays.com\/fr\/wp-json\/wp\/v2\/types\/post"}],"author":[{"embeddable":true,"href":"https:\/\/www.europesays.com\/fr\/wp-json\/wp\/v2\/users\/2"}],"replies":[{"embeddable":true,"href":"https:\/\/www.europesays.com\/fr\/wp-json\/wp\/v2\/comments?post=341134"}],"version-history":[{"count":0,"href":"https:\/\/www.europesays.com\/fr\/wp-json\/wp\/v2\/posts\/341134\/revisions"}],"wp:featuredmedia":[{"embeddable":true,"href":"https:\/\/www.europesays.com\/fr\/wp-json\/wp\/v2\/media\/341135"}],"wp:attachment":[{"href":"https:\/\/www.europesays.com\/fr\/wp-json\/wp\/v2\/media?parent=341134"}],"wp:term":[{"taxonomy":"category","embeddable":true,"href":"https:\/\/www.europesays.com\/fr\/wp-json\/wp\/v2\/categories?post=341134"},{"taxonomy":"post_tag","embeddable":true,"href":"https:\/\/www.europesays.com\/fr\/wp-json\/wp\/v2\/tags?post=341134"}],"curies":[{"name":"wp","href":"https:\/\/api.w.org\/{rel}","templated":true}]}}