{"id":341136,"date":"2025-08-24T18:07:33","date_gmt":"2025-08-24T18:07:33","guid":{"rendered":"https:\/\/www.europesays.com\/fr\/341136\/"},"modified":"2025-08-24T18:07:33","modified_gmt":"2025-08-24T18:07:33","slug":"metamorphoses-francaises-jerome-fourquet-presente-son-nouveau-livre-mardi-26-aout-a-belle-ile-en-mer","status":"publish","type":"post","link":"https:\/\/www.europesays.com\/fr\/341136\/","title":{"rendered":"\u00ab\u00a0M\u00e9tamorphoses fran\u00e7aises\u00a0\u00bb\u00a0: J\u00e9r\u00f4me Fourquet pr\u00e9sente son nouveau livre mardi 26\u00a0ao\u00fbt \u00e0 Belle-\u00cele-en-Mer"},"content":{"rendered":"<p>Belle-\u00cele en livres convie le public \u00e0 la pr\u00e9sentation du livre \u00ab\u00a0M\u00e9tamorphoses fran\u00e7aises, \u00c9tat de la France\u00a0\u00bb en infographies et en images. Son auteur, J\u00e9r\u00f4me Fourquet, est analyste politique, expert en g\u00e9ographie \u00e9lectorale, directeur du d\u00e9partement Opinion \u00e0 l\u2019Ifop. Cet ouvrage propose une r\u00e9trospective compl\u00e8te d\u2019une France qui s\u2019est m\u00e9tamorphos\u00e9e en seulement quelques d\u00e9cennies, enrichie de cartes in\u00e9dites, du vote Macron parmi les Fran\u00e7ais de l\u2019\u00e9tranger, des \u00e9meutes de l\u2019\u00e9t\u00e9 2023, de l\u2019implantation des McDonald\u2019s ou bien encore du maillage de la compagnie low cost FlixBus et de photographies, qui nous livrent comme un album de famille collectif. Mod\u00e9ration\u00a0: C\u00e9dric Philibert de Belle-\u00cele en Livres<\/p>\n<p><b>Pratique<\/b><\/p>\n<p class=\"note\">Gratuit ouvert \u00e0 tous, places limit\u00e9es, r\u00e9servation des places par mail \u00e0 belleileenlivres@gmail.com ou par t\u00e9l\u00e9phone au t\u00e9l. 06\u00a048\u00a010\u00a089\u00a084.<\/p>\n<p class=\"note\">Rendez-vous \u00e0 la chapelle Saint S\u00e9bastien au 45 avenue Carnot \u00e0 Le Palais \u00e0 19\u00a0h le 26 ao\u00fbt.<\/p>\n","protected":false},"excerpt":{"rendered":"Belle-\u00cele en livres convie le public \u00e0 la pr\u00e9sentation du livre \u00ab\u00a0M\u00e9tamorphoses fran\u00e7aises, \u00c9tat de la France\u00a0\u00bb en&hellip;\n","protected":false},"author":2,"featured_media":341137,"comment_status":"","ping_status":"","sticky":false,"template":"","format":"standard","meta":{"footnotes":""},"categories":[1357],"tags":[40105,1379,58,59,1011,27,47075,1380,4555,3729],"class_list":{"0":"post-341136","1":"post","2":"type-post","3":"status-publish","4":"format-standard","5":"has-post-thumbnail","7":"category-livres","8":"tag-belle-ile-en-mer","9":"tag-books","10":"tag-divertissement","11":"tag-entertainment","12":"tag-fr","13":"tag-france","14":"tag-le-palais","15":"tag-livres","16":"tag-local","17":"tag-morbihan"},"share_on_mastodon":{"url":"https:\/\/pubeurope.com\/@fr\/115085079082095797","error":""},"_links":{"self":[{"href":"https:\/\/www.europesays.com\/fr\/wp-json\/wp\/v2\/posts\/341136","targetHints":{"allow":["GET"]}}],"collection":[{"href":"https:\/\/www.europesays.com\/fr\/wp-json\/wp\/v2\/posts"}],"about":[{"href":"https:\/\/www.europesays.com\/fr\/wp-json\/wp\/v2\/types\/post"}],"author":[{"embeddable":true,"href":"https:\/\/www.europesays.com\/fr\/wp-json\/wp\/v2\/users\/2"}],"replies":[{"embeddable":true,"href":"https:\/\/www.europesays.com\/fr\/wp-json\/wp\/v2\/comments?post=341136"}],"version-history":[{"count":0,"href":"https:\/\/www.europesays.com\/fr\/wp-json\/wp\/v2\/posts\/341136\/revisions"}],"wp:featuredmedia":[{"embeddable":true,"href":"https:\/\/www.europesays.com\/fr\/wp-json\/wp\/v2\/media\/341137"}],"wp:attachment":[{"href":"https:\/\/www.europesays.com\/fr\/wp-json\/wp\/v2\/media?parent=341136"}],"wp:term":[{"taxonomy":"category","embeddable":true,"href":"https:\/\/www.europesays.com\/fr\/wp-json\/wp\/v2\/categories?post=341136"},{"taxonomy":"post_tag","embeddable":true,"href":"https:\/\/www.europesays.com\/fr\/wp-json\/wp\/v2\/tags?post=341136"}],"curies":[{"name":"wp","href":"https:\/\/api.w.org\/{rel}","templated":true}]}}