{"id":341138,"date":"2025-08-24T18:08:19","date_gmt":"2025-08-24T18:08:19","guid":{"rendered":"https:\/\/www.europesays.com\/fr\/341138\/"},"modified":"2025-08-24T18:08:19","modified_gmt":"2025-08-24T18:08:19","slug":"retour-de-ca-se-discute-lea-salame-au-20-heures-anne-sophie-lapix-sur-m6-voici-les-10-nouveautes-tele-a-ne-pas-manquer","status":"publish","type":"post","link":"https:\/\/www.europesays.com\/fr\/341138\/","title":{"rendered":"Retour de \u00c7a se discute, L\u00e9a Salam\u00e9 au 20 Heures, Anne-Sophie Lapix sur M6&#8230; Voici les 10 nouveaut\u00e9s t\u00e9l\u00e9 \u00e0 ne pas manquer"},"content":{"rendered":"<p>L&rsquo;\u00e9t\u00e9 touche \u00e0 sa fin ! Si les vacances sont (presque) finies, la rentr\u00e9e est bel et bien l\u00e0 sur le petit \u00e9cran. La preuve, d\u00e8s ce 25 ao\u00fbt, certains animateurs font leur grand retour apr\u00e8s un repos bien m\u00e9rit\u00e9. Cette ann\u00e9e, <a href=\"https:\/\/www.programme-tv.net\/news\/tv\/382290-lea-salame-olivier-minne-faustine-bollaert-sur-quelles-chaines-retrouver-les-animateurs-a-la-rentree-apres-le-mercato-tele-photos\/\" data-api-deeplink=\"teleloisirs:\/\/news\/382290\" target=\"_blank\" rel=\"noopener\">le mercato a \u00e9t\u00e9 tr\u00e8s riche<\/a>. Vous vous y perdez un peu dans les nouvelles \u00e9missions \u00e0 venir ? Vous ne savez plus tr\u00e8s bien quels animateurs retrouver sur quelle cha\u00eene ou quand reprennent vos programmes pr\u00e9f\u00e9r\u00e9s ? T\u00e9l\u00e9-Loisirs fait le point sur les rendez-vous incontournables et les nouveaut\u00e9s t\u00e9l\u00e9 \u00e0 ne pas manquer dans les prochains jours.<\/p>\n<p><b>L\u00e9a Salam\u00e9 au JT de 20 Heures de France 2 d\u00e8s le 1er septembre 2025<\/b><\/p>\n<p>C&rsquo;est l&rsquo;\u00e9v\u00e9nement de cette rentr\u00e9e. La journaliste,<a href=\"https:\/\/www.programme-tv.net\/news\/tv\/381493-lea-salame-devrait-presenter-le-jt-de-20-heures-sur-france-2-et-quitter-la-matinale-de-france-inter\/\" data-api-deeplink=\"teleloisirs:\/\/news\/381493\" target=\"_blank\" rel=\"noopener\"> qui a quitt\u00e9 la matinale de France Inter<\/a>, remplace en semaine Anne-Sophie Lapix <a href=\"https:\/\/www.programme-tv.net\/news\/tv\/382584-le-choix-de-quitter-le-20h-n-a-pas-ete-le-mien-anne-sophie-lapix-s-exprime-pour-la-premiere-fois-depuis-son-depart-du-journal-de-france-2\/\" data-api-deeplink=\"teleloisirs:\/\/news\/382584\" target=\"_blank\" rel=\"noopener\">au journal de 20 heures de France 2<\/a>. \u00ab\u00a0Nous allons tenter de mettre au maximum en valeur le travail de la r\u00e9daction avec mon ton, mon histoire et mon parcours\u00a0\u00bb, promet <a href=\"https:\/\/www.programme-tv.net\/biographie\/1044-salame-lea\/\" data-link-people=\"5c093c14-70e3-4f88-8231-98d25b01dc6f\" target=\"_blank\" rel=\"noopener\">L\u00e9a Salam\u00e9<\/a> <a href=\"https:\/\/www.programme-tv.net\/news\/tv\/381494-lea-salame-va-t-elle-rester-dans-quelle-epoque-si-elle-presente-le-jt-de-20-heures-de-france-2\/\" data-api-deeplink=\"teleloisirs:\/\/news\/381494\" target=\"_blank\" rel=\"noopener\">qui conserve Quelle \u00e9poque !<\/a>, toujours diffus\u00e9 le samedi soir.<\/p>\n<p>                        <b>Cyril Hanouna de retour avec<\/b><b> Tout beau, tout 9<\/b><b> sur W9<\/b><\/p>\n<p>Cinq mois apr\u00e8s la fin de TPMP, Baba d\u00e9barque sur W9 avec<a href=\"https:\/\/www.programme-tv.net\/news\/tv\/384931-tout-beau-tout-9-date-de-diffusion-chroniqueurs-concept-les-premieres-infos-sur-lemission-de-cyril-hanouna-sur-w9\/\" data-api-deeplink=\"teleloisirs:\/\/news\/384931\" target=\"_blank\" rel=\"noopener\"> Tout beau, tout 9<\/a> d\u00e8s le 1er septembre 2025 \u00e0 18h45. Tr\u00e8s attendu, ce talk-show quotidien en direct devrait signer le retour au divertissement de l&rsquo;animateur, sans pour autant \u00e9carter les sujets soci\u00e9taux. Autour de la table, <a href=\"https:\/\/www.programme-tv.net\/news\/tv\/385098-sur-et-certain-cyril-hanouna-revele-quels-chroniqueurs-seront-a-ses-cotes-pour-la-premiere-de-sa-nouvelle-emission-tout-beau-tout-9\/\" data-api-deeplink=\"teleloisirs:\/\/news\/385098\" target=\"_blank\" rel=\"noopener\">des ex-chroniqueurs de C8<\/a> (Gilles Verdez, Val\u00e9rie B\u00e9na\u00efm, G\u00e9raldine Maillet, Raymond Aabou&#8230;) et des petits nouveaux, dont <a href=\"https:\/\/www.programme-tv.net\/biographie\/1136-anthony-jerome\/\" data-link-people=\"6981d492-ce06-4040-bd76-1d2afd756b1f\" target=\"_blank\" rel=\"noopener\">J\u00e9r\u00f4me Anthony<\/a>.<\/p>\n<p><b>La nouvelle cha\u00eene Novo 19 arrive sur la TNT<\/b><\/p>\n<p>Lanc\u00e9e le 1er septembre 2025 sur le canal 19 de la TNT, <a href=\"https:\/\/www.programme-tv.net\/news\/tv\/380509-nouvelles-chaines-de-la-tnt-quand-arrivera-novo19-sur-le-canal-19\/\" data-api-deeplink=\"teleloisirs:\/\/news\/380509\" target=\"_blank\" rel=\"noopener\">Novo 19<\/a> (contraction de \u00ab\u00a0nous\u00a0\u00bb et \u00ab\u00a0vous\u00a0\u00bb) sera ax\u00e9e sur les territoires et \u00e0 destination principale des 25-49 ans. Au programme de la cha\u00eene du groupe Sipa Ouest-France : un JT, des fictions et en point d&rsquo;orgue, On a du nouveau, un talk-show quotidien d&rsquo;avant-soir\u00e9e anim\u00e9 par Claire Arnoux (ex-BeIN Sports).<\/p>\n<p>            <b>T\u00e9l\u00e9matin <\/b><b>: la matinale de France 2 change (encore) de duos d\u00e8s le 25 ao\u00fbt 2025<\/b><\/p>\n<p>Apr\u00e8s seulement une saison sur France 2, <a href=\"https:\/\/www.programme-tv.net\/biographie\/9216-flament-flavie\/\" data-link-people=\"0626f70d-4857-47d3-99e3-39d43c76b7ba\" target=\"_blank\" rel=\"noopener\">Flavie Flament<\/a> part <a href=\"https:\/\/www.programme-tv.net\/news\/tv\/382887-ecartee-de-telematin-flavie-flament-change-de-chaine-et-arrive-sur-france-3\/\" data-api-deeplink=\"teleloisirs:\/\/news\/382887\" target=\"_blank\" rel=\"noopener\">animer un magazine sur les r\u00e9gions pour France 3<\/a> tandis que <a href=\"https:\/\/www.programme-tv.net\/news\/tv\/382966-je-minscris-dans-un-projet-de-temps-long-julien-arnaud-donne-des-details-sur-son-arrivee-a-bfmtv\/\" data-api-deeplink=\"teleloisirs:\/\/news\/382966\" target=\"_blank\" rel=\"noopener\">Julien Arnaud vogue vers BFM TV<\/a>. Maya Lauqu\u00e9 et Damien Th\u00e9venot, <a href=\"https:\/\/www.programme-tv.net\/news\/tv\/384746-telematin-voici-quand-maya-lauque-et-damien-thevenot-reviendront-en-semaine-cette-fois\/\" data-api-deeplink=\"teleloisirs:\/\/news\/384746\" target=\"_blank\" rel=\"noopener\">le duo qui officiait le week-end, leur succ\u00e8dent<\/a> d\u00e8s le lundi 25 ao\u00fbt 2025 \u00e0 6h30. M\u00e9lanie Taravant et Samuel Ollivier prennent leur place du vendredi au dimanche.<\/p>\n<p><b>M6 mise sur l&rsquo;info avec l&rsquo;arriv\u00e9e d&rsquo;Anne-Sophie Lapix et d&rsquo;Ashley Chevalier<\/b><\/p>\n<p>Joli coup pour M6 qui accueille <a href=\"https:\/\/www.programme-tv.net\/biographie\/11421-lapix-anne-sophie\/\" data-link-people=\"7c88e2fe-9bc4-44dc-9a4d-bf2788e5520b\" target=\"_blank\" rel=\"noopener\">Anne-Sophie Lapix<\/a>. <a href=\"https:\/\/www.programme-tv.net\/news\/tv\/381220-surprise-anne-sophie-lapix-quitte-france-2-pour-rejoindre-m6-a-la-rentree-decouvrez-ses-nouvelles-emissions\/\" data-api-deeplink=\"teleloisirs:\/\/news\/381220\" target=\"_blank\" rel=\"noopener\">Elle m\u00e8nera un entretien avec une personnalit\u00e9<\/a> qui fait l\u2019actualit\u00e9 chaque dimanche soir et pr\u00e9sentera des prime times \u00e9v\u00e9nementiels. Autre recrue de la Six, Ashley Chevalier (ex-BFM TV) <a href=\"https:\/\/www.programme-tv.net\/news\/tv\/382566-emue-ashley-chevalier-fait-ses-adieux-a-bfmtv-avant-de-rejoindre-m6-a-la-rentree-un-nouveau-jour-commence-pour-moi\/\" data-api-deeplink=\"teleloisirs:\/\/news\/382566\" target=\"_blank\" rel=\"noopener\">prend les r\u00eanes des JT du week-end<\/a> d\u00e8s le vendredi 29 ao\u00fbt \u00e0 19h45. \u00ab\u00a0Un challenge et un aboutissement professionnel\u00a0\u00bb, nous confie-t-elle.<\/p>\n<p>                        <b>La Maison des maternelles<\/b><b> change de cha\u00eene et d&rsquo;horaire<\/b><\/p>\n<p>Surprise ! <a href=\"https:\/\/www.programme-tv.net\/news\/tv\/381541-la-maison-des-maternelles-marie-portolano-nouvel-horaire-nouvelle-chaine-ces-changements-qui-attendent-les-telespectateurs-a-la-rentree\/\" data-api-deeplink=\"teleloisirs:\/\/news\/381541\" target=\"_blank\" rel=\"noopener\">La Maison des maternelles<\/a>, le magazine d\u00e9di\u00e9 \u00e0 la maternit\u00e9 et aux tout-petits, bascule en avant-soir\u00e9e (\u00e0 19h30) sur France 4 avec une formule \u00e9largie \u00e0 toute la famille. \u00ab\u00a0Avec mes trois enfants, les th\u00e8mes abord\u00e9s font d\u00e9j\u00e0 partie de mon quotidien\u00a0\u00bb, sourit Marie Portolano, <a href=\"https:\/\/www.programme-tv.net\/news\/tv\/382896-tres-heureuse-et-fiere-agathe-lecaron-remet-les-cles-de-la-maison-des-maternelles-a-marie-portolano-houssem-loussaief-prend-du-galon\/\" data-api-deeplink=\"teleloisirs:\/\/news\/382896\" target=\"_blank\" rel=\"noopener\">nouvelle incarnation du programme<\/a> avec Houssem Loussaief apr\u00e8s le d\u00e9part d&rsquo;Agathe Lecaron.<\/p>\n<p><b>Dominique Tenza, nouveau matinalier de BFM TV d\u00e8s le 1er septembre 2025<\/b><\/p>\n<p>Une nouvelle \u00e8re pour la matinale de BFM TV. Apr\u00e8s huit ans aux commandes de Premi\u00e8re \u00e9dition, Adeline Fran\u00e7ois et Christophe Delay sont remplac\u00e9s par un duo in\u00e9dit compos\u00e9 de Dominique Tenza, <a href=\"https:\/\/www.programme-tv.net\/news\/tv\/382521-apres-son-depart-de-m6-dominique-tenza-rejoint-une-nouvelle-chaine-a-la-rentree\/\" data-api-deeplink=\"teleloisirs:\/\/news\/382521\" target=\"_blank\" rel=\"noopener\">transfuge de M6<\/a>, et de la journaliste-maison <a href=\"https:\/\/www.programme-tv.net\/biographie\/233250-storme-perrine\/\" data-link-people=\"0717fc4e-7ffd-49af-9248-101ef21d6198\" target=\"_blank\" rel=\"noopener\">Perrine Storme<\/a>. Ils officieront d\u00e8s le 1er septembre \u00e0 6h du matin, en direct.<\/p>\n<p>            <b>Agathe Lecaron arrive en quotidienne sur France 2 dans<\/b><b> Bel &amp; bien<\/b><\/p>\n<p>Jusque-l\u00e0 diffus\u00e9 le samedi, le magazine Bel &amp; bien d&rsquo;Agathe Lecaron va se d\u00e9cliner en quotidienne sur France 2 &#8211; d\u00e8s le 1er septembre \u00e0 9h30 &#8211; et sera d\u00e9sormais tourn\u00e9 en public. Les spectateurs, appel\u00e9s \u00e0 interagir, seront au c\u0153ur de ce \u00ab\u00a0talk-show sur le bien-\u00eatre et la pr\u00e9vention, mes mati\u00e8res de pr\u00e9dilection\u00a0\u00bb, d\u00e9taille l&rsquo;animatrice.<\/p>\n<p><b>LCP lance son talk-show avec Adeline Fran\u00e7ois, ancienne journaliste de BFM TV<\/b><\/p>\n<p>Du mardi au vendredi soir d\u00e8s le 16 septembre prochain \u00e0 19h30, <a href=\"https:\/\/www.programme-tv.net\/news\/tv\/381883-adeline-francois-fait-ses-adieux-a-la-matinale-de-bfmtv-merci-pour-les-roses-et-merci-pour-les-epines\/\" data-api-deeplink=\"teleloisirs:\/\/news\/381883\" target=\"_blank\" rel=\"noopener\">Adeline Fran\u00e7ois prend les r\u00eanes d&rsquo;une \u00e9mission<\/a> d&rsquo;actualit\u00e9, de d\u00e9cryptage et de d\u00e9bats \u00ab\u00a0qui donnera la parole \u00e0 tout le monde avant les grandes \u00e9ch\u00e9ances \u00e9lectorales \u00e0 venir\u00a0\u00bb, se r\u00e9jouit l&rsquo;ex-journaliste de BFM TV.<\/p>\n<p>                        <b>Le retour de l&rsquo;\u00e9mission culte<\/b><b> \u00c7a se discute <\/b><b>avec Estelle Denis<\/b><\/p>\n<p>Apr\u00e8s 16 ans d&rsquo;absence, l&rsquo;\u00e9mission culte rena\u00eet de ses cendres sur les cha\u00eenes de RMC. \u00ab\u00a0Ce magazine est un mod\u00e8le que je trouve toujours extr\u00eamement moderne\u00a0\u00bb, s&rsquo;enthousiasme <a href=\"https:\/\/www.programme-tv.net\/biographie\/25842-denis-estelle\/\" data-link-people=\"39518bd2-5ff4-4065-b9a9-f614521256f4\" target=\"_blank\" rel=\"noopener\">Estelle Denis<\/a> qui aura la lourde t\u00e2che de succ\u00e9der \u00e0 Jean-Luc Delarue dans le courant du mois de septembre.<\/p>\n<p>\u00c7a bouge aussi sur C8, France 5 et RMC<\/p>\n<p>Apr\u00e8s l&rsquo;arr\u00eat de C8, <a href=\"https:\/\/www.programme-tv.net\/news\/tv\/385195-on-connait-la-date-du-retour-de-y-a-que-la-verite-qui-compte-en-inedit-sur-w9\/\" data-api-deeplink=\"teleloisirs:\/\/news\/385195\" target=\"_blank\" rel=\"noopener\">Y&rsquo;a que la v\u00e9rit\u00e9 qui compte <\/a>de <a href=\"https:\/\/www.programme-tv.net\/biographie\/2170-bataille-pascal\/\" data-link-people=\"23c3570c-48b2-4cb3-8b68-d6098db3c8e0\" target=\"_blank\" rel=\"noopener\">Pascal Bataille<\/a> et <a href=\"https:\/\/www.programme-tv.net\/biographie\/2171-fontaine-laurent\/\" data-link-people=\"13d4f893-a28b-4b09-b2a8-0d13dfce47ea\" target=\"_blank\" rel=\"noopener\">Laurent Fontaine<\/a> s&rsquo;installe sur W9. Olivier Minne arrive sur M6 pour animer des jeux, <a href=\"https:\/\/www.programme-tv.net\/news\/tv\/381720-voici-le-jeu-culte-que-va-animer-olivier-minne-sur-m6-a-la-rentree\/\" data-api-deeplink=\"teleloisirs:\/\/news\/381720\" target=\"_blank\" rel=\"noopener\">dont Le Maillon faible<\/a>. Arthur va jouer \u00e0 La Bataille navale sur TF1. Sur France 5, C \u00e0 vous est \u00e9tendu au samedi avec Mohamed Bouhafsi \u00e0 la pr\u00e9sentation. <a href=\"https:\/\/www.programme-tv.net\/biographie\/20677-bollaert-faustine\/\" data-link-people=\"6fb36e3c-14ee-4eeb-add6-6ddf02d372e1\" target=\"_blank\" rel=\"noopener\">Faustine Bollaert<\/a> remplace Laurence Boccolini<a href=\"https:\/\/www.programme-tv.net\/news\/tv\/382316-c-est-officiel-faustine-bollaert-remplacera-laurence-boccolini-aux-commandes-des-enfants-de-la-tele-a-la-rentree\/\" data-api-deeplink=\"teleloisirs:\/\/news\/382316\" target=\"_blank\" rel=\"noopener\"> \u00e0 la t\u00eate des Enfants de la t\u00e9l\u00e9<\/a> (France 2). Enfin, <a href=\"https:\/\/www.programme-tv.net\/news\/tv\/384162-exclu-surprise-karine-ferri-quitte-tf1-apres-13-ans-d-antenne\/\" data-api-deeplink=\"teleloisirs:\/\/news\/384162\" target=\"_blank\" rel=\"noopener\">Karine Ferri d\u00e9barque sur les cha\u00eenes de RMC<\/a> pour des divertissements et des \u00e9missions soci\u00e9tales.<\/p>\n","protected":false},"excerpt":{"rendered":"L&rsquo;\u00e9t\u00e9 touche \u00e0 sa fin ! Si les vacances sont (presque) finies, la rentr\u00e9e est bel et bien&hellip;\n","protected":false},"author":2,"featured_media":341139,"comment_status":"","ping_status":"","sticky":false,"template":"","format":"standard","meta":{"footnotes":""},"categories":[1356],"tags":[10831,244,58,59,1011,27,594,494,252,199,1364],"class_list":{"0":"post-341138","1":"post","2":"type-post","3":"status-publish","4":"format-standard","5":"has-post-thumbnail","7":"category-television","8":"tag-bfmtv","9":"tag-commentaire","10":"tag-divertissement","11":"tag-entertainment","12":"tag-fr","13":"tag-france","14":"tag-france-2","15":"tag-m6","16":"tag-television","17":"tag-tf1","18":"tag-tv"},"share_on_mastodon":{"url":"https:\/\/pubeurope.com\/@fr\/115085082861292101","error":""},"_links":{"self":[{"href":"https:\/\/www.europesays.com\/fr\/wp-json\/wp\/v2\/posts\/341138","targetHints":{"allow":["GET"]}}],"collection":[{"href":"https:\/\/www.europesays.com\/fr\/wp-json\/wp\/v2\/posts"}],"about":[{"href":"https:\/\/www.europesays.com\/fr\/wp-json\/wp\/v2\/types\/post"}],"author":[{"embeddable":true,"href":"https:\/\/www.europesays.com\/fr\/wp-json\/wp\/v2\/users\/2"}],"replies":[{"embeddable":true,"href":"https:\/\/www.europesays.com\/fr\/wp-json\/wp\/v2\/comments?post=341138"}],"version-history":[{"count":0,"href":"https:\/\/www.europesays.com\/fr\/wp-json\/wp\/v2\/posts\/341138\/revisions"}],"wp:featuredmedia":[{"embeddable":true,"href":"https:\/\/www.europesays.com\/fr\/wp-json\/wp\/v2\/media\/341139"}],"wp:attachment":[{"href":"https:\/\/www.europesays.com\/fr\/wp-json\/wp\/v2\/media?parent=341138"}],"wp:term":[{"taxonomy":"category","embeddable":true,"href":"https:\/\/www.europesays.com\/fr\/wp-json\/wp\/v2\/categories?post=341138"},{"taxonomy":"post_tag","embeddable":true,"href":"https:\/\/www.europesays.com\/fr\/wp-json\/wp\/v2\/tags?post=341138"}],"curies":[{"name":"wp","href":"https:\/\/api.w.org\/{rel}","templated":true}]}}