{"id":341140,"date":"2025-08-24T18:09:09","date_gmt":"2025-08-24T18:09:09","guid":{"rendered":"https:\/\/www.europesays.com\/fr\/341140\/"},"modified":"2025-08-24T18:09:09","modified_gmt":"2025-08-24T18:09:09","slug":"kneecap-le-trio-de-rappeurs-accuse-de-soutien-au-hamas-et-au-hezbollah-ovationne-a-rock-en-seine","status":"publish","type":"post","link":"https:\/\/www.europesays.com\/fr\/341140\/","title":{"rendered":"Kneecap, le trio de rappeurs accus\u00e9 de soutien au Hamas et au Hezbollah, ovationn\u00e9 \u00e0 Rock en Seine"},"content":{"rendered":"<p><strong>NOUS Y \u00c9TIONS\u00a0&#8211;<\/strong> Les Nord-Irlandais Mo Chara, M\u00f3gla\u00ed Bap et DJ Pr\u00f3va\u00ed ont pu donner leur concert \u00e0 Saint-Cloud. Les d\u00e9bordements qui \u00e9taient redout\u00e9s n\u2019ont pas eu lieu. Le groupe a toutefois d\u00e9nonc\u00e9 la politique isra\u00e9lienne \u00e0 Gaza.<\/p>\n<p class=\"fig-paragraph\">C\u2019\u00e9tait un rendez-vous redout\u00e9 par les autorit\u00e9s. Ce dimanche, en fin d\u2019apr\u00e8s-midi, le\u00a0<a href=\"http:\/\/www.lefigaro.fr\/cinema\/kneecap-un-biopic-dejante-sur-les-rappeurs-controverses-de-belfast-20250618\" data-fig-type=\"Article\" data-gtm-custom-categorie=\"navigation\" data-gtm-custom-action=\"crossclick\" data-gtm-custom-label=\"Contextuel\" data-gtm-event=\"customEventSPE\" data-fig-domain=\"LEFIGARO\" target=\"_blank\" rel=\"noopener\">trio de rappeurs Kneecap<\/a>, originaire de l\u2019ouest de Belfast (Irlande du Nord), a investi la sc\u00e8ne du\u00a0<a href=\"http:\/\/www.lefigaro.fr\/musique\/remboursez-nous-les-festivaliers-decus-des-dedommagements-proposes-par-rock-en-seine-apres-l-annulation-du-concert-de-la-rappeuse-doechii-20250821\" data-fig-type=\"NewsFlash\" data-gtm-custom-categorie=\"navigation\" data-gtm-custom-action=\"crossclick\" data-gtm-custom-label=\"Contextuel\" data-gtm-event=\"customEventSPE\" data-fig-domain=\"LEFIGARO\" target=\"_blank\" rel=\"noopener\">festival Rock en Seine<\/a>\u00a0\u00e0 Saint-Cloud devant quelques milliers de spectateurs. Avant m\u00eame l\u2019arriv\u00e9e du groupe, la foule, presque interg\u00e9n\u00e9rationnelle et majoritairement v\u00eatue de vert, clame \u00ab\u00a0Free, free Palestine\u00a0\u00bb \u00e0 plusieurs reprises. Suivi de\u00a0: \u00ab\u00a0Tout le monde d\u00e9teste la police\u00a0\u00bb et des chants antifascistes. Mais l\u2019ambiance reste calme.<\/p>\n<p class=\"fig-paragraph\">Aux alentours de 18\u00a0h\u00a030, DJ Pr\u00f3va\u00ed lance les hostilit\u00e9s, suivi de ses deux acolytes, dont l\u2019un, Mo Chara, est v\u00eatu d\u2019un maillot palestinien. Les drapeaux s\u2019\u00e9l\u00e8vent dans le ciel de Rock en Seine. \u00ab\u00a0Bonjour France, disent-ils tous les trois. Nous sommes l\u00e0 pour l\u2019amour et le divertissement\u00a0\u00bb, avertit d\u2019entr\u00e9e M\u00f3gla\u00ed Bap. Ils encha\u00eenent sur Better Way To Live, leur titre le plus connu sorti en 2023, et boivent sur sc\u00e8ne. \u00ab\u00a0C\u2019est un plaisir d\u2019\u00eatre ici, ils ont essay\u00e9 de nous retirer du programme. Ils veulent que l\u2019on soit en col\u00e8re, mais \u00e7a n\u2019arrivera pas\u00a0\u00bb, d\u00e9clare Mo Chara.<\/p>\n<p class=\"fig-body-link\">\n            \u00c0 lire aussi<br \/>\n        <a class=\"fig-body-link__link\" href=\"http:\/\/www.lefigaro.fr\/musique\/tout-debordement-sera-judiciarise-bruno-retailleau-met-en-garde-kneecap-avant-leur-passage-a-rock-en-seine-20250818\" data-fig-type=\"NewsFlash\" data-gtm-custom-categorie=\"navigation\" data-gtm-custom-action=\"crossclick\" data-gtm-custom-label=\"Contextuel\" data-gtm-event=\"customEventSPE\" data-fig-domain=\"LEFIGARO\" target=\"_blank\" rel=\"noopener\">\u00ab\u00a0Tout d\u00e9bordement sera judiciaris\u00e9\u00a0\u00bb\u00a0: Bruno Retailleau met en garde le groupe irlandais Kneecap<br \/>\n    <\/a>\n<\/p>\n<p>                                    <a class=\"fig-a11y-skip a11y-hidden\" href=\"#fig-a11y-skip-main-inarticle\"><br \/>\n        Passer la publicit\u00e9<br \/>\n    <\/a><\/p>\n<p>Rythme effr\u00e9n\u00e9 et grande \u00e9nergie<\/p>\n<p class=\"fig-paragraph\">Des mouvements de foule \u00e9clatent d\u00e8s le morceau suivant. Mais la s\u00e9curit\u00e9 scrute d\u2019un \u0153il vigilant de quelconques d\u00e9bordements. Un jeune gar\u00e7on d\u2019une quinzaine d\u2019ann\u00e9es est \u00e9vacu\u00e9. \u00ab\u00a0Il y a une grande pression en ce moment en Palestine, et nous ne resterons pas silencieux face \u00e0 ce g\u00e9nocide, cela ne changera pas\u00a0\u00bb, explique une nouvelle fois Mo Chara devant la foule. Et d\u2019ajouter\u00a0: \u00ab\u00a0Netanyahou est un criminel de guerre, si vous n\u2019appelez pas \u00e7a un g\u00e9nocide, je ne sais pas ce que c\u2019est.\u00a0\u00bb<\/p>\n<p class=\"fig-paragraph\">\u00ab\u00a0Free Mo Chara\u00a0\u00bb, lui r\u00e9pondent les fans. Puis des \u00ab\u00a0Macron d\u00e9mission\u00a0\u00bb r\u00e9sonnent apr\u00e8s que le rappeur a \u00e9voqu\u00e9 l\u2019implication du pr\u00e9sident fran\u00e7ais et du premier ministre Fran\u00e7ois Bayrou dans le financement d\u2019armement \u00e0 Isra\u00ebl. \u00ab\u00a0Je vais avoir des probl\u00e8mes apr\u00e8s \u00e7a\u00a0\u00bb, s\u2019inqui\u00e8te Mo Chara. Difficile de voir quelque chose dans la foule depuis laquelle un nuage de fum\u00e9e \u00e9merge au milieu des drapeaux palestiniens et irlandais.<\/p>\n<p class=\"fig-paragraph\">Les trois rappeurs encha\u00eenent sur un rythme effr\u00e9n\u00e9 avec une technique impressionnante et une grande \u00e9nergie, pendant que les services de s\u00e9curit\u00e9 sourient face au spectacle. \u00ab\u00a0Qu\u2019est-ce que les Fran\u00e7ais ont fait pour l\u2019Irlande, plaisante M\u00f3gla\u00ed Bap. Mais j\u2019adore les escargots quand m\u00eame. Qui aime les escargots ici\u00a0?\u00a0\u00bb<\/p>\n<p class=\"fig-paragraph\">Sur le morceau suivant, Get Your Brits Out (D\u00e9gagez vos Britanniques), des fans montent sur le dos d\u2019autres fans. Mo Chara, lui, se moque d\u2019une personne portant un t-shirt floqu\u00e9 du nom des Stone Roses, groupe de rock anglais des ann\u00e9es 1980. \u00ab\u00a0Nous sommes heureux parce que vous, Fran\u00e7ais, portez aussi notre message de paix\u00a0\u00bb, se r\u00e9jouit Mo Chara. Et son confr\u00e8re M\u00f3gla\u00ed d\u2019ajouter\u00a0: \u00ab\u00a0Mettez la pression \u00e0 vos gouvernements.\u00a0\u00bb Enfin, dans une ambiance \u00e9lectrisante, le groupe joue son tube H.O.O.P. Le DJ, plus discret sur sc\u00e8ne, s\u2019offre un bain de foule tandis que M\u00f3glai enl\u00e8ve son t-shirt sur le single The Recap. Comme attendu, ils partent en scandant \u00ab\u00a0Free Palestine\u00a0\u00bb. Mais les d\u00e9bordements qu\u2019on craignait n\u2019ont pas eu lieu.<\/p>\n<p class=\"fig-paragraph\">Quatre jours avant ce concert parisien, Mo Chara, comparaissait devant le tribunal judiciaire de Westminster pour \u00ab\u00a0infraction terroriste\u00a0\u00bb, apr\u00e8s avoir brandi lors d\u2019un concert \u00e0 Londres l\u2019an pass\u00e9 un drapeau du Hezbollah et scand\u00e9 \u00ab\u00a0allez le Hamas, allez le Hezbollah\u00a0\u00bb sur sc\u00e8ne. Le verdict de cette audience a finalement \u00e9t\u00e9\u00a0<a href=\"http:\/\/www.lefigaro.fr\/musique\/decision-ajournee-pour-le-chanteur-de-kneecap-accuse-a-londres-d-infraction-terroriste-20250820\" data-fig-type=\"NewsFlash\" data-gtm-custom-categorie=\"navigation\" data-gtm-custom-action=\"crossclick\" data-gtm-custom-label=\"Contextuel\" data-gtm-event=\"customEventSPE\" data-fig-domain=\"LEFIGARO\" target=\"_blank\" rel=\"noopener\">ajourn\u00e9 au 26 septembre<\/a>, permettant au groupe de se produire librement \u00e0 Paris aujourd\u2019hui. Mais sa pr\u00e9sence \u00e0 Rock en Seine avait provoqu\u00e9 quelques r\u00e9actions des instances politiques.<\/p>\n<p>                                    <a class=\"fig-a11y-skip a11y-hidden\" href=\"#fig-a11y-skip-main-inarticle_mtf\"><br \/>\n        Passer la publicit\u00e9<br \/>\n    <\/a><\/p>\n<p class=\"fig-paragraph\">Apr\u00e8s la mairie de Saint-Cloud qui a d\u00e9cid\u00e9, en juillet, de retirer sa subvention de 40\u00a0000\u00a0euros \u00e0 Rock en Seine, vendredi, la r\u00e9gion \u00cele-de-France faisait de m\u00eame &#8211; 295\u00a0000\u00a0euros\u00a0-, assurant qu\u2019il n\u2019y aurait \u00ab\u00a0pas un seul euro\u00a0\u00bb de vers\u00e9 au festival pour avoir maintenu le concert. La veille, le Conseil repr\u00e9sentatif des institutions juives de France (Crif)\u00a0<a href=\"http:\/\/www.lefigaro.fr\/musique\/un-festival-de-la-honte-le-crif-demande-la-deprogrammation-du-groupe-kneecap-accuse-de-soutenir-le-hezbollah-a-rock-en-seine-20250821\" data-fig-type=\"NewsFlash\" data-gtm-custom-categorie=\"navigation\" data-gtm-custom-action=\"crossclick\" data-gtm-custom-label=\"Contextuel\" data-gtm-event=\"customEventSPE\" data-fig-domain=\"LEFIGARO\" target=\"_blank\" rel=\"noopener\">a lui aussi r\u00e9clam\u00e9 sa d\u00e9programmation<\/a>, d\u00e9clarant que \u00ab\u00a0les apologistes du terrorisme n\u2019ont pas leur place dans des festivals en France\u00a0\u00bb. Il y a dix jours, c\u2019\u00e9tait\u00a0<a href=\"http:\/\/www.lefigaro.fr\/musique\/tout-debordement-sera-judiciarise-bruno-retailleau-met-en-garde-kneecap-avant-leur-passage-a-rock-en-seine-20250818\" data-fig-type=\"NewsFlash\" data-gtm-custom-categorie=\"navigation\" data-gtm-custom-action=\"crossclick\" data-gtm-custom-label=\"Contextuel\" data-gtm-event=\"customEventSPE\" data-fig-domain=\"LEFIGARO\" target=\"_blank\" rel=\"noopener\">au tour de Bruno Retailleau<\/a>, ministre de l\u2019Int\u00e9rieur, de s\u2019exprimer au sujet de la venue des rappeurs nord-irlandais \u00e0 Saint-Cloud. \u00ab\u00a0Je condamne fermement les propos qui ont pu \u00eatre tenus par ce groupe et je tiens \u00e0 vous assurer de mon intransigeance envers tout propos \u00e0 caract\u00e8re antis\u00e9mite, d\u2019apologie du terrorisme ou appelant \u00e0 la haine, qui feront directement l\u2019objet de poursuites judiciaires\u00a0\u00bb, \u00e9crivait le locataire de la Place Beauvau dans une lettre le 14\u00a0ao\u00fbt.<\/p>\n<p>Les \u00ab\u00a0cagoules r\u00e9publicaines\u00a0\u00bb<\/p>\n<p class=\"fig-paragraph\">Mais rien \u00e0 y faire. Malgr\u00e9 les multiples demandes d\u2019annulation des diff\u00e9rentes instances du pays, l\u2019\u00e9v\u00e9nement a finalement \u00e9t\u00e9 maintenu. Et le groupe, qui a \u00e9t\u00e9 invit\u00e9 \u00e0 signer un code de bonne conduite, s\u2019est produit pendant plus d\u2019une heure pour cl\u00f4turer les cinq journ\u00e9es de festival. Ils se pr\u00e9sentent comme les \u00ab\u00a0cagoules r\u00e9publicaines\u00a0\u00bb, des individus pr\u00f4nant la r\u00e9unification de l\u2019Irlande et oppos\u00e9s \u00e0 la domination anglaise dans le nord du territoire. Dans leurs textes, Mo Chara, M\u00f3gla\u00ed Bap et DJ Pr\u00f3va\u00ed, noms de sc\u00e8ne respectif de Liam \u00d3g \u00d3 hAnnaidh, Naoise \u00d3 Caireall\u00e1in et JJ \u00d3 Dochartaigh, s\u2019amusent \u00e0 critiquer la police d\u2019Irlande du Nord ou encore le gouvernement britannique, \u00e0 l\u2019instar de l\u2019ancienne Premi\u00e8re ministre Margaret Tatcher,\u00a0<a href=\"http:\/\/www.lefigaro.fr\/musique\/liberez-la-palestine-a-coachella-les-messages-anti-israeliens-et-anti-thatcher-de-rappeurs-irlandais-20250422\" data-fig-type=\"Article\" data-gtm-custom-categorie=\"navigation\" data-gtm-custom-action=\"crossclick\" data-gtm-custom-label=\"Contextuel\" data-gtm-event=\"customEventSPE\" data-fig-domain=\"LEFIGARO\" target=\"_blank\" rel=\"noopener\">vivement insult\u00e9e lors de leur prestation \u00e0 Coachella<\/a>\u00a0le 19\u00a0avril, en Californie.<\/p>\n<p class=\"fig-paragraph\">\u00ab\u00a0Ils m\u00e8nent un combat l\u00e9gitime, en mettant en lumi\u00e8re des ann\u00e9es de conflit \u00e9clips\u00e9 en Irlande\u00a0\u00bb, remarque Niels, Parisien et fan du groupe depuis un an et demi. Et sa copine, Mathilde, d\u2019ajouter\u00a0: \u00ab\u00a0Ils doivent justement utiliser leur notori\u00e9t\u00e9 pour dire des choses. Ils ne sont pas les seuls \u00e0 le faire. C\u2019est facile de taper sur des jeunes rappeurs, tout \u00e7a parce que le rap est soi-disant turbulent.\u00a0\u00bb Dans les all\u00e9es amenant \u00e0 la sc\u00e8ne, Hugh, 29\u00a0ans et originaire de Nouvelle-Z\u00e9lande, se r\u00e9jouit de voir Kneecap \u00ab\u00a0porter la voix du peuple Nord-Irlandais\u00a0\u00bb. \u00ab\u00a0Ils chantent dans leur langue sur chaque sc\u00e8ne \u00e0 l\u2019internationale\u00a0\u00bb, poursuit celui qui les suit depuis leurs d\u00e9buts et qui arbore fi\u00e8rement un maillot de l\u2019\u00e9quipe de football de la R\u00e9plique d\u2019Irlande, floqu\u00e9 du nom de Roy Keane, l\u2019une des ic\u00f4nes du pays.<\/p>\n<p class=\"fig-paragraph\">Depuis 2020, les trois artistes ont investi un nouveau front, soutenant publiquement une Palestine ind\u00e9pendante en brandissant lors de chacun de leurs concerts des drapeaux palestiniens et appelant au boycott d\u2019Isra\u00ebl. Ces derniers mois, leurs positions pro-palestiniennes ont pris une toute autre proportion, notamment en raison de l\u2019accentuation du conflit dans la bande de Gaza. \u00ab\u00a0Isra\u00ebl, va te faire foutre, lib\u00e9rez la Palestine\u00a0\u00bb, ont-ils projet\u00e9 sur un \u00e9cran g\u00e9ant lors de leur performance \u00e0 Coachella. \u00ab\u00a0On ne peut pas les critiquer pour \u00e7a, temp\u00e8re Miriam, 54\u00a0ans et originaire de Dublin. Ils veulent simplement montrer que Benyamin Netanyahou se trompe.\u00a0\u00bb Son amie Claire, 49\u00a0ans, \u00e9galement originaire de la R\u00e9publique d\u2019Irlande, ajoute que Kneecap \u00ab\u00a0veut simplement s\u2019exprimer sur ce qui se passe en Palestine, sur le g\u00e9nocide en cours men\u00e9 par le gouvernement Isra\u00e9lien. Les instances judiciaires britanniques veulent malheureusement les censurer\u00a0\u00bb, regrette-t-elle.<\/p>\n<p class=\"fig-paragraph\">D\u2019ici la prochaine audience de Mo Chara devant un tribunal britannique, le 26\u00a0septembre, le groupe aura l\u2019occasion de se produire encore sept fois sur le sol europ\u00e9en. D\u2019abord \u00e0 Belfast, puis \u00e0 Varsovie, Hambourg, Amsterdam et enfin Londres. S\u2019il n\u2019est pas reconnu coupable des faits, le groupe prendra ensuite la direction de l\u2019Am\u00e9rique du Nord, o\u00f9 il est attendu pendant tout le mois d\u2019octobre.<\/p>\n","protected":false},"excerpt":{"rendered":"NOUS Y \u00c9TIONS\u00a0&#8211; Les Nord-Irlandais Mo Chara, M\u00f3gla\u00ed Bap et DJ Pr\u00f3va\u00ed ont pu donner leur concert \u00e0&hellip;\n","protected":false},"author":2,"featured_media":341141,"comment_status":"","ping_status":"","sticky":false,"template":"","format":"standard","meta":{"footnotes":""},"categories":[1355],"tags":[58,59,1011,27,3519,1361,873,3616,36376],"class_list":{"0":"post-341140","1":"post","2":"type-post","3":"status-publish","4":"format-standard","5":"has-post-thumbnail","7":"category-musique","8":"tag-divertissement","9":"tag-entertainment","10":"tag-fr","11":"tag-france","12":"tag-hamas","13":"tag-music","14":"tag-musique","15":"tag-rap","16":"tag-rock-en-seine"},"share_on_mastodon":{"url":"https:\/\/pubeurope.com\/@fr\/115085086827512005","error":""},"_links":{"self":[{"href":"https:\/\/www.europesays.com\/fr\/wp-json\/wp\/v2\/posts\/341140","targetHints":{"allow":["GET"]}}],"collection":[{"href":"https:\/\/www.europesays.com\/fr\/wp-json\/wp\/v2\/posts"}],"about":[{"href":"https:\/\/www.europesays.com\/fr\/wp-json\/wp\/v2\/types\/post"}],"author":[{"embeddable":true,"href":"https:\/\/www.europesays.com\/fr\/wp-json\/wp\/v2\/users\/2"}],"replies":[{"embeddable":true,"href":"https:\/\/www.europesays.com\/fr\/wp-json\/wp\/v2\/comments?post=341140"}],"version-history":[{"count":0,"href":"https:\/\/www.europesays.com\/fr\/wp-json\/wp\/v2\/posts\/341140\/revisions"}],"wp:featuredmedia":[{"embeddable":true,"href":"https:\/\/www.europesays.com\/fr\/wp-json\/wp\/v2\/media\/341141"}],"wp:attachment":[{"href":"https:\/\/www.europesays.com\/fr\/wp-json\/wp\/v2\/media?parent=341140"}],"wp:term":[{"taxonomy":"category","embeddable":true,"href":"https:\/\/www.europesays.com\/fr\/wp-json\/wp\/v2\/categories?post=341140"},{"taxonomy":"post_tag","embeddable":true,"href":"https:\/\/www.europesays.com\/fr\/wp-json\/wp\/v2\/tags?post=341140"}],"curies":[{"name":"wp","href":"https:\/\/api.w.org\/{rel}","templated":true}]}}