{"id":341142,"date":"2025-08-24T18:10:43","date_gmt":"2025-08-24T18:10:43","guid":{"rendered":"https:\/\/www.europesays.com\/fr\/341142\/"},"modified":"2025-08-24T18:10:43","modified_gmt":"2025-08-24T18:10:43","slug":"jason-isaacs-confiant-envers-son-successeur-dans-la-serie-harry-potter","status":"publish","type":"post","link":"https:\/\/www.europesays.com\/fr\/341142\/","title":{"rendered":"Jason Isaacs confiant envers son successeur dans la s\u00e9rie \u00abHarry Potter\u00bb"},"content":{"rendered":"<p><strong>Jason Isaacs pense que le prochain interpr\u00e8te de Lucius Malefoy dans la s\u00e9rie <\/strong><strong>Harry Potter<\/strong><strong> saura bien se distinguer dans son approche et son style de sa propre interpr\u00e9tation du r\u00f4le.<\/strong><\/p>\n<p>L\u2019acteur de 62 ans a port\u00e9 le p\u00e8re de Drago Malefoy, \u00e9l\u00e8ve insolent de la maison Serpentard \u00e0 l\u2019\u00e9cole de sorcellerie Poudlard, \u00e0 l\u2019\u00e9cran dans six films de la saga entre 2002 et 2011.<\/p>\n<p>Dans de la nouvelle adaptation de HBO en s\u00e9rie t\u00e9l\u00e9vis\u00e9e des livres de J.K. Rowling, l\u2019acteur Johnny Flynn a \u00e9t\u00e9 s\u00e9lectionn\u00e9 pour reprendre le r\u00f4le de Lucius Malefoy.<\/p>\n<p>          <img  alt=\"\" class=\"lazyload\"\/><\/p>\n<p>                                                    Photo WENN.com<\/p>\n<p>Et Jason Isaacs ne doute pas que le com\u00e9dien de 42 ans, avec qui il a partag\u00e9 la vedette en 2021 dans La Ruse, ne tentera pas de l\u2019imiter!<\/p>\n<p>\u00abJohnny fera son propre truc. Peut-\u00eatre qu\u2019il sera plus charmant, a-t-il affirm\u00e9 lors d\u2019un entretien avec Entertainment Weekly. Je doute qu\u2019il me ressemble, car c\u2019est moi qui ai imagin\u00e9 ce look, et [Johnny Flynn] est bien trop original pour vouloir copier quoi que ce soit.\u00bb<\/p>\n<p>De toute mani\u00e8re, comme le rappelle l\u2019acteur de The White Lotus, l\u2019ensemble de la saga a \u00e9t\u00e9 \u00abrepens\u00e9\u00bb. \u00abIls sont en train de repenser le d\u00e9cor de Poudlard et les costumes. Et ils \u00e9crivent tous ces nouveaux sc\u00e9narios fabuleux qui permettent d\u2019\u00e9tendre chaque livre \u00e0 une saison enti\u00e8re, a-t-il expliqu\u00e9. Ce sera g\u00e9nial, comme pour une nouvelle g\u00e9n\u00e9ration. Ce sera leur version de Harry Potter.\u00bb<\/p>\n<p>Le tournage de la s\u00e9rie a r\u00e9cemment d\u00e9but\u00e9, pour une premi\u00e8re sortie pr\u00e9vue en 2027.<\/p>\n","protected":false},"excerpt":{"rendered":"Jason Isaacs pense que le prochain interpr\u00e8te de Lucius Malefoy dans la s\u00e9rie Harry Potter saura bien se&hellip;\n","protected":false},"author":2,"featured_media":341143,"comment_status":"","ping_status":"","sticky":false,"template":"","format":"standard","meta":{"footnotes":""},"categories":[1354],"tags":[58,59,1346,1011,27,1360],"class_list":{"0":"post-341142","1":"post","2":"type-post","3":"status-publish","4":"format-standard","5":"has-post-thumbnail","7":"category-films","8":"tag-divertissement","9":"tag-entertainment","10":"tag-films","11":"tag-fr","12":"tag-france","13":"tag-movies"},"share_on_mastodon":{"url":"https:\/\/pubeurope.com\/@fr\/115085090734793233","error":""},"_links":{"self":[{"href":"https:\/\/www.europesays.com\/fr\/wp-json\/wp\/v2\/posts\/341142","targetHints":{"allow":["GET"]}}],"collection":[{"href":"https:\/\/www.europesays.com\/fr\/wp-json\/wp\/v2\/posts"}],"about":[{"href":"https:\/\/www.europesays.com\/fr\/wp-json\/wp\/v2\/types\/post"}],"author":[{"embeddable":true,"href":"https:\/\/www.europesays.com\/fr\/wp-json\/wp\/v2\/users\/2"}],"replies":[{"embeddable":true,"href":"https:\/\/www.europesays.com\/fr\/wp-json\/wp\/v2\/comments?post=341142"}],"version-history":[{"count":0,"href":"https:\/\/www.europesays.com\/fr\/wp-json\/wp\/v2\/posts\/341142\/revisions"}],"wp:featuredmedia":[{"embeddable":true,"href":"https:\/\/www.europesays.com\/fr\/wp-json\/wp\/v2\/media\/341143"}],"wp:attachment":[{"href":"https:\/\/www.europesays.com\/fr\/wp-json\/wp\/v2\/media?parent=341142"}],"wp:term":[{"taxonomy":"category","embeddable":true,"href":"https:\/\/www.europesays.com\/fr\/wp-json\/wp\/v2\/categories?post=341142"},{"taxonomy":"post_tag","embeddable":true,"href":"https:\/\/www.europesays.com\/fr\/wp-json\/wp\/v2\/tags?post=341142"}],"curies":[{"name":"wp","href":"https:\/\/api.w.org\/{rel}","templated":true}]}}