{"id":341144,"date":"2025-08-24T18:11:14","date_gmt":"2025-08-24T18:11:14","guid":{"rendered":"https:\/\/www.europesays.com\/fr\/341144\/"},"modified":"2025-08-24T18:11:14","modified_gmt":"2025-08-24T18:11:14","slug":"chacun-soccupe-dun-domaine-que-lautre-ne-traite-pas-comment-ce-service-du-centre-hospitalier-de-carcassonne-se-renforce","status":"publish","type":"post","link":"https:\/\/www.europesays.com\/fr\/341144\/","title":{"rendered":"\u00ab\u00a0Chacun s\u2019occupe d\u2019un domaine que l\u2019autre ne traite pas\u00a0\u00bb\u00a0: comment ce service du centre hospitalier de Carcassonne se renforce"},"content":{"rendered":"<p>\n                                                                Depuis deux mois, un nouvel \u00e9l\u00e9ment a int\u00e9gr\u00e9 le service de chirurgie orthop\u00e9dique du centre hospitalier \u00e0 Carcassonne\u00a0: le docteur Claude Serra. Portant l\u2019effectif \u00e0 cinq m\u00e9decins, ce qui permet de mettre en pratique les innovations les plus r\u00e9centes, propres \u00e0 cette sp\u00e9cialit\u00e9.\n                            <\/p>\n<p>Dans les couloirs du centre hospitalier de Carcassonne, des dizaines de services m\u00e9dicaux se chargent de r\u00e9pondre aux besoins des patients. Parmi eux se trouve celui de la chirurgie orthop\u00e9dique. Ce dernier se d\u00e9veloppe depuis ces derni\u00e8res ann\u00e9es avec notamment l\u2019arriv\u00e9e d\u2019un nouvel \u00e9l\u00e9ment il y a deux mois\u00a0: le docteur Claude Serra qui \u0153uvrait jusque-l\u00e0 dans le Var. Portant ainsi l\u2019effectif \u00e0 cinq m\u00e9decins au total, parmi lesquels quatre dipl\u00f4mes fran\u00e7ais.<\/p>\n<p>Tous sont sp\u00e9cialis\u00e9s dans des domaines pr\u00e9cis. Le nouvel arrivant dans la chirurgie de la main, deux \u00e0 l\u2019\u00e9paule et deux autres au genou dont un pr\u00e9cis\u00e9ment dans la hanche. \u00ab\u00a0Chacun s\u2019occupe d\u2019un domaine que l\u2019autre ne traite pas. Ce qui permet une compl\u00e9mentarit\u00e9 au sein du service g\u00e9r\u00e9 par le docteur Julien Cailliez\u00a0\u00bb, souligne le docteur Serra. Une force b\u00e9n\u00e9fique pour les patients qui savent vers qui se diriger en fonction des g\u00eanes rencontr\u00e9es. \u00ab\u00a0Mais aussi dans le cadre de la mise en pratique des innovations les plus r\u00e9centes propres \u00e0 notre sp\u00e9cialit\u00e9\u00a0\u00bb, mentionne l\u2019ancien chirurgien du Var.<\/p>\n<p>Comment la sp\u00e9cialit\u00e9 a \u00e9volu\u00e9<\/p>\n<p>Car la chirurgie orthop\u00e9dique n\u2019a cess\u00e9 d\u2019\u00e9voluer depuis le milieu du XXe\u00a0si\u00e8cle. En suivant une progression marqu\u00e9e par de grandes vagues centr\u00e9es sur des articulations majeures. Hanche, genou, \u00e9paule, puis main et pouce\u00a0: chaque \u00e9tape a r\u00e9pondu \u00e0 un besoin m\u00e9dical prioritaire et a b\u00e9n\u00e9fici\u00e9 des avanc\u00e9es technologiques et biom\u00e9dicales de son \u00e9poque. \u00ab\u00a0Nous avons tout d\u2019abord vu l\u2019essor de la proth\u00e8se totale de la hanche qui permettait de redonner mobilit\u00e9 et autonomie. Elle a rapidement \u00e9t\u00e9 suivie par celle du genou.\u00a0Face \u00e0 une arthrose fr\u00e9quente et invalidante, les chirurgiens d\u00e9veloppent des implants plus performants, adapt\u00e9s \u00e0 la biom\u00e9canique complexe de cette articulation\u00a0\u00bb, rappelle le docteur Serra.<\/p>\n<p>Et depuis une vingtaine d\u2019ann\u00e9es, les innovations concernent essentiellement le membre sup\u00e9rieur. Pour l\u2019\u00e9paule, par exemple, cette articulation complexe a pu trouver un nouveau souffle via la proth\u00e8se invers\u00e9e. Cette derni\u00e8re traitant\u00a0efficacement les patients souffrant de ruptures de la coiffe des rotateurs. Sur la derni\u00e8re d\u00e9cennie, les progr\u00e8s se sont concentr\u00e9s\u00a0sur les petites articulations, en particulier la main et le pouce. A savoir des proth\u00e8ses miniatures, des mat\u00e9riaux innovants (comme le pyrocarbone qui dispose d\u2019une r\u00e9sistance similaire \u00e0 l\u2019os) ou encore des techniques mini-invasives.<\/p>\n<p>Pour autant, des axes d\u2019am\u00e9liorations demeurent. D\u2019apr\u00e8s le docteur Serra\u00a0: \u00ab\u00a0Il faut encore que nous parvenions \u00e0 r\u00e9duire la taille des implants et \u00e0 augmenter leur dur\u00e9e de vie.\u00a0\u00bb Pour l\u2019heure,<\/p>\n","protected":false},"excerpt":{"rendered":"Depuis deux mois, un nouvel \u00e9l\u00e9ment a int\u00e9gr\u00e9 le service de chirurgie orthop\u00e9dique du centre hospitalier \u00e0 Carcassonne\u00a0:&hellip;\n","protected":false},"author":2,"featured_media":341145,"comment_status":"","ping_status":"","sticky":false,"template":"","format":"standard","meta":{"footnotes":""},"categories":[10],"tags":[1011,27,72,71],"class_list":{"0":"post-341144","1":"post","2":"type-post","3":"status-publish","4":"format-standard","5":"has-post-thumbnail","7":"category-sante","8":"tag-fr","9":"tag-france","10":"tag-health","11":"tag-sante"},"share_on_mastodon":{"url":"https:\/\/pubeurope.com\/@fr\/115085094681088132","error":""},"_links":{"self":[{"href":"https:\/\/www.europesays.com\/fr\/wp-json\/wp\/v2\/posts\/341144","targetHints":{"allow":["GET"]}}],"collection":[{"href":"https:\/\/www.europesays.com\/fr\/wp-json\/wp\/v2\/posts"}],"about":[{"href":"https:\/\/www.europesays.com\/fr\/wp-json\/wp\/v2\/types\/post"}],"author":[{"embeddable":true,"href":"https:\/\/www.europesays.com\/fr\/wp-json\/wp\/v2\/users\/2"}],"replies":[{"embeddable":true,"href":"https:\/\/www.europesays.com\/fr\/wp-json\/wp\/v2\/comments?post=341144"}],"version-history":[{"count":0,"href":"https:\/\/www.europesays.com\/fr\/wp-json\/wp\/v2\/posts\/341144\/revisions"}],"wp:featuredmedia":[{"embeddable":true,"href":"https:\/\/www.europesays.com\/fr\/wp-json\/wp\/v2\/media\/341145"}],"wp:attachment":[{"href":"https:\/\/www.europesays.com\/fr\/wp-json\/wp\/v2\/media?parent=341144"}],"wp:term":[{"taxonomy":"category","embeddable":true,"href":"https:\/\/www.europesays.com\/fr\/wp-json\/wp\/v2\/categories?post=341144"},{"taxonomy":"post_tag","embeddable":true,"href":"https:\/\/www.europesays.com\/fr\/wp-json\/wp\/v2\/tags?post=341144"}],"curies":[{"name":"wp","href":"https:\/\/api.w.org\/{rel}","templated":true}]}}