{"id":341148,"date":"2025-08-24T18:13:08","date_gmt":"2025-08-24T18:13:08","guid":{"rendered":"https:\/\/www.europesays.com\/fr\/341148\/"},"modified":"2025-08-24T18:13:08","modified_gmt":"2025-08-24T18:13:08","slug":"horoscope-du-25-aout-ces-3-signes-du-zodiaque-vont-couper-les-ponts-et-provoquer-lincomprehension-dans-leur-entourage-journal-des-seniors","status":"publish","type":"post","link":"https:\/\/www.europesays.com\/fr\/341148\/","title":{"rendered":"Horoscope du 25 ao\u00fbt : Ces 3 signes du zodiaque vont couper les ponts et provoquer l\u2019incompr\u00e9hension dans leur entourage &#8211; Journal des seniors"},"content":{"rendered":"<ol>\n<li><a href=\"https:\/\/news.google.com\/rss\/articles\/CBMi_AFBVV95cUxNMi1GVUNiMWh4Wld1Z1VyY0FnV25KRUpWai1pX3VVVWNPaHlaLWV0Vk15U3V4WVdaSGRkcTY0VTVOZm9zOVRkWF9WQzdoNlJPaDhxRll5WFpETlJOYUl1QUxMSk9NdXNpYlBqcHhEU2V6R1pBQjZTbkU2dUxwN3BrWjlZQ1d1V2lEckdMYkJuYm5VWDJnRk8wclo5dVlsMlkyV2U4Q0dLMFVrREt3OGdtYjR3dk96V04xU0xiRmItdlhwOE5VczdPbzhDMkFaOHhKS0ZsZnZVbUc0NmJFT0JrNTJmMlpETWktUFpKRHg4TFpqZ01YNml6aWVBdkQ?oc=5\" target=\"_blank\" rel=\"nofollow noopener\">Horoscope du 25 ao\u00fbt : Ces 3 signes du zodiaque vont couper les ponts et provoquer l\u2019incompr\u00e9hension dans leur entourage<\/a>&nbsp;&nbsp;Journal des seniors<\/li>\n<li><a href=\"https:\/\/news.google.com\/rss\/articles\/CBMi7AFBVV95cUxOTG1salNyRHR1YUJwMWhyeERSRk14T3kzQmVxSE44YWlrbUY0YjZIZEFlaVlia0M3UzNDN0xpMGJVSTVFZHFmUG90V1VXRXV2S3hCYjYtdWRiYk5NOUZVQktpUmVaWnFaZDQ0ZmVlc0FiSnAxdUp5WEVGTy1vVWh5b084NEZvVVpvbkhDVXN0UHJwRzFHazROZVlOOGMzNUpzNjE0WlU2ZUdCblMyYUZOQmFqNzVkZUFmT2hHaVVOT20tTlUwc1NDc29SWGFvYnVyOWJYNlRJcFcwUUlEMEFtLTliQnBBaG9FaW1nUw?oc=5\" target=\"_blank\" rel=\"nofollow noopener\">En pleine tourmente, ces 2 signes du zodiaque devront faire face \u00e0 une affaire familiale d\u00e9licate fin ao\u00fbt<\/a>&nbsp;&nbsp;Journal des seniors<\/li>\n<li><a href=\"https:\/\/news.google.com\/rss\/articles\/CBMiygFBVV95cUxNalU2ck41VDlsaG5XNjFRV0RxaHFOaG9MUER4Y3hDeHNkVTFzOEFvd2dEYkhneHdHMWtJNVVTWG5CdV96bVBXcWRhejM3UGxIRHNVblNwREdqbHRnZWJ5UzU3WDlULWVieVVPNF8wOFJKVTFzeFVCYjhkby1RbVhaNm54X1dTeGwyVFc2YmE0MzRFanZOZnhOeVpLR0NuUHhzOWtGNEpxRWJPMVV1c3hjeTJkNlBtQlNSMmhYZlZjazc0MWVQcGwxbDZR?oc=5\" target=\"_blank\" rel=\"nofollow noopener\">Ce signe du zodiaque devra affronter une \u00e9preuve familiale sans soutien en ao\u00fbt<\/a>&nbsp;&nbsp;Journal des seniors<\/li>\n<li><a href=\"https:\/\/news.google.com\/rss\/articles\/CBMitwFBVV95cUxOQlJnekptaldNZkZEeFRFaTVHaklHZnpwbUtfd1V3eC1RQktKdVd2RVh5YmxvYjZxSXRIMTU4VVZYSzJlaG1PdkVxbmFlbXl4X0xjMW5HS1hBZENtMThzMS1QSmVjdjJYM0ZfTlV1VVZTQjVuVFI0ZTlGSTA2QlNEeXBHV2JhZEhNbnpzOE5TQk5lYTNLNG13NWt1QjJBOWpyTkZEZjRCVWZPZzY0MEpTQzlPbGQ0Uzg?oc=5\" target=\"_blank\" rel=\"nofollow noopener\">Un coup dur frappe l\u2019entourage de ces 3 signes du zodiaque en ao\u00fbt<\/a>&nbsp;&nbsp;Journal des seniors<\/li>\n<li><a href=\"https:\/\/news.google.com\/rss\/articles\/CBMi3gFBVV95cUxQd1plOThoVHdaSUx5OS1IZWVScXN4anNkWXlsYzljWkhiTzVmTzVSVHlrZ1lFaEx6ZDloN1pJQ1BvNHlrQ2ZiZFlsSmcwLTJLUklrR1A2U0o2ZVdiZDk0dExjY1BVQTdtYmlmZHdYUDFhZHlqUzhvZ2RLb3hUdndiRVVsQmplTVVwemxoNnNfcllMUE5ITHJVcFRXWVpXSHpRQnZvOV92R2FLU3NtWWxZbUFaY3JQeEpVeUgxTnNDSE92V1lpRkNiamdNWEFFTWx1MDBYbXh6LXk2NFNQS3c?oc=5\" target=\"_blank\" rel=\"nofollow noopener\">Pour ces 3 signes du zodiaque, ao\u00fbt marque le retour d\u2019une vieille tentation difficile \u00e0 assumer<\/a>&nbsp;&nbsp;Journal des seniors<\/li>\n<\/ol>\n","protected":false},"excerpt":{"rendered":"Horoscope du 25 ao\u00fbt : Ces 3 signes du zodiaque vont couper les ponts et provoquer l\u2019incompr\u00e9hension dans&hellip;\n","protected":false},"author":2,"featured_media":1445,"comment_status":"","ping_status":"","sticky":false,"template":"","format":"standard","meta":{"footnotes":""},"categories":[8],"tags":[58,59,1011,27],"class_list":{"0":"post-341148","1":"post","2":"type-post","3":"status-publish","4":"format-standard","5":"has-post-thumbnail","7":"category-divertissement","8":"tag-divertissement","9":"tag-entertainment","10":"tag-fr","11":"tag-france"},"share_on_mastodon":{"url":"https:\/\/pubeurope.com\/@fr\/115085102713626840","error":""},"_links":{"self":[{"href":"https:\/\/www.europesays.com\/fr\/wp-json\/wp\/v2\/posts\/341148","targetHints":{"allow":["GET"]}}],"collection":[{"href":"https:\/\/www.europesays.com\/fr\/wp-json\/wp\/v2\/posts"}],"about":[{"href":"https:\/\/www.europesays.com\/fr\/wp-json\/wp\/v2\/types\/post"}],"author":[{"embeddable":true,"href":"https:\/\/www.europesays.com\/fr\/wp-json\/wp\/v2\/users\/2"}],"replies":[{"embeddable":true,"href":"https:\/\/www.europesays.com\/fr\/wp-json\/wp\/v2\/comments?post=341148"}],"version-history":[{"count":0,"href":"https:\/\/www.europesays.com\/fr\/wp-json\/wp\/v2\/posts\/341148\/revisions"}],"wp:featuredmedia":[{"embeddable":true,"href":"https:\/\/www.europesays.com\/fr\/wp-json\/wp\/v2\/media\/1445"}],"wp:attachment":[{"href":"https:\/\/www.europesays.com\/fr\/wp-json\/wp\/v2\/media?parent=341148"}],"wp:term":[{"taxonomy":"category","embeddable":true,"href":"https:\/\/www.europesays.com\/fr\/wp-json\/wp\/v2\/categories?post=341148"},{"taxonomy":"post_tag","embeddable":true,"href":"https:\/\/www.europesays.com\/fr\/wp-json\/wp\/v2\/tags?post=341148"}],"curies":[{"name":"wp","href":"https:\/\/api.w.org\/{rel}","templated":true}]}}