{"id":341151,"date":"2025-08-24T18:15:12","date_gmt":"2025-08-24T18:15:12","guid":{"rendered":"https:\/\/www.europesays.com\/fr\/341151\/"},"modified":"2025-08-24T18:15:12","modified_gmt":"2025-08-24T18:15:12","slug":"peut-elle-vraiment-polluer-lair-que-vous-respirez","status":"publish","type":"post","link":"https:\/\/www.europesays.com\/fr\/341151\/","title":{"rendered":"peut-elle vraiment polluer l\u2019air que vous respirez ?"},"content":{"rendered":"<p><strong>Les voitures \u00e9lectriques ont pour atout majeur de ne pas \u00e9mettre de gaz d\u2019\u00e9chappement, ce qui en fait une alternative plus propre face aux moteurs thermiques. Pourtant, une \u00e9tude r\u00e9cente r\u00e9v\u00e8le une source de pollution insoup\u00e7onn\u00e9e : lors de la recharge rapide, des particules fines sont remises en suspension dans l\u2019air. Invisibles \u00e0 l\u2019\u0153il nu, elles repr\u00e9sentent pourtant un risque pour la sant\u00e9.<\/strong><\/p>\n<p>D\u2019o\u00f9 viennent ces particules ?<\/p>\n<p>Contrairement \u00e0 ce que l\u2019on pourrait penser, elles ne sont pas \u00e9mises par la borne elle-m\u00eame. Des chercheurs de l\u2019<strong>UCLA<\/strong> ont montr\u00e9 que les ventilateurs des bornes de recharge rapide soul\u00e8vent la poussi\u00e8re d\u00e9j\u00e0 pr\u00e9sente au sol ou accumul\u00e9e dans les \u00e9quipements : r\u00e9sidus de <strong>freins<\/strong>, usure des <strong>pneus<\/strong>, salet\u00e9s ambiantes\u2026 R\u00e9sultat : un petit nuage de particules en suspension qui vient troubler l\u2019air autour des stations.<\/p>\n<p>Pour donner un ordre d\u2019id\u00e9e, en Californie, les niveaux moyens de <strong>PM2.5<\/strong> oscillent entre 3,6 et 12,4 \u00b5g\/m\u00b3. Autour des bornes rapides, les mesures montent parfois \u00e0 39 \u00b5g\/m\u00b3, soit plus du triple.<\/p>\n<p>Quels risques pour la sant\u00e9 ?<\/p>\n<p>Ces particules fines, une fois inhal\u00e9es, peuvent p\u00e9n\u00e9trer profond\u00e9ment dans les poumons et passer dans le sang. Selon le professeur <strong>Michael Jerrett<\/strong> (d\u00e9partement de sant\u00e9 environnementale de l\u2019UCLA), elles sont difficiles \u00e0 \u00e9liminer et augmentent le risque de maladies respiratoires ou cardiaques. Les personnes fragiles \u2013 <a href=\"https:\/\/www.tablette-tactile.net\/application\/ipad-application\/application-apprenant-aux-enfants-comment-programmer-ordinateur-160448\/\" rel=\"nofollow noopener\" target=\"_blank\"><strong>enfants<\/strong><\/a>, personnes \u00e2g\u00e9es ou asthmatiques \u2013 sont \u00e9videmment les plus expos\u00e9es.<\/p>\n<p>Comment r\u00e9duire son exposition ?<\/p>\n<p>La bonne nouvelle, c\u2019est que le ph\u00e9nom\u00e8ne reste tr\u00e8s localis\u00e9. La professeure <strong>Yifang Zhu<\/strong>, qui a dirig\u00e9 l\u2019\u00e9tude, pr\u00e9cise qu\u2019\u00e0 seulement quelques m\u00e8tres de la borne, les concentrations chutent fortement, et qu\u2019\u00e0 quelques centaines de m\u00e8tres, elles redeviennent comparables aux niveaux de pollution urbaine classiques.<\/p>\n<p>En pratique, les chercheurs recommandent de :<\/p>\n<ul class=\"wp-block-list\">\n<li>vous \u00e9loigner de quelques pas pendant la recharge,<\/li>\n<li>profiter de l\u2019attente pour boire un caf\u00e9 ou vous restaurer,<\/li>\n<li>ou, en cas de sensibilit\u00e9 particuli\u00e8re, porter un <strong>masque filtrant PM2.5<\/strong>, capable de bloquer jusqu\u2019\u00e0 95 % des particules.<\/li>\n<\/ul>\n<p>Et l\u2019environnement dans tout \u00e7a ?<\/p>\n<p>Faut-il y voir une remise en question des <a href=\"https:\/\/www.tablette-tactile.net\/tendances\/voitures-electriques-ces-11-vrais-problemes-que-personne-ne-vous-dit-1117705\/\" rel=\"nofollow noopener\" target=\"_blank\"><strong>voitures \u00e9lectriques<\/strong><\/a> ? Pas vraiment. Comme le rappelle l\u2019<strong>Union of Concerned Scientists (UCS)<\/strong>, conduire un v\u00e9hicule \u00e9lectrique g\u00e9n\u00e8re en moyenne 33 % d\u2019\u00e9missions en moins qu\u2019une voiture thermique peu consommatrice. Ces r\u00e9sultats confirment que, malgr\u00e9 ces inconv\u00e9nients ponctuels, la voiture \u00e9lectrique reste un levier essentiel pour r\u00e9duire les \u00e9missions globales de polluants.<\/p>\n<p>En clair, oui, la <strong>recharge rapide<\/strong> peut temporairement alt\u00e9rer la qualit\u00e9 de l\u2019air au plus pr\u00e8s des bornes. Mais avec quelques pr\u00e9cautions simples, l\u2019impact sur la sant\u00e9 reste limit\u00e9 \u2013 et l\u2019avantage environnemental des \u00e9lectriques demeure largement sup\u00e9rieur.<\/p>\n","protected":false},"excerpt":{"rendered":"Les voitures \u00e9lectriques ont pour atout majeur de ne pas \u00e9mettre de gaz d\u2019\u00e9chappement, ce qui en fait&hellip;\n","protected":false},"author":2,"featured_media":341152,"comment_status":"","ping_status":"","sticky":false,"template":"","format":"standard","meta":{"footnotes":""},"categories":[6],"tags":[35,33,34,1011,27],"class_list":{"0":"post-341151","1":"post","2":"type-post","3":"status-publish","4":"format-standard","5":"has-post-thumbnail","7":"category-economie","8":"tag-business","9":"tag-economie","10":"tag-economy","11":"tag-fr","12":"tag-france"},"share_on_mastodon":{"url":"https:\/\/pubeurope.com\/@fr\/115085110412789761","error":""},"_links":{"self":[{"href":"https:\/\/www.europesays.com\/fr\/wp-json\/wp\/v2\/posts\/341151","targetHints":{"allow":["GET"]}}],"collection":[{"href":"https:\/\/www.europesays.com\/fr\/wp-json\/wp\/v2\/posts"}],"about":[{"href":"https:\/\/www.europesays.com\/fr\/wp-json\/wp\/v2\/types\/post"}],"author":[{"embeddable":true,"href":"https:\/\/www.europesays.com\/fr\/wp-json\/wp\/v2\/users\/2"}],"replies":[{"embeddable":true,"href":"https:\/\/www.europesays.com\/fr\/wp-json\/wp\/v2\/comments?post=341151"}],"version-history":[{"count":0,"href":"https:\/\/www.europesays.com\/fr\/wp-json\/wp\/v2\/posts\/341151\/revisions"}],"wp:featuredmedia":[{"embeddable":true,"href":"https:\/\/www.europesays.com\/fr\/wp-json\/wp\/v2\/media\/341152"}],"wp:attachment":[{"href":"https:\/\/www.europesays.com\/fr\/wp-json\/wp\/v2\/media?parent=341151"}],"wp:term":[{"taxonomy":"category","embeddable":true,"href":"https:\/\/www.europesays.com\/fr\/wp-json\/wp\/v2\/categories?post=341151"},{"taxonomy":"post_tag","embeddable":true,"href":"https:\/\/www.europesays.com\/fr\/wp-json\/wp\/v2\/tags?post=341151"}],"curies":[{"name":"wp","href":"https:\/\/api.w.org\/{rel}","templated":true}]}}