{"id":341153,"date":"2025-08-24T18:16:12","date_gmt":"2025-08-24T18:16:12","guid":{"rendered":"https:\/\/www.europesays.com\/fr\/341153\/"},"modified":"2025-08-24T18:16:12","modified_gmt":"2025-08-24T18:16:12","slug":"des-centaines-darbres-palestiniens-deracines-en-presence-de-larmee-israelienne","status":"publish","type":"post","link":"https:\/\/www.europesays.com\/fr\/341153\/","title":{"rendered":"des centaines d&rsquo;arbres palestiniens d\u00e9racin\u00e9s en pr\u00e9sence de l&rsquo;arm\u00e9e isra\u00e9lienne"},"content":{"rendered":"<p>Des bulldozers, l\u2019un d\u2019eux arborant un drapeau isra\u00e9lien, ont d\u00e9racin\u00e9 des centaines d\u2019arbres dans le village d\u2019al-Mughayyir. Une ONG palestinienne de d\u00e9fense des prisonniers a fait \u00e9tat de 14 arrestations dans le village en trois jours.<\/p>\n<p class=\"fig-paragraph\">Des bulldozers ont d\u00e9racin\u00e9 des centaines d&rsquo;arbres dans le village d&rsquo;al-Mughayyir, dans le centre de la\u00a0<a href=\"http:\/\/www.lefigaro.fr\/international\/il-n-y-a-pas-de-futur-en-cisjordanie-occupee-la-disparition-programmee-des-camps-de-refugies-palestiniens-20250820\" target=\"_blank\" data-fig-type=\"Article\" rel=\"noopener\" data-gtm-custom-categorie=\"navigation\" data-gtm-custom-action=\"crossclick\" data-gtm-custom-label=\"Contextuel\" data-gtm-event=\"customEventSPE\" data-fig-domain=\"LEFIGARO\">Cisjordanie<\/a>, ont constat\u00e9 dimanche des journalistes de l&rsquo;AFP sur place, o\u00f9 se trouvait \u00e9galement l&rsquo;<a href=\"http:\/\/www.lefigaro.fr\/international\/l-armee-israelienne-resserre-son-etau-sur-la-ville-de-gaza-20250821\" target=\"_blank\" data-fig-type=\"Article\" rel=\"noopener\" data-gtm-custom-categorie=\"navigation\" data-gtm-custom-action=\"crossclick\" data-gtm-custom-label=\"Contextuel\" data-gtm-event=\"customEventSPE\" data-fig-domain=\"LEFIGARO\">arm\u00e9e isra\u00e9lienne<\/a>.<\/p>\n<p class=\"fig-paragraph\">Abdelatif Mohamed Abou Aliya, un agriculteur de cette commune proche de Ramallah, a racont\u00e9 \u00e0 l&rsquo;AFP avoir perdu des oliviers \u00abde plus de 70 ans\u00bb sur l&rsquo;\u00e9quivalent d&rsquo;un hectare de terre. \u00abIls les ont compl\u00e8tement d\u00e9racin\u00e9s et ras\u00e9s, sous des pr\u00e9textes fallacieux\u00bb, a dit cet homme sans pr\u00e9ciser \u00e0 qui il faisait allusion. Il a ajout\u00e9 avoir d\u00e9j\u00e0 commenc\u00e9 \u00e0 replanter ses arbres, tandis que d&rsquo;autres habitants \u00e9taient en train de b\u00eacher dans le m\u00eame but dimanche matin.<\/p>\n<p>                                    <a class=\"fig-a11y-skip a11y-hidden\" href=\"#fig-a11y-skip-main-inarticle\"><br \/>\n        Passer la publicit\u00e9<br \/>\n    <\/a><\/p>\n<p class=\"fig-paragraph\">La terre de plusieurs champs situ\u00e9s autour du village \u00e9tait retourn\u00e9e, et des oliviers gisaient au sol, a constat\u00e9 un photographe de l&rsquo;AFP. Plusieurs bulldozers roulaient sur les hauteurs d&rsquo;al-Mughayyir, l&rsquo;un d&rsquo;eux arborant un drapeau isra\u00e9lien, alors qu&rsquo;en contrebas, des v\u00e9hicules militaires \u00e9taient stationn\u00e9s, selon l&rsquo;\u00e9quipe de journalistes.<\/p>\n<p class=\"fig-paragraph\">\u00abL&rsquo;objectif est de contr\u00f4ler et de forcer les gens \u00e0 \u00e9migrer\u00bb, a comment\u00e9 Ghassan Abou Aliya, responsable d&rsquo;une association agricole locale, \u00abc&rsquo;est le d\u00e9but et cela va s&rsquo;\u00e9tendre \u00e0 toute la Cisjordanie\u00bb. Plusieurs habitants ont indiqu\u00e9 que l&rsquo;op\u00e9ration avait d\u00e9but\u00e9 jeudi, et une ONG palestinienne de d\u00e9fense des prisonniers a fait \u00e9tat de 14 arrestations dans le village en trois jours. Sollicit\u00e9e par l&rsquo;AFP, l&rsquo;arm\u00e9e isra\u00e9lienne a dit se renseigner.<\/p>\n<p>Un jeune tu\u00e9 par balles<\/p>\n<p class=\"fig-paragraph\">Elle avait \u00e9voqu\u00e9 vendredi dans un communiqu\u00e9 l&rsquo;arrestation d&rsquo;un homme originaire d&rsquo;al-Mughayyir, responsable selon elle d&rsquo;une \u00abattaque terroriste\u00bb \u00e0 proximit\u00e9. Le 16 ao\u00fbt, l&rsquo;Autorit\u00e9 palestinienne avait annonc\u00e9 qu&rsquo;un jeune homme de 18 ans avait \u00e9t\u00e9 tu\u00e9 par balles par l&rsquo;arm\u00e9e isra\u00e9lienne, dans ce m\u00eame village, l&rsquo;arm\u00e9e ayant indiqu\u00e9 avoir ripost\u00e9 \u00e0 des pierres lanc\u00e9es par des \u00abterroristes\u00bb, sans \u00e9tablir de lien explicite avec le jeune tu\u00e9.<\/p>\n<p class=\"fig-paragraph\">Les violences en Cisjordanie se sont intensifi\u00e9es depuis le d\u00e9but de la guerre \u00e0 Gaza, d\u00e9clench\u00e9e par une attaque du mouvement islamiste palestinien Hamas en Isra\u00ebl le 7 octobre 2023. Selon un d\u00e9compte de l&rsquo;AFP \u00e9tabli \u00e0 partir de donn\u00e9es de l&rsquo;Autorit\u00e9 palestinienne, au moins 971 Palestiniens, dont de nombreux combattants mais aussi beaucoup de civils, ont \u00e9t\u00e9 tu\u00e9s par des soldats ou des colons isra\u00e9liens en Cisjordanie depuis cette date.<\/p>\n<p class=\"fig-paragraph\">Au moins 36 Isra\u00e9liens, parmi lesquels des civils et des soldats, y ont \u00e9t\u00e9 tu\u00e9s dans des attaques palestiniennes ou lors d&rsquo;op\u00e9rations militaires isra\u00e9liennes, selon les donn\u00e9es officielles isra\u00e9liennes. Quelque trois millions de Palestiniens vivent en Cisjordanie, territoire occup\u00e9 par Isra\u00ebl depuis 1967, aux c\u00f4t\u00e9s d&rsquo;environ 500.000 Isra\u00e9liens, install\u00e9s dans des colonies ill\u00e9gales au regard du droit international.<\/p>\n","protected":false},"excerpt":{"rendered":"Des bulldozers, l\u2019un d\u2019eux arborant un drapeau isra\u00e9lien, ont d\u00e9racin\u00e9 des centaines d\u2019arbres dans le village d\u2019al-Mughayyir. Une&hellip;\n","protected":false},"author":2,"featured_media":341154,"comment_status":"","ping_status":"","sticky":false,"template":"","format":"standard","meta":{"footnotes":""},"categories":[5],"tags":[11,2486,1011,27,14,664,12,28],"class_list":{"0":"post-341153","1":"post","2":"type-post","3":"status-publish","4":"format-standard","5":"has-post-thumbnail","7":"category-international","8":"tag-actualites","9":"tag-cisjordanie","10":"tag-fr","11":"tag-france","12":"tag-international","13":"tag-israel","14":"tag-news","15":"tag-world"},"share_on_mastodon":{"url":"https:\/\/pubeurope.com\/@fr\/115085114365863808","error":""},"_links":{"self":[{"href":"https:\/\/www.europesays.com\/fr\/wp-json\/wp\/v2\/posts\/341153","targetHints":{"allow":["GET"]}}],"collection":[{"href":"https:\/\/www.europesays.com\/fr\/wp-json\/wp\/v2\/posts"}],"about":[{"href":"https:\/\/www.europesays.com\/fr\/wp-json\/wp\/v2\/types\/post"}],"author":[{"embeddable":true,"href":"https:\/\/www.europesays.com\/fr\/wp-json\/wp\/v2\/users\/2"}],"replies":[{"embeddable":true,"href":"https:\/\/www.europesays.com\/fr\/wp-json\/wp\/v2\/comments?post=341153"}],"version-history":[{"count":0,"href":"https:\/\/www.europesays.com\/fr\/wp-json\/wp\/v2\/posts\/341153\/revisions"}],"wp:featuredmedia":[{"embeddable":true,"href":"https:\/\/www.europesays.com\/fr\/wp-json\/wp\/v2\/media\/341154"}],"wp:attachment":[{"href":"https:\/\/www.europesays.com\/fr\/wp-json\/wp\/v2\/media?parent=341153"}],"wp:term":[{"taxonomy":"category","embeddable":true,"href":"https:\/\/www.europesays.com\/fr\/wp-json\/wp\/v2\/categories?post=341153"},{"taxonomy":"post_tag","embeddable":true,"href":"https:\/\/www.europesays.com\/fr\/wp-json\/wp\/v2\/tags?post=341153"}],"curies":[{"name":"wp","href":"https:\/\/api.w.org\/{rel}","templated":true}]}}