{"id":341158,"date":"2025-08-24T18:19:11","date_gmt":"2025-08-24T18:19:11","guid":{"rendered":"https:\/\/www.europesays.com\/fr\/341158\/"},"modified":"2025-08-24T18:19:11","modified_gmt":"2025-08-24T18:19:11","slug":"saint-etienne-garage404-une-ecole-qui-forme-au-numerique-des-lage-de-6-ans","status":"publish","type":"post","link":"https:\/\/www.europesays.com\/fr\/341158\/","title":{"rendered":"Saint-\u00c9tienne. Garage404, une \u00e9cole qui forme au num\u00e9rique d\u00e8s l\u2019\u00e2ge de 6 ans"},"content":{"rendered":"<p>Pour Ludovic Cabanne, \u00e0 la t\u00eate de Garage404 : \u00ab\u00a0L\u2019apprentissage du num\u00e9rique, c\u2019est comme celui de la musique\u00a0: il ne se fait pas en quelques heures. \u00bb Ancien directeur d\u2019une \u00e9cole de musique, il sait aussi qu\u2019assimiler ces connaissances peut se faire d\u00e8s le plus jeune \u00e2ge. Alors, l\u2019\u00e9cole Garage404, initialement lanc\u00e9e \u00e0 Roanne et d\u00e9velopp\u00e9e depuis plus de deux ans \u00e0 Saint-\u00c9tienne avec la Station109, propose un apprentissage d\u00e8s l\u2019\u00e2ge de 6 ans, et sans ordinateur.<\/p>\n<p>D\u00e8s la 6e , les \u00e9l\u00e8ves cr\u00e9ent leur propre jeu vid\u00e9o<\/p>\n<p>\u00c0 cet \u00e2ge-l\u00e0, il s\u2019agit d\u2019apprendre l\u2019art du codage de mani\u00e8re ludique, \u00e0 l\u2019aide de blocs en bois. \u00ab\u00a0C\u2019est une sorte de puzzle pour que des fonctions se mettent en place, appuie Ludovic&#8230;<\/p>\n","protected":false},"excerpt":{"rendered":"Pour Ludovic Cabanne, \u00e0 la t\u00eate de Garage404 : \u00ab\u00a0L\u2019apprentissage du num\u00e9rique, c\u2019est comme celui de la musique\u00a0:&hellip;\n","protected":false},"author":2,"featured_media":341159,"comment_status":"","ping_status":"","sticky":false,"template":"","format":"standard","meta":{"footnotes":""},"categories":[9653],"tags":[1111,11,2430,7539,1057,1777,674,1011,27,12,25,4001,7538],"class_list":{"0":"post-341158","1":"post","2":"type-post","3":"status-publish","4":"format-standard","5":"has-post-thumbnail","7":"category-saint-etienne","8":"tag-actu","9":"tag-actualites","10":"tag-auvergne-rhone-alpes","11":"tag-edition-loire-sud","12":"tag-education","13":"tag-eu","14":"tag-europe","15":"tag-fr","16":"tag-france","17":"tag-news","18":"tag-republique-francaise","19":"tag-saint-etienne","20":"tag-saint-etienne-ville"},"share_on_mastodon":{"url":"https:\/\/pubeurope.com\/@fr\/115085126192267247","error":""},"_links":{"self":[{"href":"https:\/\/www.europesays.com\/fr\/wp-json\/wp\/v2\/posts\/341158","targetHints":{"allow":["GET"]}}],"collection":[{"href":"https:\/\/www.europesays.com\/fr\/wp-json\/wp\/v2\/posts"}],"about":[{"href":"https:\/\/www.europesays.com\/fr\/wp-json\/wp\/v2\/types\/post"}],"author":[{"embeddable":true,"href":"https:\/\/www.europesays.com\/fr\/wp-json\/wp\/v2\/users\/2"}],"replies":[{"embeddable":true,"href":"https:\/\/www.europesays.com\/fr\/wp-json\/wp\/v2\/comments?post=341158"}],"version-history":[{"count":0,"href":"https:\/\/www.europesays.com\/fr\/wp-json\/wp\/v2\/posts\/341158\/revisions"}],"wp:featuredmedia":[{"embeddable":true,"href":"https:\/\/www.europesays.com\/fr\/wp-json\/wp\/v2\/media\/341159"}],"wp:attachment":[{"href":"https:\/\/www.europesays.com\/fr\/wp-json\/wp\/v2\/media?parent=341158"}],"wp:term":[{"taxonomy":"category","embeddable":true,"href":"https:\/\/www.europesays.com\/fr\/wp-json\/wp\/v2\/categories?post=341158"},{"taxonomy":"post_tag","embeddable":true,"href":"https:\/\/www.europesays.com\/fr\/wp-json\/wp\/v2\/tags?post=341158"}],"curies":[{"name":"wp","href":"https:\/\/api.w.org\/{rel}","templated":true}]}}