{"id":34116,"date":"2025-04-18T13:05:09","date_gmt":"2025-04-18T13:05:09","guid":{"rendered":"https:\/\/www.europesays.com\/fr\/34116\/"},"modified":"2025-04-18T13:05:09","modified_gmt":"2025-04-18T13:05:09","slug":"un-chauffeur-rtm-agresse-la-nuit-de-mercredi","status":"publish","type":"post","link":"https:\/\/www.europesays.com\/fr\/34116\/","title":{"rendered":"Un chauffeur RTM agress\u00e9 la nuit de mercredi"},"content":{"rendered":"\n<p>L\u2019incident se serait pass\u00e9 vers minuit dans la nuit de mercredi \u00e0 jeudi. Alors \u00e0 hauteur de l\u2019arr\u00eat Merlan-Trompette, le chauffeur du bus de nuit 533 aurait \u00e9t\u00e9 agress\u00e9 par l\u2019un des passagers apr\u00e8s que ce dernier lui a demand\u00e9 d\u2019arr\u00eater de rouler une cigarette au cannabis. Les forces de l\u2019ordre ont d\u00fb intervenir, avec l\u2019aide des v\u00e9rificateurs du Groupe d\u2019assistance et de protection (GAP). Le conducteur, quant \u00e0 lui, a \u00e9t\u00e9 emmen\u00e9 \u00e0 l\u2019h\u00f4pital de garde par les marins pompiers.<\/p>\n<p>Une nouvelle agression alors que les syndicats avaient d\u00e9j\u00e0 alert\u00e9 sur la s\u00e9curit\u00e9 des chauffeurs apr\u00e8s les violences subies par l\u2019un d\u2019entre eux sur le bus\u00a091 en janvier. Une r\u00e9union entre CSE, syndicats, commission de s\u00e9curit\u00e9 et direction de la RTM avait eu lieu pour trouver des solutions afin d\u2019assurer la s\u00e9curit\u00e9 des agents.<\/p>\n<p>Les syndicats avaient alors obtenu l\u2019augmentation des formations en gestion des conflits, ainsi que le renforcement des patrouilles de CRS sur les lignes et l\u2019augmentation des effectifs du D\u00e9partement de lutte contre la fraude (DLF) et ceux des v\u00e9rificateurs du Groupe d\u2019assistance et de protection (GAP). Enfin, une campagne contre les agressions verbales et physiques des agents de la RTM a \u00e9t\u00e9 d\u00e9ploy\u00e9e sur tout le r\u00e9seau.<\/p>\n<p>Martine Vassal, pr\u00e9sidente (DVD) de la M\u00e9tropole, a tenu \u00e0 exprimer son soutien \u00ab\u00a0au conducteur agress\u00e9, \u00e0 sa famille, ainsi qu\u2019\u00e0 l\u2019ensemble des personnels de la R\u00e9gie des transports m\u00e9tropolitains (RTM). Cet acte inadmissible vient malheureusement rappeler l\u2019importance du d\u00e9ploiement par la M\u00e9tropole du dispositif Tol\u00e9rance z\u00e9ro, qui a pour objectif de renforcer la s\u00e9curit\u00e9 des agents comme des voyageurs\u00a0\u00bb.<\/p>\n<p>La M\u00e9tropole et la CGT RTM ont \u00e9galement soulign\u00e9 la rapidit\u00e9 d\u2019intervention du GAP apr\u00e8s le d\u00e9clenchement de l\u2019appel de d\u00e9tresse.<\/p>\n","protected":false},"excerpt":{"rendered":"L\u2019incident se serait pass\u00e9 vers minuit dans la nuit de mercredi \u00e0 jeudi. Alors \u00e0 hauteur de l\u2019arr\u00eat&hellip;\n","protected":false},"author":2,"featured_media":34117,"comment_status":"","ping_status":"","sticky":false,"template":"","format":"standard","meta":{"footnotes":""},"categories":[2814],"tags":[1111,11,11211,1777,674,1011,27,884,12,882,25],"class_list":{"0":"post-34116","1":"post","2":"type-post","3":"status-publish","4":"format-standard","5":"has-post-thumbnail","7":"category-marseille","8":"tag-actu","9":"tag-actualites","10":"tag-agressions","11":"tag-eu","12":"tag-europe","13":"tag-fr","14":"tag-france","15":"tag-marseille","16":"tag-news","17":"tag-provence-alpes-cote-dazur","18":"tag-republique-francaise"},"share_on_mastodon":{"url":"https:\/\/pubeurope.com\/@fr\/114359115665885283","error":""},"_links":{"self":[{"href":"https:\/\/www.europesays.com\/fr\/wp-json\/wp\/v2\/posts\/34116","targetHints":{"allow":["GET"]}}],"collection":[{"href":"https:\/\/www.europesays.com\/fr\/wp-json\/wp\/v2\/posts"}],"about":[{"href":"https:\/\/www.europesays.com\/fr\/wp-json\/wp\/v2\/types\/post"}],"author":[{"embeddable":true,"href":"https:\/\/www.europesays.com\/fr\/wp-json\/wp\/v2\/users\/2"}],"replies":[{"embeddable":true,"href":"https:\/\/www.europesays.com\/fr\/wp-json\/wp\/v2\/comments?post=34116"}],"version-history":[{"count":0,"href":"https:\/\/www.europesays.com\/fr\/wp-json\/wp\/v2\/posts\/34116\/revisions"}],"wp:featuredmedia":[{"embeddable":true,"href":"https:\/\/www.europesays.com\/fr\/wp-json\/wp\/v2\/media\/34117"}],"wp:attachment":[{"href":"https:\/\/www.europesays.com\/fr\/wp-json\/wp\/v2\/media?parent=34116"}],"wp:term":[{"taxonomy":"category","embeddable":true,"href":"https:\/\/www.europesays.com\/fr\/wp-json\/wp\/v2\/categories?post=34116"},{"taxonomy":"post_tag","embeddable":true,"href":"https:\/\/www.europesays.com\/fr\/wp-json\/wp\/v2\/tags?post=34116"}],"curies":[{"name":"wp","href":"https:\/\/api.w.org\/{rel}","templated":true}]}}