{"id":341160,"date":"2025-08-24T18:20:16","date_gmt":"2025-08-24T18:20:16","guid":{"rendered":"https:\/\/www.europesays.com\/fr\/341160\/"},"modified":"2025-08-24T18:20:16","modified_gmt":"2025-08-24T18:20:16","slug":"le-salaire-dharold-moukoudi-avec-laek-athenes","status":"publish","type":"post","link":"https:\/\/www.europesays.com\/fr\/341160\/","title":{"rendered":"Le salaire d&rsquo;Harold Moukoudi avec l&rsquo;AEK Ath\u00e8nes"},"content":{"rendered":"<p><img fetchpriority=\"high\" decoding=\"async\" width=\"600\" height=\"400\" src=\"https:\/\/www.europesays.com\/fr\/wp-content\/uploads\/2025\/08\/Harold-Moukoudi-ASSE-football.jpg\" alt=\"Salaire. Combien gagne Harold Moukoudi avec l'AEK Ath\u00e8nes ?\" class=\"wp-image-235948\"  \/>Harold Moukoudi a quitt\u00e9 Saint-Etienne en 2022 pour la Gr\u00e8ce et l\u2019AEK Ath\u00e8nes.<\/p>\n<p>Harold Moukoudi figure parmi les joueurs les mieux r\u00e9mun\u00e9r\u00e9s de l\u2019AEK Ath\u00e8nes selon la grille salariale 2025 du club grec. Le d\u00e9fenseur central fran\u00e7ais, arriv\u00e9 libre de l\u2019AS Saint-\u00c9tienne en 2022, occupe la 6e position des plus gros salaires de l\u2019effectif.<\/p>\n<p>Arriv\u00e9 sans indemnit\u00e9 de transfert depuis l\u2019AS Saint-\u00c9tienne en 2022, Moukoudi a n\u00e9goci\u00e9 des \u00e9moluments confortables lors de sa signature. Son statut d\u2019agent libre lui a permis d\u2019obtenir une r\u00e9mun\u00e9ration attractive de la part du club grec, d\u00e9sireux de recruter un d\u00e9fenseur d\u2019exp\u00e9rience.<\/p>\n<p>Dans sa derni\u00e8re saison de contrat avec l\u2019AEK<\/p>\n<p>\u00c0 27 ans, le Franco-Camerounais occupe le rang de d\u00e9fenseur central le mieux pay\u00e9 de l\u2019AEK, devan\u00e7ant ses concurrents au poste. Apr\u00e8s avoir quitt\u00e9 les Verts au terme de son contrat, Moukoudi s\u2019est rapidement impos\u00e9 en Gr\u00e8ce. Son adaptation r\u00e9ussie et ses performances r\u00e9guli\u00e8res justifient l\u2019investissement consenti par l\u2019AEK lors de son recrutement.<\/p>\n<p>Le d\u00e9fenseur est entr\u00e9 dans sa derni\u00e8re saison contractuelle avec l\u2019AEK Ath\u00e8nes, son engagement courant jusqu\u2019en 2026. Cette situation rend son futur \u00e0 ce stade incertain, dans un championnat o\u00f9 il a trouv\u00e9 ses marques sportives.<\/p>\n<p>Le salaire d\u2019Harold Moukoudi avec l\u2019AEK Ath\u00e8nes<\/p>\n<p><strong>Annuel :<\/strong> 1 080 000 \u20ac<br \/><strong>Mensuel :<\/strong> 90 000 \u20ac<br \/><strong>Hebdomadaire :<\/strong> 20 769 \u20ac<br \/><strong>Quotidien :<\/strong> 2 959 \u20ac<br \/><strong>Fin de contrat :<\/strong> 2026<\/p>\n","protected":false},"excerpt":{"rendered":"Harold Moukoudi a quitt\u00e9 Saint-Etienne en 2022 pour la Gr\u00e8ce et l\u2019AEK Ath\u00e8nes. Harold Moukoudi figure parmi les&hellip;\n","protected":false},"author":2,"featured_media":341161,"comment_status":"","ping_status":"","sticky":false,"template":"","format":"standard","meta":{"footnotes":""},"categories":[9653],"tags":[1111,11,461,2430,1777,674,1011,27,12,25,4001,11254,969],"class_list":{"0":"post-341160","1":"post","2":"type-post","3":"status-publish","4":"format-standard","5":"has-post-thumbnail","7":"category-saint-etienne","8":"tag-actu","9":"tag-actualites","10":"tag-asse","11":"tag-auvergne-rhone-alpes","12":"tag-eu","13":"tag-europe","14":"tag-fr","15":"tag-france","16":"tag-news","17":"tag-republique-francaise","18":"tag-saint-etienne","19":"tag-salaires","20":"tag-transfert"},"share_on_mastodon":{"url":"https:\/\/pubeurope.com\/@fr\/115085130567409005","error":""},"_links":{"self":[{"href":"https:\/\/www.europesays.com\/fr\/wp-json\/wp\/v2\/posts\/341160","targetHints":{"allow":["GET"]}}],"collection":[{"href":"https:\/\/www.europesays.com\/fr\/wp-json\/wp\/v2\/posts"}],"about":[{"href":"https:\/\/www.europesays.com\/fr\/wp-json\/wp\/v2\/types\/post"}],"author":[{"embeddable":true,"href":"https:\/\/www.europesays.com\/fr\/wp-json\/wp\/v2\/users\/2"}],"replies":[{"embeddable":true,"href":"https:\/\/www.europesays.com\/fr\/wp-json\/wp\/v2\/comments?post=341160"}],"version-history":[{"count":0,"href":"https:\/\/www.europesays.com\/fr\/wp-json\/wp\/v2\/posts\/341160\/revisions"}],"wp:featuredmedia":[{"embeddable":true,"href":"https:\/\/www.europesays.com\/fr\/wp-json\/wp\/v2\/media\/341161"}],"wp:attachment":[{"href":"https:\/\/www.europesays.com\/fr\/wp-json\/wp\/v2\/media?parent=341160"}],"wp:term":[{"taxonomy":"category","embeddable":true,"href":"https:\/\/www.europesays.com\/fr\/wp-json\/wp\/v2\/categories?post=341160"},{"taxonomy":"post_tag","embeddable":true,"href":"https:\/\/www.europesays.com\/fr\/wp-json\/wp\/v2\/tags?post=341160"}],"curies":[{"name":"wp","href":"https:\/\/api.w.org\/{rel}","templated":true}]}}