{"id":341162,"date":"2025-08-24T18:21:14","date_gmt":"2025-08-24T18:21:14","guid":{"rendered":"https:\/\/www.europesays.com\/fr\/341162\/"},"modified":"2025-08-24T18:21:14","modified_gmt":"2025-08-24T18:21:14","slug":"vosges-concert-avec-bac-plus-zinc-au-fort-de-sanchey","status":"publish","type":"post","link":"https:\/\/www.europesays.com\/fr\/341162\/","title":{"rendered":"Vosges. Concert avec Bac Plus Zinc au fort de Sanchey"},"content":{"rendered":"<p>Le groupe Bac Plus Zinc se produira le dimanche 7\u00a0septembre, au fort, dans le cadre de la manifestation \u00ab\u00a0cochon grill\u00e9\u00a0\u00bb organis\u00e9e par le comit\u00e9 des f\u00eates local.<\/p>\n<p>Ce groupe est un ensemble de cinq anciens \u00e9tudiants, \u00ab\u00a0qui ont davantage appris sur le zinc des bistrots que sur les bancs de la fac\u00a0\u00bb, aux dires des musiciens eux-m\u00eames, qui revisitent les grands standards de la chanson fran\u00e7aise, de Charles Aznavour, Georges Brassens, Jacques Brel, Serge Gainsbourg en passant par Serge Reggiani, le tout \u00e0 travers le swing, le musette ou le jazz manouche.<\/p>\n<p>\u00c0 n\u2019en point douter, cet ensemble devrait faire l\u2019unanimit\u00e9 aupr\u00e8s de tous ceux qui participeront \u00e0 ce rendez-vous musical et\u2026 gustatif.<\/p>\n<p class=\"note\">Bac Plus Zinc interviendra, d\u00e8s 11\u00a0h, \u00e0 l\u2019heure de l\u2019ap\u00e9ritif, ainsi qu\u2019au cours de l\u2019apr\u00e8s-midi avec un concert qui d\u00e9butera aux environs de 15\u00a0h.<\/p>\n","protected":false},"excerpt":{"rendered":"Le groupe Bac Plus Zinc se produira le dimanche 7\u00a0septembre, au fort, dans le cadre de la manifestation&hellip;\n","protected":false},"author":2,"featured_media":341163,"comment_status":"","ping_status":"","sticky":false,"template":"","format":"standard","meta":{"footnotes":""},"categories":[9635],"tags":[1111,11,46078,1687,1796,1777,674,1011,27,775,873,1702,12,25,47738],"class_list":{"0":"post-341162","1":"post","2":"type-post","3":"status-publish","4":"format-standard","5":"has-post-thumbnail","7":"category-nancy","8":"tag-actu","9":"tag-actualites","10":"tag-ca-depinal-88a1","11":"tag-culture-loisirs","12":"tag-edition-epinal","13":"tag-eu","14":"tag-europe","15":"tag-fr","16":"tag-france","17":"tag-grand-est","18":"tag-musique","19":"tag-nancy","20":"tag-news","21":"tag-republique-francaise","22":"tag-sanchey"},"share_on_mastodon":{"url":"https:\/\/pubeurope.com\/@fr\/115085133904372709","error":""},"_links":{"self":[{"href":"https:\/\/www.europesays.com\/fr\/wp-json\/wp\/v2\/posts\/341162","targetHints":{"allow":["GET"]}}],"collection":[{"href":"https:\/\/www.europesays.com\/fr\/wp-json\/wp\/v2\/posts"}],"about":[{"href":"https:\/\/www.europesays.com\/fr\/wp-json\/wp\/v2\/types\/post"}],"author":[{"embeddable":true,"href":"https:\/\/www.europesays.com\/fr\/wp-json\/wp\/v2\/users\/2"}],"replies":[{"embeddable":true,"href":"https:\/\/www.europesays.com\/fr\/wp-json\/wp\/v2\/comments?post=341162"}],"version-history":[{"count":0,"href":"https:\/\/www.europesays.com\/fr\/wp-json\/wp\/v2\/posts\/341162\/revisions"}],"wp:featuredmedia":[{"embeddable":true,"href":"https:\/\/www.europesays.com\/fr\/wp-json\/wp\/v2\/media\/341163"}],"wp:attachment":[{"href":"https:\/\/www.europesays.com\/fr\/wp-json\/wp\/v2\/media?parent=341162"}],"wp:term":[{"taxonomy":"category","embeddable":true,"href":"https:\/\/www.europesays.com\/fr\/wp-json\/wp\/v2\/categories?post=341162"},{"taxonomy":"post_tag","embeddable":true,"href":"https:\/\/www.europesays.com\/fr\/wp-json\/wp\/v2\/tags?post=341162"}],"curies":[{"name":"wp","href":"https:\/\/api.w.org\/{rel}","templated":true}]}}