{"id":341164,"date":"2025-08-24T18:25:21","date_gmt":"2025-08-24T18:25:21","guid":{"rendered":"https:\/\/www.europesays.com\/fr\/341164\/"},"modified":"2025-08-24T18:25:21","modified_gmt":"2025-08-24T18:25:21","slug":"hugo-lucchino-prend-la-direction-de-la-villa-noailles","status":"publish","type":"post","link":"https:\/\/www.europesays.com\/fr\/341164\/","title":{"rendered":"Hugo Lucchino prend la direction de la Villa Noailles"},"content":{"rendered":"<p>Hy\u00e8res, ao\u00fbt 2025 \u2013 Rachida Dati, ministre de la Culture, en plein accord avec Pascale Mussard (pr\u00e9sidente de la Villa Noailles), Renaud Muselier (pr\u00e9sident du Conseil r\u00e9gional Provence-Alpes-C\u00f4te d\u2019Azur), Jean-Louis Masson (pr\u00e9sident du Conseil d\u00e9partemental du Var), Jean-Pierre Giran (pr\u00e9sident de la M\u00e9tropole Toulon Provence M\u00e9diterran\u00e9e et maire de Hy\u00e8res) et Jos\u00e9e Massi (maire de Toulon), a valid\u00e9 la nomination de M. Hugo Lucchino \u00e0 la direction de la Villa Noailles.<br \/>Cette d\u00e9cision fait suite \u00e0 la proposition unanime du jury r\u00e9uni le 25 juillet 2025.<\/p>\n","protected":false},"excerpt":{"rendered":"Hy\u00e8res, ao\u00fbt 2025 \u2013 Rachida Dati, ministre de la Culture, en plein accord avec Pascale Mussard (pr\u00e9sidente de&hellip;\n","protected":false},"author":2,"featured_media":341165,"comment_status":"","ping_status":"","sticky":false,"template":"","format":"standard","meta":{"footnotes":""},"categories":[9619],"tags":[1111,11,1777,674,1011,27,12,882,25,2310],"class_list":{"0":"post-341164","1":"post","2":"type-post","3":"status-publish","4":"format-standard","5":"has-post-thumbnail","7":"category-toulon","8":"tag-actu","9":"tag-actualites","10":"tag-eu","11":"tag-europe","12":"tag-fr","13":"tag-france","14":"tag-news","15":"tag-provence-alpes-cote-dazur","16":"tag-republique-francaise","17":"tag-toulon"},"share_on_mastodon":{"url":"https:\/\/pubeurope.com\/@fr\/115085149708488895","error":""},"_links":{"self":[{"href":"https:\/\/www.europesays.com\/fr\/wp-json\/wp\/v2\/posts\/341164","targetHints":{"allow":["GET"]}}],"collection":[{"href":"https:\/\/www.europesays.com\/fr\/wp-json\/wp\/v2\/posts"}],"about":[{"href":"https:\/\/www.europesays.com\/fr\/wp-json\/wp\/v2\/types\/post"}],"author":[{"embeddable":true,"href":"https:\/\/www.europesays.com\/fr\/wp-json\/wp\/v2\/users\/2"}],"replies":[{"embeddable":true,"href":"https:\/\/www.europesays.com\/fr\/wp-json\/wp\/v2\/comments?post=341164"}],"version-history":[{"count":0,"href":"https:\/\/www.europesays.com\/fr\/wp-json\/wp\/v2\/posts\/341164\/revisions"}],"wp:featuredmedia":[{"embeddable":true,"href":"https:\/\/www.europesays.com\/fr\/wp-json\/wp\/v2\/media\/341165"}],"wp:attachment":[{"href":"https:\/\/www.europesays.com\/fr\/wp-json\/wp\/v2\/media?parent=341164"}],"wp:term":[{"taxonomy":"category","embeddable":true,"href":"https:\/\/www.europesays.com\/fr\/wp-json\/wp\/v2\/categories?post=341164"},{"taxonomy":"post_tag","embeddable":true,"href":"https:\/\/www.europesays.com\/fr\/wp-json\/wp\/v2\/tags?post=341164"}],"curies":[{"name":"wp","href":"https:\/\/api.w.org\/{rel}","templated":true}]}}