{"id":341167,"date":"2025-08-24T18:27:11","date_gmt":"2025-08-24T18:27:11","guid":{"rendered":"https:\/\/www.europesays.com\/fr\/341167\/"},"modified":"2025-08-24T18:27:11","modified_gmt":"2025-08-24T18:27:11","slug":"zocato-et-vincent-marignan-logiquement-recompenses-as","status":"publish","type":"post","link":"https:\/\/www.europesays.com\/fr\/341167\/","title":{"rendered":"Zocato et Vincent Marignan logiquement r\u00e9compens\u00e9s (As)"},"content":{"rendered":"<p><strong>Entr\u00e9e\u00a0: pratiquement plein. Organisation\u00a0: C.T. Le Trident. Pr\u00e9sidence\u00a0: Thierry Tosas. Raseteurs droitiers\u00a0: Boukharta, Marignan, Vic, Benhammou. Raseteurs gauchers\u00a0: Aliaga, El Mahboub, Zekraoui. Tourneurs\u00a0: Moutet, Bensalah, A.\u00a0Benafiou, Dumas.<\/strong><\/p>\n<p><a href=\"https:\/\/www.laprovence.com\/article\/region\/44542740546254\/course-camarguaise-un-bon-millesime-pour-le-trophee-des-costieres-a-beauvoisin-avenir\" target=\"_blank\" rel=\"noopener\">Les raseteurs<\/a> perdent l\u2019occasion d\u2019embarquer un public pr\u00eat \u00e0 s\u2019enthousiasmer. Hormis Marignan et El Mahboub qui ont tenu leur engagement, ils ont laiss\u00e9 filer primes et bravos permettant \u00e0 11 ficelles de rentrer au toril. <a href=\"https:\/\/www.laprovence.com\/article\/region\/9552505911778\/course-camarguaise-apres-la-pluie-vient-le-beau-temps-a-lattes-avenir\" target=\"_blank\" rel=\"noopener\">C\u00f4t\u00e9s cocardiers<\/a>, Milan passe bien en 1er, Bosco en 6e, et c\u2019est Zocato (4e), combatif en diable, qui fait l\u2019unanimit\u00e9 et remporte, avec Marginan ce Troph\u00e9e des Commer\u00e7ants et Artisans &#8211; Souvenir Michel-Laurens.<\/p>\n<p>Hommage \u00e0 Vic pour sa derni\u00e8re course dans ses ar\u00e8nes, sous l\u2019ovation.<\/p>\n<p><strong>MILAN (Brestalou, N.308).-<\/strong> A grande vitesse jusqu\u2019au ras des planches, parfois en tapant. En mouvement et sans refus, il tamponne m\u00e9chamment apr\u00e8s Aliaga. La 1re ficelle vite lev\u00e9e, mais une fois le cocardier plac\u00e9, le travail s\u2019amenuise et l\u2019autre rentre. 3 Carmen et retour.<\/p>\n<p><strong>SACHA (Cyr, N.406).- <\/strong>Bien cal\u00e9, il m\u00e8ne des actions avec convictions. Attentif aux d\u00e9parts, il fait d\u00e9vier <a href=\"https:\/\/www.laprovence.com\/article\/region\/37146002988616\/course-camarguaise-daladel-explosif-et-el-mahboub-vainqueurs\" target=\"_blank\" rel=\"noopener\">El Mahboub<\/a> et Boukharta, trace des longueurs appuy\u00e9es avec Marig&#8230;<\/p>\n","protected":false},"excerpt":{"rendered":"Entr\u00e9e\u00a0: pratiquement plein. Organisation\u00a0: C.T. Le Trident. Pr\u00e9sidence\u00a0: Thierry Tosas. Raseteurs droitiers\u00a0: Boukharta, Marignan, Vic, Benhammou. Raseteurs gauchers\u00a0:&hellip;\n","protected":false},"author":2,"featured_media":341168,"comment_status":"","ping_status":"","sticky":false,"template":"","format":"standard","meta":{"footnotes":""},"categories":[9599],"tags":[17,1111,11,2863,13912,6466,47739,1777,674,1011,27,2208,12,2680,16,25,5288,3982,47740],"class_list":{"0":"post-341167","1":"post","2":"type-post","3":"status-publish","4":"format-standard","5":"has-post-thumbnail","7":"category-montpellier","8":"tag-17","9":"tag-actu","10":"tag-actualites","11":"tag-aout","12":"tag-camarguaise","13":"tag-course","14":"tag-dorques","15":"tag-eu","16":"tag-europe","17":"tag-fr","18":"tag-france","19":"tag-montpellier","20":"tag-news","21":"tag-occitanie","22":"tag-region","23":"tag-republique-francaise","24":"tag-saint-georges","25":"tag-samedi","26":"tag-zocato"},"share_on_mastodon":{"url":"https:\/\/pubeurope.com\/@fr\/115085157552227601","error":""},"_links":{"self":[{"href":"https:\/\/www.europesays.com\/fr\/wp-json\/wp\/v2\/posts\/341167","targetHints":{"allow":["GET"]}}],"collection":[{"href":"https:\/\/www.europesays.com\/fr\/wp-json\/wp\/v2\/posts"}],"about":[{"href":"https:\/\/www.europesays.com\/fr\/wp-json\/wp\/v2\/types\/post"}],"author":[{"embeddable":true,"href":"https:\/\/www.europesays.com\/fr\/wp-json\/wp\/v2\/users\/2"}],"replies":[{"embeddable":true,"href":"https:\/\/www.europesays.com\/fr\/wp-json\/wp\/v2\/comments?post=341167"}],"version-history":[{"count":0,"href":"https:\/\/www.europesays.com\/fr\/wp-json\/wp\/v2\/posts\/341167\/revisions"}],"wp:featuredmedia":[{"embeddable":true,"href":"https:\/\/www.europesays.com\/fr\/wp-json\/wp\/v2\/media\/341168"}],"wp:attachment":[{"href":"https:\/\/www.europesays.com\/fr\/wp-json\/wp\/v2\/media?parent=341167"}],"wp:term":[{"taxonomy":"category","embeddable":true,"href":"https:\/\/www.europesays.com\/fr\/wp-json\/wp\/v2\/categories?post=341167"},{"taxonomy":"post_tag","embeddable":true,"href":"https:\/\/www.europesays.com\/fr\/wp-json\/wp\/v2\/tags?post=341167"}],"curies":[{"name":"wp","href":"https:\/\/api.w.org\/{rel}","templated":true}]}}