{"id":341169,"date":"2025-08-24T18:28:22","date_gmt":"2025-08-24T18:28:22","guid":{"rendered":"https:\/\/www.europesays.com\/fr\/341169\/"},"modified":"2025-08-24T18:28:22","modified_gmt":"2025-08-24T18:28:22","slug":"europa-cup-le-hbc-nantes-defiera-montpellier-en-finale-a-strasbourg-sport","status":"publish","type":"post","link":"https:\/\/www.europesays.com\/fr\/341169\/","title":{"rendered":"Europ\u2019A cup : le HBC Nantes d\u00e9fiera Montpellier en finale \u00e0 Strasbourg . Sport"},"content":{"rendered":"<p>Le RK Zagreb que les Nantais avaient battu \u00e0 deux reprises en phase de poules la saison pass\u00e9e en Ligue des champions n\u2019a de nouveau rien pu faire \u00e0 l\u2019Europ\u2019A cup de Strasbourg face \u00e0 un H qui ne lui aura laiss\u00e9 inscrire que 7\u00a0buts en premi\u00e8re mi-temps(15-7).<\/p>\n<p>\u00ab\u00a0On savait que Zagreb est une \u00e9quipe qui tape beaucoup, rappelait Nicolas Tournat \u00e0 l\u2019issue du match au micro de BFM TV. C\u2019est son ADN. On savait \u00e0 quoi s\u2019attendre mais on \u00e9tait plus concentr\u00e9s sur nous, sur nos plans de jeu pour continuer \u00e0 bien travailler, \u00e0 mettre beaucoup d\u2019intensit\u00e9, beaucoup de rythme dans la partie.\u00a0\u00bb Mission accomplie pour les joueurs de Gr\u00e9gory Cojean dont l\u2019utilisation des rotations n\u2019aura jamais permis aux Croates d\u2019esp\u00e9rer revenir.<\/p>\n<p>\u00ab Double effectif \u00bb<\/p>\n<p>\u00ab\u00a0C\u2019est hyper int\u00e9ressant d\u2019avoir quasiment un double effectif. C\u2019est bien de ne pas avoir de baisse de niveau quand on fait les rotations. C\u2019est le plus important. Comme \u00e7a, on reste sur un bon niveau pendant 60\u00a0minutes. On aura besoin de tout le monde si on veut remporter un championnat car la saison est hyper longue\u00a0\u00bb, soulignait le pivot nantais qui, ce dimanche soir (19h30), avec le H, d\u00e9fiera Montpellier en finale apr\u00e8s le succ\u00e8s des H\u00e9raultais vendredi aux d\u00e9pens des Hongrois de Gy\u00f6r (32-28).<\/p>\n<p>Un MHB que les Violets retrouveront chez lui en championnat le 18\u00a0octobre.<\/p>\n<p>Les buteurs du H<\/p>\n<p>Pesic 8 arr\u00eats, 1 but, Biosca 5 arr\u00eats\u00a0; Briet 4, Minne 3, Yoshida 1, Tarrafeta 1, Rivera 8 (dont 5sp), Avelange-Demouge 1, Ovnicek 2, Tournat 3, Bos 1, Leopold 6 (dont 2 sp), Abdi 1, Odriozola 1.<\/p>\n<p>\u00a0<\/p>\n","protected":false},"excerpt":{"rendered":"Le RK Zagreb que les Nantais avaient battu \u00e0 deux reprises en phase de poules la saison pass\u00e9e&hellip;\n","protected":false},"author":2,"featured_media":341170,"comment_status":"","ping_status":"","sticky":false,"template":"","format":"standard","meta":{"footnotes":""},"categories":[9599],"tags":[1111,11,3809,1465,1777,674,63,1011,27,1792,1922,2208,766,12,2680,25,479,517,1470],"class_list":{"0":"post-341169","1":"post","2":"type-post","3":"status-publish","4":"format-standard","5":"has-post-thumbnail","7":"category-montpellier","8":"tag-actu","9":"tag-actualites","10":"tag-ball","11":"tag-basket","12":"tag-eu","13":"tag-europe","14":"tag-football","15":"tag-fr","16":"tag-france","17":"tag-handball","18":"tag-info","19":"tag-montpellier","20":"tag-nantes","21":"tag-news","22":"tag-occitanie","23":"tag-republique-francaise","24":"tag-rugby","25":"tag-sport","26":"tag-volley"},"share_on_mastodon":{"url":"https:\/\/pubeurope.com\/@fr\/115085161426766492","error":""},"_links":{"self":[{"href":"https:\/\/www.europesays.com\/fr\/wp-json\/wp\/v2\/posts\/341169","targetHints":{"allow":["GET"]}}],"collection":[{"href":"https:\/\/www.europesays.com\/fr\/wp-json\/wp\/v2\/posts"}],"about":[{"href":"https:\/\/www.europesays.com\/fr\/wp-json\/wp\/v2\/types\/post"}],"author":[{"embeddable":true,"href":"https:\/\/www.europesays.com\/fr\/wp-json\/wp\/v2\/users\/2"}],"replies":[{"embeddable":true,"href":"https:\/\/www.europesays.com\/fr\/wp-json\/wp\/v2\/comments?post=341169"}],"version-history":[{"count":0,"href":"https:\/\/www.europesays.com\/fr\/wp-json\/wp\/v2\/posts\/341169\/revisions"}],"wp:featuredmedia":[{"embeddable":true,"href":"https:\/\/www.europesays.com\/fr\/wp-json\/wp\/v2\/media\/341170"}],"wp:attachment":[{"href":"https:\/\/www.europesays.com\/fr\/wp-json\/wp\/v2\/media?parent=341169"}],"wp:term":[{"taxonomy":"category","embeddable":true,"href":"https:\/\/www.europesays.com\/fr\/wp-json\/wp\/v2\/categories?post=341169"},{"taxonomy":"post_tag","embeddable":true,"href":"https:\/\/www.europesays.com\/fr\/wp-json\/wp\/v2\/tags?post=341169"}],"curies":[{"name":"wp","href":"https:\/\/api.w.org\/{rel}","templated":true}]}}