{"id":341173,"date":"2025-08-24T18:34:33","date_gmt":"2025-08-24T18:34:33","guid":{"rendered":"https:\/\/www.europesays.com\/fr\/341173\/"},"modified":"2025-08-24T18:34:33","modified_gmt":"2025-08-24T18:34:33","slug":"fabrique-opera-bobine-danse-holocene-livres-la-grande-hecatombe-grenobloise","status":"publish","type":"post","link":"https:\/\/www.europesays.com\/fr\/341173\/","title":{"rendered":"FABRIQUE OP\u00c9RA, BOBINE, DANSE, HOLOC\u00c8NE, LIVRES &#8230; LA GRANDE H\u00c9CATOMBE GRENOBLOISE\u00a0"},"content":{"rendered":"<p>Posted On 24 ao\u00fbt 2025 <\/p>\n<p style=\"text-align: justify;\">\u00a0\u00ab\u00a0Make Grenoble\u00a0great\u00a0again ! \u00bb a lanc\u00e9 le talentueux Rapha\u00ebl Quenard dans le DL r\u00e9sumant l&rsquo;attente des grenoblois qui d\u00e9passe \u00e9videmment les seuls milieux culturels. Mais son cri du coeur, son slogan de campagne, raisonne particuli\u00e8rement chez les op\u00e9rateurs de la culture, m\u00eame s&rsquo;ils r\u00e9agissent tr\u00e8s mollement &#8211; par solidarit\u00e9 politique &#8211; \u00e0 la v\u00e9ritable saign\u00e9e dont ils sont victimes.\u00a0<\/p>\n<p style=\"text-align: justify;\">La derni\u00e8re est la danse. L&rsquo;association \u201cLe Marche pied\u201d qui porte la compagnie Malka voit la participation de 300 danseurs is\u00e8rois \u00e0 la biennale de la danse de Lyon s\u00e9rieusement menac\u00e9e. Le chor\u00e9graphe grenoblois Bouba Landrille Tchouda et la pr\u00e9sidente Florence Bellagambi sont sous pression avant l&rsquo;\u00e9v\u00e9nement qui doit se d\u00e9rouler le 7 septembre raconte le DL (23\/8\/25).\u00a0<\/p>\n<p><a href=\"https:\/\/i0.wp.com\/grenoble-le-changement.fr\/wp-content\/uploads\/2025\/08\/Capture-de\u0301cran-2025-08-23-a\u0300-10.34.54.png?ssl=1\" rel=\"lightbox[84190] noopener\" target=\"_blank\"><img decoding=\"async\" data-id=\"84191\" src=\"https:\/\/i0.wp.com\/grenoble-le-changement.fr\/wp-content\/uploads\/2025\/08\/Capture-de\u0301cran-2025-08-23-a\u0300-10.34.54.png?resize=678%2C280&amp;ssl=1\" alt=\"\" class=\"wp-image-84191 jetpack-lazy-image\" data-recalc-dims=\"1\" data-lazy-src=\"https:\/\/i0.wp.com\/grenoble-le-changement.fr\/wp-content\/uploads\/2025\/08\/Capture-de\u0301cran-2025-08-23-a\u0300-10.34.54.png?resize=678%2C280&amp;is-pending-load=1#038;ssl=1\" \/><\/a><br \/>\nLe \u00ab\u00a0Dauphin\u00e9\u00a0\u00bb (23\/8\/25) d\u00e9crit la derni\u00e8re victime culturelle des \u00e9lus locaux &#8230;<\/p>\n<p><strong>LE RISQUE FATAL POUR MARCHE PIED&#8230;.<\/strong><\/p>\n<p style=\"text-align: justify;\">En r\u00e9sum\u00e9 il manque 20 000 \u20ac qui \u00e9taient promis, l&rsquo;Etat suivant la M\u00e9tropole, cette derni\u00e8re s&rsquo;effa\u00e7ant l&rsquo;Etat ne peut plus suivre. Pour Beno\u00eet Thiebergien, le pr\u00e9sident du Marche Pied, \u00ab rendre la chose publique, ce n\u2019est pas r\u00e9gler des comptes mais dire que ce d\u00e9ficit pr\u00e9visionnel de 20 000 \u20ac ne met pas qu\u2019en p\u00e9ril le bon d\u00e9roulement du d\u00e9fil\u00e9, il risque d\u2019\u00eatre fatal au Marche pied \u00bb.<\/p>\n<p style=\"text-align: justify;\"><strong>&#8230; LE CENTRE D\u00c9DI\u00c9 AUX DANSES HIP HOP MORT-N\u00c9<\/strong><\/p>\n<p style=\"text-align: justify;\">L\u2019association se trouverait, de facto, en cessation de paiements d\u00e8s son premier exercice budg\u00e9taire. Et si \u201cLe Marche pied\u201d tr\u00e9buche, c\u2019est le projet de cr\u00e9ation du centre d\u00e9di\u00e9 aux danses hip-hop et aux cultures urbaines \u00e0 Saint-Martin-d\u2019H\u00e8res, qu\u2019il porte dans le quartier prioritaire de Renaudie, qui s\u2019effondre explique clairement Emmanuelle Duff\u00e9al (DL du 23\/8\/25).\u00a0<\/p>\n<p style=\"text-align: justify;\"><strong>DES OP\u00c9RATEURS CULTURELS MOD\u00c9R\u00c9S FACE AU M\u00c9PRIS<\/strong><\/p>\n<p style=\"text-align: justify;\">Quand on se souvient de l&rsquo;effervescence culturelle des ann\u00e9es 80 avec la municipalit\u00e9 Carignon, on est estomaqu\u00e9 par cet amateurisme, cette pusillanimit\u00e9 , ce manque d&rsquo;attention et d&rsquo;ouverture de la part des tenants de \u00ab\u00a0l&rsquo;arc humaniste\u00a0\u00bb. Etonn\u00e9s aussi par la mod\u00e9ration des op\u00e9rateurs culturels face \u00e0 tant de m\u00e9pris.\u00a0<\/p>\n<p style=\"text-align: justify;\"><strong>LA MAJORIT\u00c9 VERTS+LFI DE GRENOBLE A EMP\u00caCH\u00c9 LA COMP\u00c9TENCE CULTURE !<\/strong><\/p>\n<p style=\"text-align: justify;\">Car les responsables sont connus : la majorit\u00e9 Verts\/LFI de la ville de Grenoble a exerc\u00e9 son droit de v\u00e9to contre l&rsquo;\u00e9largissement des statuts de la M\u00e9tropole \u00e0 la vocation culturelle, mettant en danger de l\u00e9galit\u00e9 cette derni\u00e8re pour pouvoir subventionner ce secteur. Pourquoi Lucille Lheureux (Verts\/LFI) a-t-elle port\u00e9 cette position si oppos\u00e9e aux int\u00e9r\u00eats de la ville et de ses acteurs ? Les voies du sectarisme politique sont imp\u00e9n\u00e9trables. En tout cas, si tout se d\u00e9roule bien comme pr\u00e9vu, c&rsquo;est tout un secteur et un projet pour la danse, le centre d\u00e9di\u00e9 au hip-hop qui meurt avant d&rsquo;\u00eatre n\u00e9.\u00a0<\/p>\n<p><a href=\"https:\/\/grenoble-le-changement.fr\/wp-content\/uploads\/2025\/08\/Capture-de\u0301cran-2025-06-08-a\u0300-17.41.25.webp\" target=\"_blank\" rel=\"noopener\"><img decoding=\"async\" data-id=\"84192\" src=\"https:\/\/grenoble-le-changement.fr\/wp-content\/uploads\/2025\/08\/Capture-de\u0301cran-2025-06-08-a\u0300-17.41.25.webp\" alt=\"\" class=\"wp-image-84192 jetpack-lazy-image\" data-lazy-src=\"https:\/\/www.europesays.com\/fr\/wp-content\/uploads\/2025\/08\/Capture-de\u0301cran-2025-06-08-a\u0300-17.41.25.webp\" \/><\/a><br \/>\nLa Bobine, boulevard Cl\u00e9menceau, est morte sans tambour ni trompettes&#8230;<\/p>\n<p style=\"text-align: justify;\"><strong>LE CIMETI\u00c8RE CULTUREL MUNICIPAL EST SURCHARG\u00c9<\/strong><\/p>\n<p style=\"text-align: justify;\"><a href=\"https:\/\/grenoble-le-changement.fr\/2025\/06\/09\/la-bobine-la-fabrique-opera-la-municipalite-eteint-la-lumiere\/\" target=\"_blank\" rel=\"noopener\">Au cimeti\u00e8re culturel municipal<\/a> il rejoint \u00ab\u00a0La Bobine\u00a0\u00bb qui vient de d\u00e9poser le bilan. \u00ab\u00a0C\u2019est un des lieux embl\u00e9matiques de la culture \u00e0 Grenoble. Depuis 27 ans, La Bobine proposait des concerts, des ateliers, un service de restauration et un bar. Dans le tr\u00e8s beau cadre du parc Paul-Mistral\u00a0\u00bb rappelait Cl\u00e9ment Berthet dans le DL (8\/6\/25). \u00c0<a href=\"https:\/\/grenoble-le-changement.fr\/2024\/10\/15\/ecole-du-velo-un-an-de-gadget-hors-de-prix\/\" target=\"_blank\" rel=\"noopener\"> c\u00f4t\u00e9, \u00ab\u00a0l&rsquo;\u00e9cole du v\u00e9lo\u00a0\u00bb,<\/a> 100 inscrits la premi\u00e8re ann\u00e9e b\u00e9n\u00e9ficiait de &#8230; 1,2 millions d&rsquo;euros de budget sous les applaudissements des m\u00eames.\u00a0<\/p>\n<p style=\"text-align: justify;\">Du c\u00f4t\u00e9 de la Fabrique Op\u00e9ra, Patrick Souillot, l&#8217;embl\u00e9matique chef d&rsquo;orchestre est confiant. Certes il a demand\u00e9 de placer la structure en redressement judiciaire, mais il veut s&rsquo;en sortir.<\/p>\n<p style=\"text-align: justify;\"><strong>FABRIQUE OP\u00c9RA : 4000 \u20ac DE LA VILLE SUR&#8230; 600 000 \u20ac DE BUDGET<\/strong><\/p>\n<p style=\"text-align: justify;\">Son succ\u00e8s est formidable, appuy\u00e9 sur une centaine de b\u00e9n\u00e9voles, un budget aliment\u00e9 \u00e0 67 % par la billetterie, des sponsors, des m\u00e9c\u00e8nes, 47 \u00e9tablissements scolaires touch\u00e9s&#8230; Avec ces 600 000 \u20ac de budget elle per\u00e7oit une subvention de&#8230; 4000 \u20ac de la ville et celle de la M\u00e9tropole n&rsquo;est plus vers\u00e9e du\u00a0<a href=\"https:\/\/grenoble-le-changement.fr\/2024\/12\/19\/des-heures-sombres-pour-la-culture-a-grenoble\/\" target=\"_blank\" rel=\"noopener\">fait du conflit politique ville\/M\u00e9tropole !<\/a>\u00a0Pour comparer, des toilettes s\u00e8ches install\u00e9es au jardin de ville, ferm\u00e9es, car elles ne fonctionnent pas, coutent 55 000 \u20ac. Les toilettes \u00e0 \u00e9oliennes install\u00e9es parc paul Mistral et enlev\u00e9es&#8230; 110 000 \u20ac.<\/p>\n<p><img decoding=\"async\" data-id=\"83746\" src=\"https:\/\/i2.wp.com\/grenoble-le-changement.fr\/wp-content\/uploads\/2025\/08\/printemps-livre-2026.png?w=678&amp;ssl=1\" alt=\"\" class=\"wp-image-83746 jetpack-lazy-image\" data-recalc-dims=\"1\" data-lazy-src=\"https:\/\/www.europesays.com\/fr\/wp-content\/uploads\/2025\/08\/printemps-livre-2026.png\" \/><br \/>\nLe \u00ab\u00a0Printemps du livre\u00a0\u00bb est supprim\u00e9 en 2026 <\/p>\n<p><strong>LE PRINTEMPS DU LIVRE DISPARAIT APR\u00c8S DEUX BIBLIOTH\u00c8QUES<\/strong><\/p>\n<p style=\"text-align: justify;\"><a href=\"https:\/\/grenoble-le-changement.fr\/2025\/08\/02\/le-printemps-du-livre-disparait-aussi-en-2026\/\" target=\"_blank\" rel=\"noopener\">La suppression du \u00ab\u00a0Printemps du livre<\/a>\u00a0\u00bb est aussi pass\u00e9e comme une lettre \u00e0 la poste. Annonc\u00e9 en \u00ab\u00a0Biennale\u00a0\u00bb cela permet \u00e0 la majorit\u00e9 municipale de faire croire qu&rsquo;on le reverra en &#8230; 2027. Les 330 000 \u20ac de son co\u00fbt seront-ils disponibles <a href=\"https:\/\/grenoble-le-changement.fr\/2025\/06\/24\/droit-dans-le-mur-la-trajectoire-financiere-de-piolle-ruffin-demontee\/\" target=\"_blank\" rel=\"noopener\">\u00e0 cette date dans une ville exsangue financi\u00e8rement ?<\/a><\/p>\n<p style=\"text-align: justify;\">Une municipalit\u00e9 qui a eu l&rsquo;audace de fermer deux biblioth\u00e8ques dans des quartiers populaires &#8211; Hauquelin et Pr\u00e9mol &#8211; et pr\u00e9voit d&rsquo;en fermer deux autres, celles du centre ville et du jardin de ville.<\/p>\n<p style=\"text-align: justify;\"><strong>MUSICIENS DU LOUVRE, CNAC, TH\u00c9\u00c2TRES&#8230;<\/strong><\/p>\n<p style=\"text-align: justify;\">N&rsquo;avait elle pas commenc\u00e9 son mandat en s&rsquo;attaquant aux \u00ab\u00a0Musiciens du Louvre\u00a0\u00bb, faisant croire \u00e0 tous les autres qu&rsquo;elle sabrait \u00ab\u00a0les riches\u00a0\u00bb alors qu&rsquo;il s&rsquo;agissait du d\u00e9but de l&rsquo;h\u00e9catombe <a href=\"https:\/\/grenoble-le-changement.fr\/2021\/03\/01\/frederic-martel-france-culture-et-e-piolle-oukases-coups-de-menton-et-arbitraire-politique\/\" target=\"_blank\" rel=\"noopener\">bien d\u00e9crite par Fr\u00e9d\u00e9ric Martel (France Culture).<\/a><\/p>\n<p style=\"text-align: justify;\">Grenoble a v\u00e9cu <a href=\"https:\/\/grenoble-le-changement.fr\/2025\/04\/27\/lex-directeur-du-magasin-cnac-torpille-la-politique-culturelle-de-grenoble\/\" target=\"_blank\" rel=\"noopener\">l&rsquo;asservissement du CNAC<\/a> et <a href=\"https:\/\/grenoble-le-changement.fr\/2025\/06\/30\/theatre-de-grenoble-la-municipalite-essaye-de-masquer-le-desastre-culturel\/\" target=\"_blank\" rel=\"noopener\">du Th\u00e9\u00e2tre Municipal<\/a> \u00e0 l&rsquo;id\u00e9ologie municipale au d\u00e9triment des spectateurs, la prise en mains de la programmation de tous les th\u00e9\u00e2tres cr\u00e9\u00e9s par la municipalit\u00e9 Carignon en \u00e9jectant le collectif le Tricycle qui en \u00e9tait charg\u00e9.<\/p>\n<p style=\"text-align: justify;\">Les deux adjointes successives, Corinne Bernard, jet\u00e9e par la majorit\u00e9 municipale apr\u00e8s le premier mandat et Lucille Lheureux ont appliqu\u00e9 avec un z\u00e8le de novices les coupes sombres et <a href=\"https:\/\/grenoble-le-changement.fr\/2023\/07\/28\/culture-la-prise-en-mains-par-la-municipalite-saccelere\/\" target=\"_blank\" rel=\"noopener\">les diktats politiques de la majorit\u00e9.<\/a> Une folle r\u00e9gression pour la culture grenobloise.<\/p>\n<p><img decoding=\"async\" data-id=\"58631\" src=\"https:\/\/i2.wp.com\/grenoble-le-changement.fr\/wp-content\/uploads\/2023\/02\/Capture-de\u0301cran-2023-02-18-a\u0300-00.36.02.png?w=678&amp;ssl=1\" alt=\"\" class=\"wp-image-58631 jetpack-lazy-image\" data-recalc-dims=\"1\" data-lazy-src=\"https:\/\/i2.wp.com\/grenoble-le-changement.fr\/wp-content\/uploads\/2023\/02\/Capture-de\u0301cran-2023-02-18-a\u0300-00.36.02.png?w=678&amp;is-pending-load=1#038;ssl=1\" \/><\/p>\n<p><img decoding=\"async\" data-id=\"70525\" src=\"https:\/\/i1.wp.com\/grenoble-le-changement.fr\/wp-content\/uploads\/2023\/12\/Lheureux-copie.png?w=678&amp;ssl=1\" alt=\"\" class=\"wp-image-70525 jetpack-lazy-image\" data-recalc-dims=\"1\" data-lazy-src=\"https:\/\/www.europesays.com\/fr\/wp-content\/uploads\/2025\/08\/Lheureux-copie.png\" \/><\/p>\n<p><img decoding=\"async\" data-id=\"81436\" src=\"https:\/\/i0.wp.com\/grenoble-le-changement.fr\/wp-content\/uploads\/2025\/04\/piolle-ruffin.png?w=678&amp;ssl=1\" alt=\"\" class=\"wp-image-81436 jetpack-lazy-image\" data-recalc-dims=\"1\" data-lazy-src=\"https:\/\/www.europesays.com\/fr\/wp-content\/uploads\/2025\/08\/piolle-ruffin.png\" \/>Source SaccageGrenoble.<br \/>\nCorinne Bernard avec Eric Piolle, Lucille Lheureux et, demain (?) Laurence Ruffin : une folle r\u00e9gression pour la culture Grenobloise <\/p>\n<p><strong>LES INTERVENANTS CULTURELS VONT-ILS EN TIRER LES CONS\u00c9QUENCES ?<\/strong><\/p>\n<p style=\"text-align: justify;\">Lucille Lheureux aura pourtant tout essay\u00e9,<a href=\"https:\/\/grenoble-le-changement.fr\/2024\/02\/14\/culture-a-grenoble-nouveau-crash-de-lucille-lheureux\/\" target=\"_blank\" rel=\"noopener\"> toutes les fakes possibles pour d\u00e9fendre l&rsquo;ind\u00e9fendable<\/a>. On n&rsquo;a pas compris que tant de discipline de parti <a href=\"https:\/\/grenoble-le-changement.fr\/2025\/06\/22\/les-piollistes-entament-les-combines-dappareil-autour-de-laurence-ruffin\/\" target=\"_blank\" rel=\"noopener\">ne soit pas r\u00e9compens\u00e9<\/a> et que Piolle l&rsquo;ait \u00e9vinc\u00e9e au profit <a href=\"https:\/\/grenoble-le-changement.fr\/2025\/07\/22\/on-sest-inflige-la-lecture-du-blog-de-laurence-ruffin-pour-que-vous-nayez-pas-a-le-faire\/\" target=\"_blank\" rel=\"noopener\">de Laurence Ruffin.\u00a0<\/a><\/p>\n<p style=\"text-align: justify;\"><a href=\"https:\/\/grenoble-le-changement.fr\/2020\/09\/10\/culture-e-piolle-a-nouveau-etrille-au-national\/\" target=\"_blank\" rel=\"noopener\">Ce bilan calamiteux est d\u00e9sormais \u00e9tabli.<\/a> La question est de savoir si les intervenants de ce secteur vont agir comme aux \u00e9lections de\u00a0 2020 et faire semblant ou fermer les yeux par militantisme politique ?\u00a0<\/p>\n<p style=\"text-align: justify;\"><strong>HOLOC\u00c8NE : \u00ab\u00a0JUSQU&rsquo;A L&rsquo;ARRIV\u00c9E D&rsquo;UNE NOUVELLE \u00c9QUIPE MUNICIPALE&#8230;\u00a0\u00bb<\/strong><\/p>\n<p style=\"text-align: justify;\">De son c\u00f4t\u00e9 l&rsquo;\u00e9quipe du P\u00e9riscope, organisatrice du Festival Holoc\u00e8ne qui a r\u00e9uni plus de 100 000 spectateurs en six \u00e9ditions a clairement mis\u00a0en cause \u00ab le manque de soutien de la Ville \u00bb en suspendant le festival \u00e0 partir de 2025 (DL du 20\/2\/25) : \u00ab Nous ne comprenons pas ce manque de reconnaissance et d\u2019ouverture, et pr\u00e9f\u00e9rons nous mettre en pause jusqu\u2019\u00e0 l\u2019arriv\u00e9e d\u2019une nouvelle \u00e9quipe municipale \u00bb avait elle expliqu\u00e9 \u00e0 Clement Berthet (DL). Pour eux tout pourrait s&rsquo;ouvrir \u00e0 nouveau \u00abapr\u00e8s les \u00e9lections de 2026 peut-\u00eatre ? \u00bb ?<\/p>\n<p style=\"text-align: justify;\"><strong>\u00ab\u00a0MAKE GRENOBLE GREAT AGAIN\u00a0\u00bb<\/strong><\/p>\n<p style=\"text-align: justify;\">Seule cette prise de conscience et cette prise de position permettront de modifier la donne l&rsquo;ann\u00e9e prochaine et\u00a0 permettre \u00e0 Grenoble de renouer avec la diversit\u00e9 et l&rsquo;effervescence culturelle qu&rsquo;elle a connu. \u00ab\u00a0Make Grenoble\u00a0great\u00a0again ! \u00bb dirait Rapha\u00ebl Quenard.\u00a0<\/p>\n","protected":false},"excerpt":{"rendered":"Posted On 24 ao\u00fbt 2025 \u00a0\u00ab\u00a0Make Grenoble\u00a0great\u00a0again ! \u00bb a lanc\u00e9 le talentueux Rapha\u00ebl Quenard dans le DL&hellip;\n","protected":false},"author":2,"featured_media":341174,"comment_status":"","ping_status":"","sticky":false,"template":"","format":"standard","meta":{"footnotes":""},"categories":[9566],"tags":[1111,11,9601,2430,47741,47742,29502,29503,47743,47744,47745,47746,9607,1777,674,47747,1011,27,34125,15175,2731,29505,10136,47748,10612,47749,12,29511,47750,47751,22261,25],"class_list":{"0":"post-341173","1":"post","2":"type-post","3":"status-publish","4":"format-standard","5":"has-post-thumbnail","7":"category-grenoble","8":"tag-actu","9":"tag-actualites","10":"tag-alain-carignon","11":"tag-auvergne-rhone-alpes","12":"tag-benoit-thiebergen","13":"tag-bouba-landrille-tchouda","14":"tag-clement-berthet","15":"tag-cnac","16":"tag-compagnie-malka","17":"tag-corinne-berbard","18":"tag-ecole-du-velo","19":"tag-emmanuelle-duffeal","20":"tag-eric-piolle","21":"tag-eu","22":"tag-europe","23":"tag-florence-bellagamsi","24":"tag-fr","25":"tag-france","26":"tag-france-culture","27":"tag-frederic-martel","28":"tag-grenoble","29":"tag-la-bobine","30":"tag-laurence-ruffin","31":"tag-le-marche-pied","32":"tag-lucille-lheureux","33":"tag-musiciens-du-louvre","34":"tag-news","35":"tag-patrick-souillot","36":"tag-periscope","37":"tag-printemps-du-livre","38":"tag-raphael-quenard","39":"tag-republique-francaise"},"share_on_mastodon":{"url":"","error":"Validation failed: Text character limit of 500 exceeded"},"_links":{"self":[{"href":"https:\/\/www.europesays.com\/fr\/wp-json\/wp\/v2\/posts\/341173","targetHints":{"allow":["GET"]}}],"collection":[{"href":"https:\/\/www.europesays.com\/fr\/wp-json\/wp\/v2\/posts"}],"about":[{"href":"https:\/\/www.europesays.com\/fr\/wp-json\/wp\/v2\/types\/post"}],"author":[{"embeddable":true,"href":"https:\/\/www.europesays.com\/fr\/wp-json\/wp\/v2\/users\/2"}],"replies":[{"embeddable":true,"href":"https:\/\/www.europesays.com\/fr\/wp-json\/wp\/v2\/comments?post=341173"}],"version-history":[{"count":0,"href":"https:\/\/www.europesays.com\/fr\/wp-json\/wp\/v2\/posts\/341173\/revisions"}],"wp:featuredmedia":[{"embeddable":true,"href":"https:\/\/www.europesays.com\/fr\/wp-json\/wp\/v2\/media\/341174"}],"wp:attachment":[{"href":"https:\/\/www.europesays.com\/fr\/wp-json\/wp\/v2\/media?parent=341173"}],"wp:term":[{"taxonomy":"category","embeddable":true,"href":"https:\/\/www.europesays.com\/fr\/wp-json\/wp\/v2\/categories?post=341173"},{"taxonomy":"post_tag","embeddable":true,"href":"https:\/\/www.europesays.com\/fr\/wp-json\/wp\/v2\/tags?post=341173"}],"curies":[{"name":"wp","href":"https:\/\/api.w.org\/{rel}","templated":true}]}}