{"id":341176,"date":"2025-08-24T18:36:15","date_gmt":"2025-08-24T18:36:15","guid":{"rendered":"https:\/\/www.europesays.com\/fr\/341176\/"},"modified":"2025-08-24T18:36:15","modified_gmt":"2025-08-24T18:36:15","slug":"rennes-implose-strasbourg-sur-sa-lancee","status":"publish","type":"post","link":"https:\/\/www.europesays.com\/fr\/341176\/","title":{"rendered":"Rennes implose, Strasbourg sur sa lanc\u00e9e"},"content":{"rendered":"<p>Rennes a \u00e9t\u00e9 plomb\u00e9 par deux exclusions en d\u00e9but de match et a coul\u00e9 4-0 dans le derby breton \u00e0 Lorient, dimanche lors de la 2e journ\u00e9e de Ligue 1, qui a vu Strasbourg poursuivre sur sa lanc\u00e9e de la saison derni\u00e8re avec une deuxi\u00e8me victoire.<\/p>\n<p>Emmanuel Emegha a permis au RCSA de s&rsquo;imposer 1-0 contre Nantes \u00e0 la Meinau, d&rsquo;une t\u00eate crois\u00e9e sur un service impeccable de Dilane Bakwa, en fin de match. L&rsquo;attaquant n\u00e9erlandais venait pourtant de rater une reprise \u00e0 bout portant devant le but vide. Strasbourg rejoint en t\u00eate du classement le PSG, Lyon, mais aussi Toulouse.<\/p>\n<p>Les hommes de Carles Martinez Novell ont en effet \u00e0 nouveau gagn\u00e9 dimanche, contre Brest cette fois (2-0) sur un doubl\u00e9 au retour des vestiaires de Frank Magri. Les Brestois se pr\u00e9parent peut-\u00eatre \u00e0 une saison difficile apr\u00e8s les deux derniers exercices glorieux (troisi\u00e8me place puis participation r\u00e9ussie \u00e0 la Ligue des champions). Comme un symbole, l&rsquo;entra\u00eeneur Eric Roy a remplac\u00e9 au cours du match le capitaine d\u00e9fenseur Brendan Chardonnet.<\/p>\n<p>De son c\u00f4t\u00e9, Rennes a manqu\u00e9 l&rsquo;occasion de surfer sur sa victoire en inf\u00e9riorit\u00e9 num\u00e9rique face \u00e0 Marseille la semaine derni\u00e8re. L&rsquo;\u00e9quipe entra\u00een\u00e9e par Habib Beye a \u00e9t\u00e9 affaiblie par les deux exclusions successives, lors des 11 premi\u00e8res minutes, de la recrue Mahdi Camara puis de Christopher Wooh.<\/p>\n<p>Apr\u00e8s avoir but\u00e9 sur une d\u00e9fense regroup\u00e9e, Lorient a d\u00e9roul\u00e9 et inscrit quatre buts. Les deux \u00e9quipes comptent trois points.<\/p>\n<p>Lens s&rsquo;est pour sa part bien repris de sa d\u00e9faite cruelle contre Lyon le weekend dernier en allant s&rsquo;imposer au stade Oc\u00e9ane du Havre (2-1) gr\u00e2ce notamment au premier but en L1 du jeune Rayan Fofana, 19 ans.<\/p>\n","protected":false},"excerpt":{"rendered":"Rennes a \u00e9t\u00e9 plomb\u00e9 par deux exclusions en d\u00e9but de match et a coul\u00e9 4-0 dans le derby&hellip;\n","protected":false},"author":2,"featured_media":341177,"comment_status":"","ping_status":"","sticky":false,"template":"","format":"standard","meta":{"footnotes":""},"categories":[2821],"tags":[1111,11,829,1777,674,1011,27,12,584,25],"class_list":{"0":"post-341176","1":"post","2":"type-post","3":"status-publish","4":"format-standard","5":"has-post-thumbnail","7":"category-rennes","8":"tag-actu","9":"tag-actualites","10":"tag-bretagne","11":"tag-eu","12":"tag-europe","13":"tag-fr","14":"tag-france","15":"tag-news","16":"tag-rennes","17":"tag-republique-francaise"},"share_on_mastodon":{"url":"https:\/\/pubeurope.com\/@fr\/115085193647991094","error":""},"_links":{"self":[{"href":"https:\/\/www.europesays.com\/fr\/wp-json\/wp\/v2\/posts\/341176","targetHints":{"allow":["GET"]}}],"collection":[{"href":"https:\/\/www.europesays.com\/fr\/wp-json\/wp\/v2\/posts"}],"about":[{"href":"https:\/\/www.europesays.com\/fr\/wp-json\/wp\/v2\/types\/post"}],"author":[{"embeddable":true,"href":"https:\/\/www.europesays.com\/fr\/wp-json\/wp\/v2\/users\/2"}],"replies":[{"embeddable":true,"href":"https:\/\/www.europesays.com\/fr\/wp-json\/wp\/v2\/comments?post=341176"}],"version-history":[{"count":0,"href":"https:\/\/www.europesays.com\/fr\/wp-json\/wp\/v2\/posts\/341176\/revisions"}],"wp:featuredmedia":[{"embeddable":true,"href":"https:\/\/www.europesays.com\/fr\/wp-json\/wp\/v2\/media\/341177"}],"wp:attachment":[{"href":"https:\/\/www.europesays.com\/fr\/wp-json\/wp\/v2\/media?parent=341176"}],"wp:term":[{"taxonomy":"category","embeddable":true,"href":"https:\/\/www.europesays.com\/fr\/wp-json\/wp\/v2\/categories?post=341176"},{"taxonomy":"post_tag","embeddable":true,"href":"https:\/\/www.europesays.com\/fr\/wp-json\/wp\/v2\/tags?post=341176"}],"curies":[{"name":"wp","href":"https:\/\/api.w.org\/{rel}","templated":true}]}}