{"id":341178,"date":"2025-08-24T18:37:34","date_gmt":"2025-08-24T18:37:34","guid":{"rendered":"https:\/\/www.europesays.com\/fr\/341178\/"},"modified":"2025-08-24T18:37:34","modified_gmt":"2025-08-24T18:37:34","slug":"a-strasbourg-8-rendez-vous-pour-chiner-et-pimper-sa-rentree","status":"publish","type":"post","link":"https:\/\/www.europesays.com\/fr\/341178\/","title":{"rendered":"\u00e0 Strasbourg, 8 rendez-vous pour chiner et pimper sa rentr\u00e9e !"},"content":{"rendered":"<p><b>La cloche n\u2019a pas encore sonn\u00e9 qu\u2019elle s\u2019affiche d\u00e9j\u00e0 bien trop proche sur le calendrier\u2026 Pas de doute, en cette fin ao\u00fbt : c\u2019est bient\u00f4t la rentr\u00e9e. Pour mieux la pr\u00e9parer, t\u2019aider \u00e0 d\u00e9corer ton chez-toi, d\u00e9nicher ou r\u00e9parer ton fid\u00e8le destrier, l\u2019agenda strasbourgeois a bien fait ses devoirs. Brocantes, ventes de plantes ou de v\u00e9los : prends ton cahier de texte et un stylo, voil\u00e0 une dizaine de rendez-vous pour chiner ta rentr\u00e9e.<\/b><\/p>\n<p>\u00ab Chine Citadelle \u00bb : brocante au Phare Citadelle<\/p>\n<p><b>Le Phare Citadelle <\/b>joue les premiers de la classe en nous proposant un nouveau rendez-vous<b> \u00ab\u00a0Chine Citadelle\u00a0\u00bb, d\u00e8s le 31 ao\u00fbt (ainsi que le 14 septembre<\/b>)\u00a0! Une <b>brocante r\u00e9guli\u00e8re<\/b> \u00e0 retrouver certains dimanches, en son sein.<\/p>\n<p>Sur les stands de brocs et d\u2019amateurs\/rices ? Des <b>\u00ab\u00a0meubles, bibelots, v\u00eatements et autres raret\u00e9s pr\u00e9cieuses\u00a0\u00bb<\/b> \u00e0 d\u00e9goter pour pimper ton appart ou ton dressing, pour la rentr\u00e9e.<\/p>\n<p align=\"CENTER\"><b>Quand et o\u00f9\u00a0?<br \/><\/b>Certains dimanches (prochains rendez-vous\u00a0: dimanches 31 ao\u00fbt et 14 septembre de 10h \u00e0 19h)<br \/>Au Phare Citadelle<br \/>Les \u00e9v\u00e9nements Facebook <a href=\"https:\/\/fb.me\/e\/3tOheHFTr\" target=\"_blank\" rel=\"noopener\">ici<\/a> et <a href=\"https:\/\/fb.me\/e\/7M8tFlC61\" target=\"_blank\" rel=\"noopener\">ici<\/a><\/p>\n<p>                <img width=\"740\" height=\"500\" src=\"https:\/\/www.europesays.com\/fr\/wp-content\/uploads\/2025\/08\/phare-citadelle-bourse-aux-disques-chine-citadelle-e1662741676206.jpg\" class=\"attachment-gallery size-gallery\" alt=\"Phare Citadelle + bourse aux disques + chine citadelle\" data-full-url=\"https:\/\/www.europesays.com\/fr\/wp-content\/uploads\/2025\/08\/phare-citadelle-bourse-aux-disques-chine-citadelle-e1662741676206.jpg\" decoding=\"async\" loading=\"lazy\"\/>            <\/p>\n<p>                <img width=\"740\" height=\"500\" src=\"https:\/\/www.europesays.com\/fr\/wp-content\/uploads\/2025\/08\/phare-citadelle-chine-citadelle-e1662741684894.jpg\" class=\"attachment-gallery size-gallery\" alt=\"Phare Citadelle + chine citadelle\" data-full-url=\"https:\/\/www.europesays.com\/fr\/wp-content\/uploads\/2025\/08\/phare-citadelle-chine-citadelle-e1662741684894.jpg\" decoding=\"async\" loading=\"lazy\"\/>            <\/p>\n<p>                    Chine Citadelle. \u00a9 Hunay Saday \/ Documents remis<\/p>\n<p>Les brocantes solidaires avec l&rsquo;Universit\u00e9 de Strasbourg<\/p>\n<p>Encore \u00e9tudiant(e), tu gal\u00e8res \u00e0 t\u2019\u00e9quiper pour la rentr\u00e9e\u00a0? L\u2019Universit\u00e9 de Strasbourg (Unistra) et ses partenaires t\u2019invitent \u00e0 plusieurs brocantes solidaires sur ses campus.<\/p>\n<p>Tout d\u2019abord avec <b>les Villages \u00c9co-solidaires<\/b> pour y d\u00e9couvrir des initiatives solidaires, \u00e9cologiques et engag\u00e9es \u00e0 destination des \u00e9tudiant(e)s. Ils se tiendront le<b> mercredi 3 septembre sur le campus de l\u2019Esplanade<\/b> et le<b> jeudi 18 septembre<\/b> <b>sur le campus d\u2019Illkirch<\/b>. Sur place, des <b>bonnes affaires\u00a0: avec une friperie, des v\u00e9los et du mat\u00e9riel informatique \u00e0 chiner<\/b>, et des \u00e9piceries avec des prix solidaires.<\/p>\n<p>Le <b>mercredi 10 septembre, direction le Studium<\/b>, avec des v\u00eatements, de la vaisselle et des ustensiles de cuisine, des livres et des fournitures scolaires, donn\u00e9s par les<b> <\/b>personnels de l\u2019Unistra et du r\u00e9seau Alumni. M\u00eame recette avec <b>la Gratiferia <\/b>du <b>samedi 27 septembre (de 11h \u00e0 14h), au Jardin partag\u00e9 du Lands\u2019herb<\/b>.<\/p>\n<p align=\"CENTER\"><b>Quand et o\u00f9\u00a0?<br \/><\/b>Mercredi 3 septembre (de 10h \u00e0 17h) sur le campus de l\u2019Esplanade <b> <\/b>(ou en cas de pluie au c\u0153ur du Studium, salle In Quarto)<br \/>Jeudi 18 septembre (de 11h \u00e0 15h) sur le campus d\u2019Illkirch<br \/>Mercredi 10 septembre (de 9h \u00e0 17h) au Studium sur le campus de l\u2019Esplanade<br \/>Samedi 27 septembre (de 11h \u00e0 14h) au Jardin partag\u00e9 du Lands\u2019herb<br \/><a href=\"https:\/\/bienvenue.unistra.fr\/les-evenements-de-decouverte-de-luniversite\" target=\"_blank\" rel=\"noopener\">+ d\u2019infos<\/a><\/p>\n<p>    <img width=\"800\" height=\"533\" src=\"https:\/\/www.europesays.com\/fr\/wp-content\/uploads\/2025\/08\/campus-esplanade-9-800x533.jpg\" class=\"attachment-image-size-L size-image-size-L\" alt=\"Campus Esplanade 9\" decoding=\"async\" loading=\"lazy\"  \/>         \u00a9 David Lev\u00eaque \/ Pokaa <\/p>\n<p>Rentr\u00e9e Emma\u00fcs Solidaire \u00e0 Emma\u00fcs Mundo<\/p>\n<p><b>Autre bon plan pour les \u00e9tudiant(e)s\u00a0<\/b>: <b>Emma\u00fcs Mundo<\/b> proposera <b>du 2 septembre au 4 octobre <\/b>une op\u00e9ration de<b> \u00ab\u00a0rentr\u00e9e solidaire\u00a0\u00bb<\/b>.<\/p>\n<p>Sur pr\u00e9sentation de ta carte \u00e9tudiante (ou justificatif d\u2019inscription), tu b\u00e9n\u00e9ficieras de <b>50% de r\u00e9duction en caisse<\/b> sur l\u2019ensemble de sa salle de vente \u2013 \u00e0 l\u2019exception de ses meubles r\u00e9nov\u00e9s et cr\u00e9ations. Des fringues, du mobilier, des v\u00e9los, de l\u2019\u00e9lectronique\u00a0: tout pour t\u2019\u00e9quiper \u00e0 bas prix.<\/p>\n<p align=\"CENTER\"><b>Quand et o\u00f9\u00a0?<br \/><\/b>Du mardi 2 septembre au mardi 4 octobre de 11h \u00e0 18h<br \/>\u00c0 Emma\u00fcs Mundo (Bischheim)<\/p>\n<p>                <img width=\"750\" height=\"500\" src=\"https:\/\/www.europesays.com\/fr\/wp-content\/uploads\/2025\/08\/emmaus-mundo-13-750x500.jpg\" class=\"attachment-gallery size-gallery\" alt=\"Emmaus Mundo (13)\" data-full-url=\"https:\/\/pokaa.fr\/wp-content\/uploads\/2023\/02\/emmaus-mundo-13.jpg\" decoding=\"async\" loading=\"lazy\"  \/>            <\/p>\n<p>                <img width=\"750\" height=\"500\" src=\"https:\/\/www.europesays.com\/fr\/wp-content\/uploads\/2025\/08\/emmaus-mundo-12-750x500.jpg\" class=\"attachment-gallery size-gallery\" alt=\"Emmaus Mundo (12)\" data-full-url=\"https:\/\/pokaa.fr\/wp-content\/uploads\/2023\/02\/emmaus-mundo-12.jpg\" decoding=\"async\" loading=\"lazy\"  \/>            <\/p>\n<p>                    Emma\u00fcs Mundo. \u00a9 Mathilde Piaud \/ Pokaa<\/p>\n<p>Les Saperlicoopettes de rentr\u00e9e \u00e0 Kaleidoscoop<\/p>\n<p>Si la Coopette a annonc\u00e9 sa fermeture au printemps dernier, <b>Kaleidoscoop<\/b> rouvre encore ses portes \u00e0 l\u2019occasion de ses ventes \u00e9ph\u00e9m\u00e8res\u00a0: <b>Les Saperlicoopettes<\/b>. La prochaine nous donne rendez-vous<b> du 4 au 6 septembre<\/b>.<\/p>\n<p>Gr\u00e2ce aux enseignes participantes (dont <b>La Banque de l\u2019objet<\/b>, <b>Label Fripe et la friperie Le L\u00e9opard<\/b>), tu<b> <\/b>pourras y d\u00e9nicher de quoi <b>\u00ab\u00a0pr\u00e9parer la rentr\u00e9e de mani\u00e8re responsable et \u00e0 petit prix\u00a0\u00bb<\/b>. <b>Sur 400 m\u00b2<\/b>, une belle s\u00e9lec\u2019 de \u00ab\u00a0fripe, vintage, produits de beaut\u00e9, d\u00e9co &amp; objets, \u00e9picerie et v\u00eatements issus du commerce \u00e9quitable\u00a0\u00bb.<\/p>\n<p>En bonus\u00a0: un atelier d\u2019<b>auto-r\u00e9paration pour v\u00e9lo <\/b>en partenariat avec V\u00e9lostation, pour remettre sur roues ton biclou.<\/p>\n<p align=\"CENTER\"><b>Quand et o\u00f9\u00a0?<br \/><\/b>Du jeudi 4 au samedi 6 septembre<br \/>\u00c0 Kaleidoscoop<br \/><a href=\"https:\/\/fb.me\/e\/2Nx7s2ars\" target=\"_blank\" rel=\"noopener\">L\u2019\u00e9v\u00e9nement Facebook<\/a><\/p>\n<p>                <a href=\"https:\/\/pokaa.fr\/2025\/08\/03\/mieux-consommer-rencontre-avec-2-structures-qui-reparent-plutot-que-jeter-a-strasbourg\/\" target=\"_blank\" rel=\"noopener\"><br \/>\n                    <img width=\"450\" height=\"270\" src=\"https:\/\/www.europesays.com\/fr\/wp-content\/uploads\/2025\/08\/c1-450x270.png\" class=\"attachment-card-horizontal--same-subject size-card-horizontal--same-subject wp-post-image\" alt=\"\" decoding=\"async\" loading=\"lazy\"\/>                <\/a><\/p>\n<p>                <img width=\"667\" height=\"500\" src=\"https:\/\/www.europesays.com\/fr\/wp-content\/uploads\/2025\/08\/img-4882-667x500.jpg\" class=\"attachment-gallery size-gallery\" alt=\"Coopette\" data-full-url=\"https:\/\/pokaa.fr\/wp-content\/uploads\/2024\/11\/13\/img-4882.jpg\" decoding=\"async\" loading=\"lazy\"  \/>            <\/p>\n<p>                <img width=\"667\" height=\"500\" src=\"https:\/\/www.europesays.com\/fr\/wp-content\/uploads\/2025\/08\/img-4885-667x500.jpg\" class=\"attachment-gallery size-gallery\" alt=\"Coopette\" data-full-url=\"https:\/\/pokaa.fr\/wp-content\/uploads\/2024\/11\/13\/img-4885.jpg\" decoding=\"async\" loading=\"lazy\"  \/>            <\/p>\n<p>                <img width=\"333\" height=\"500\" src=\"https:\/\/www.europesays.com\/fr\/wp-content\/uploads\/2025\/08\/ccoopette-3-333x500.jpg\" class=\"attachment-gallery size-gallery\" alt=\"\u00a9 La Coopette \/ document remis\" data-full-url=\"https:\/\/pokaa.fr\/wp-content\/uploads\/2024\/08\/22\/ccoopette-3.jpg\" decoding=\"async\" loading=\"lazy\"  \/>            <\/p>\n<p>                    1. 2. \u00a9 Nicolas Kaspar \/ Pokaa ; 3. \u00a9 La Coopette \/ Document remis<\/p>\n<p>Plantes pour Tous au Graffalgar<\/p>\n<p>Pour cette rentr\u00e9e, tu d\u00e9barques dans un nouvel appart\u2019 \u00e0 la d\u00e9co\u2019 aust\u00e8re ? Pas de panique, rajoutes-y donc quelques touches de vert ! \u00c0 l\u2019occasion d\u2019une nouvelle grande vente \u00e9ph\u00e9m\u00e8re, <b>Plantes pour Tous s\u2019installe du 4 au 6 septembre au Garage du Graffalgar<\/b>.<\/p>\n<p>Pendant trois jours, <b>des milliers de jeunes pousses et autres belles plantes \u00e0 adopter<\/b>, avec quelques<b> bonnes affaires<\/b> \u00e0 y faire et m\u00eame des produits offerts. Pour transformer ton studio en jungle urbaine, le tout\u00a0: \u00e0 prix r\u00e9duit.<\/p>\n<p align=\"CENTER\"><b>Quand et o\u00f9\u00a0?<br \/><\/b>Du jeudi 4 au samedi 6 septembre<br \/>Au Garage du Graffalgar<br \/><a href=\"https:\/\/fb.me\/e\/959hXi0pW\" target=\"_blank\" rel=\"noopener\">L\u2019\u00e9v\u00e9nement Facebook<\/a><\/p>\n<p>    <img width=\"800\" height=\"533\" src=\"https:\/\/www.europesays.com\/fr\/wp-content\/uploads\/2025\/08\/IMG_4940.jpg\" class=\"attachment-image-size-L size-image-size-L\" alt=\"cactus nature plante\" decoding=\"async\" loading=\"lazy\"  \/>         \u00a9 Coraline Lafon \/ Pokaa <\/p>\n<p>Bourse aux v\u00e9los au Neudorf<\/p>\n<p>Strasbourg est une ville qui se vit \u00e0 v\u00e9lo. Si tu ne poss\u00e8des pas d\u00e9j\u00e0 ta monture, tu peux te tourner vers la seconde main. Outre les <b>petites annonces en ligne<\/b>, tu en trouveras<b> dans de nombreuses enseignes solidaires \u00e0 bas prix<\/b> (Emma\u00fcs, Wagon Souk)\u2026 Ou lors de ventes \u00e9ph\u00e9m\u00e8res.<\/p>\n<p><b>L\u2019association bas-rhinoise Cadr67 <\/b>(qui promeut l\u2019usage du v\u00e9lo) organise r\u00e9guli\u00e8rement des <b>Bourses aux v\u00e9los<\/b>. L\u2019id\u00e9e\u00a0? Faire rencontrer celles et ceux qui veulent en vendre, avec de futur(e)s cyclistes en recherche du leur. Les prochaines dates\u00a0? <b>Les dimanches 7 et 28 septembre, \u00e0 la Halle du March\u00e9 Neudorf<\/b>.<\/p>\n<p align=\"CENTER\"><b>Quand et o\u00f9\u00a0?<br \/><\/b>Dimanches 7 et 28 septembre (d\u00e9p\u00f4ts de 9h \u00e0 12h, vente de 14h \u00e0 17h)<br \/>Halle du March\u00e9 Neudorf<br \/><a href=\"https:\/\/cadr67.fr\/les-bourses-aux-velos\/\" target=\"_blank\" rel=\"noopener\">+ d\u2019infos<\/a><\/p>\n<p>    <img width=\"800\" height=\"470\" src=\"https:\/\/www.europesays.com\/fr\/wp-content\/uploads\/2025\/08\/1756060648_597_velo.jpg\" class=\"attachment-image-size-L size-image-size-L\" alt=\"v\u00e9lo\" decoding=\"async\" loading=\"lazy\"  \/>         \u00a9 Coraline Lafon \/ Pokaa <\/p>\n<p>\u00ab\u00a0Neudorf en f\u00eate\u00a0\u00bb\u00a0: march\u00e9 d&rsquo;art chez Les Compotes<\/p>\n<p><b>Le samedi 20 septembre, la rue de S\u00e9lestat s\u2019animera gr\u00e2ce \u00e0 \u00ab\u00a0Neudorf en f\u00eate\u00a0\u00bb<\/b>. Un \u00e9v\u00e9nement organis\u00e9 par <b>Les Compotes<\/b>. Si tu pourras assister \u00e0 une<b> dizaine d\u2019ateliers et animations<\/b> (ou faire une pause gourmande), ce sera aussi l\u2019occasion d\u2019y <b>shopper local pour la rentr\u00e9e<\/b>.<\/p>\n<p>Sur une <b>quarantaine de stands<\/b>\u00a0: des <b>collectifs d\u2019artistes<\/b> (Hot\u00b7te Queer, Kudamono Market, l\u2019\u00e9quipe du Dino\u00ebl), de l\u2019<b>illustration<\/b>, de la <b>photo<\/b>, de l\u2019<b>artisanat<\/b> (c\u00e9ramique, maroquinerie, broderie, bougies, etc.), pour mettre une touche perso dans ton studio.<\/p>\n<p align=\"CENTER\"><b>Quand et o\u00f9\u00a0?<br \/><\/b>Samedi 20 septembre d\u00e8s 10h<br \/>Rue de S\u00e9lestat<br \/><a href=\"https:\/\/fb.me\/e\/2UInXW0D4\" target=\"_blank\" rel=\"noopener\">L\u2019\u00e9v\u00e9nement Facebook<\/a><\/p>\n<p>                <img width=\"400\" height=\"500\" src=\"https:\/\/www.europesays.com\/fr\/wp-content\/uploads\/2025\/08\/amy-400x500.jpg\" class=\"attachment-gallery size-gallery\" alt=\"amyPiou + mikan market\" data-full-url=\"https:\/\/pokaa.fr\/wp-content\/uploads\/2023\/11\/16\/amy.jpg\" decoding=\"async\" loading=\"lazy\"  \/>            <\/p>\n<p>                <img width=\"407\" height=\"500\" src=\"https:\/\/www.europesays.com\/fr\/wp-content\/uploads\/2025\/08\/screenshot-2023-11-23-at-01-10-50-fondant-parfume-kougelhopf-made-in-alsace-des-senteurs-originales-.png\" class=\"attachment-gallery size-gallery\" alt=\"Prende atelier + march\u00e9 cr\u00e9atrices sofitel\" data-full-url=\"https:\/\/pokaa.fr\/wp-content\/uploads\/2023\/11\/23\/screenshot-2023-11-23-at-01-10-50-fondant-parfume-kougelhopf-made-in-alsace-des-senteurs-originales.png\" decoding=\"async\" loading=\"lazy\"  \/>            <\/p>\n<p>                    1. AmyPiou, Am\u00e9lie Manchoulas (Kudamono Market) \/ \u00a9 Document remis ; 2. Fondants parfum\u00e9s Kougelhopf made in Alsace. \u00a9 Prende Atelier \/ Document remis<\/p>\n<p>Vide-grenier et vente de v\u00e9los au Mini-Markt \u00e0 La Grenze<\/p>\n<p>Le lendemain, direction <b>La Grenze <\/b>qui organisera, elle, l\u2019un de ses <b>Mini-Markt <\/b>\u2013 des march\u00e9s th\u00e9matiques. Pour celui du <b>dimanche 21 septembre<\/b>, place \u00e0 un <b>vide-grenier en <\/b><strong>terrasse<\/strong>.<\/p>\n<p>De quoi y chiner quelques merveilles ou<b> <\/b><b>un nouveau v\u00e9lo<\/b>\u00a0! Pour t\u2019aider \u00e0 gagner en mobilit\u00e9, Le Stick ram\u00e8nera lors de cette vente une dizaine de b\u00e9canes d\u2019occasion\u00a0: y a donc plus qu\u2019\u00e0 trouver p\u00e9dale \u00e0 ton pied pour la rentr\u00e9e.<\/p>\n<p align=\"CENTER\"><b>Quand et o\u00f9\u00a0?<br \/><\/b>Dimanche 21 septembre de 13h \u00e0 19h<br \/>\u00c0 la Grenze<br \/><a href=\"https:\/\/fb.me\/e\/53UDB3vYs\" target=\"_blank\" rel=\"noopener\">L\u2019\u00e9v\u00e9nement Facebook<\/a><\/p>\n<p>                <img width=\"750\" height=\"500\" src=\"https:\/\/www.europesays.com\/fr\/wp-content\/uploads\/2025\/05\/lagrenze1-francoisfreundlich-750x500.jpg\" class=\"attachment-gallery size-gallery\" alt=\"La Grenze\" data-full-url=\"https:\/\/pokaa.fr\/wp-content\/uploads\/2025\/04\/23\/lagrenze1-francoisfreundlich.jpg\" decoding=\"async\" loading=\"lazy\"  \/>            <\/p>\n<p>                <img width=\"667\" height=\"500\" src=\"https:\/\/www.europesays.com\/fr\/wp-content\/uploads\/2025\/08\/le-stick-koenigshoffen1-667x500.jpg\" class=\"attachment-gallery size-gallery\" alt=\"Le Stick Koenigshoffen\" data-full-url=\"https:\/\/pokaa.fr\/wp-content\/uploads\/2025\/08\/19\/le-stick-koenigshoffen1.jpg\" decoding=\"async\" loading=\"lazy\"  \/>            <\/p>\n<p>                    1. \u00a9 Fran\u00e7ois Freundlich \/ Document remis ; 2. \u00a9 Le Stick Koenigshoffen \/ Document remis<\/p>\n<p>Et le reste de l&rsquo;ann\u00e9e\u00a0?<\/p>\n<p>Si tu es adepte de<b> la seconde-main pour des raisons \u00e9cologiques et\/ou \u00e9conomiques<\/b> que ce soit pour <b>la d\u00e9co, les sapes ou l\u2019\u00e9lectronique<\/b>, sache qu\u2019on y a d\u00e9j\u00e0 consacr\u00e9 quelques articles. Alors pour trouver ton bonheur \u00e0 petit prix, \u00e0 la rentr\u00e9e ou toute l\u2019ann\u00e9e, jette aussi un \u0153il par ici :<\/p>\n<p>    <img width=\"400\" height=\"600\" src=\"https:\/\/www.europesays.com\/fr\/wp-content\/uploads\/2025\/08\/emmaus-mundo-5-400x600.jpg\" class=\"attachment-image-size-M size-image-size-M\" alt=\"Emmaus Mundo (5)\" decoding=\"async\" loading=\"lazy\"  \/>         Emma\u00fcs Mundo. \u00a9 Mathilde Piaud \/ Pokaa <\/p>\n","protected":false},"excerpt":{"rendered":"La cloche n\u2019a pas encore sonn\u00e9 qu\u2019elle s\u2019affiche d\u00e9j\u00e0 bien trop proche sur le calendrier\u2026 Pas de doute,&hellip;\n","protected":false},"author":2,"featured_media":341179,"comment_status":"","ping_status":"","sticky":false,"template":"","format":"standard","meta":{"footnotes":""},"categories":[2820],"tags":[1111,11,4763,6961,4397,1777,674,1011,27,775,12,47752,22212,3907,25,7167,640,4064],"class_list":{"0":"post-341178","1":"post","2":"type-post","3":"status-publish","4":"format-standard","5":"has-post-thumbnail","7":"category-strasbourg","8":"tag-actu","9":"tag-actualites","10":"tag-agenda","11":"tag-brocante","12":"tag-decoration","13":"tag-eu","14":"tag-europe","15":"tag-fr","16":"tag-france","17":"tag-grand-est","18":"tag-news","19":"tag-pas-cher","20":"tag-plante","21":"tag-que-faire","22":"tag-republique-francaise","23":"tag-seconde-main","24":"tag-strasbourg","25":"tag-week-end"},"share_on_mastodon":{"url":"https:\/\/pubeurope.com\/@fr\/115085197756044854","error":""},"_links":{"self":[{"href":"https:\/\/www.europesays.com\/fr\/wp-json\/wp\/v2\/posts\/341178","targetHints":{"allow":["GET"]}}],"collection":[{"href":"https:\/\/www.europesays.com\/fr\/wp-json\/wp\/v2\/posts"}],"about":[{"href":"https:\/\/www.europesays.com\/fr\/wp-json\/wp\/v2\/types\/post"}],"author":[{"embeddable":true,"href":"https:\/\/www.europesays.com\/fr\/wp-json\/wp\/v2\/users\/2"}],"replies":[{"embeddable":true,"href":"https:\/\/www.europesays.com\/fr\/wp-json\/wp\/v2\/comments?post=341178"}],"version-history":[{"count":0,"href":"https:\/\/www.europesays.com\/fr\/wp-json\/wp\/v2\/posts\/341178\/revisions"}],"wp:featuredmedia":[{"embeddable":true,"href":"https:\/\/www.europesays.com\/fr\/wp-json\/wp\/v2\/media\/341179"}],"wp:attachment":[{"href":"https:\/\/www.europesays.com\/fr\/wp-json\/wp\/v2\/media?parent=341178"}],"wp:term":[{"taxonomy":"category","embeddable":true,"href":"https:\/\/www.europesays.com\/fr\/wp-json\/wp\/v2\/categories?post=341178"},{"taxonomy":"post_tag","embeddable":true,"href":"https:\/\/www.europesays.com\/fr\/wp-json\/wp\/v2\/tags?post=341178"}],"curies":[{"name":"wp","href":"https:\/\/api.w.org\/{rel}","templated":true}]}}