{"id":34118,"date":"2025-04-18T13:06:16","date_gmt":"2025-04-18T13:06:16","guid":{"rendered":"https:\/\/www.europesays.com\/fr\/34118\/"},"modified":"2025-04-18T13:06:16","modified_gmt":"2025-04-18T13:06:16","slug":"la-ville-de-marseille-obtient-le-feu-vert-pour-ouvrir-un-ehpad-100-public","status":"publish","type":"post","link":"https:\/\/www.europesays.com\/fr\/34118\/","title":{"rendered":"La Ville de Marseille obtient le feu vert pour ouvrir un Ehpad 100% public"},"content":{"rendered":"\n<p>C\u2019est devenu officiel depuis ce jeudi 17\u00a0avril, la municipalit\u00e9 va enfin pouvoir concr\u00e9tiser son projet de cr\u00e9ation d\u2019un \u00c9tablissement d\u2019h\u00e9bergement pour personnes \u00e2g\u00e9es d\u00e9pendantes (Ehpad), chemin de la Madrague-Ville (15e) dans un quartier o\u00f9 l\u2019offre m\u00e9dicale est sous dimensionn\u00e9e.<\/p>\n<p>En d\u00e9cr\u00e9tant le Centre communal d\u2019action sociale (CCAS) de la Ville de Marseille laur\u00e9at de l\u2019appel \u00e0 projets pour la cr\u00e9ation d\u2019un \u00e9tablissement de 88\u00a0lits, l\u2019Agence r\u00e9gionale de sant\u00e9 (ARS) et le D\u00e9partement donnent enfin leur aval pour que la municipalit\u00e9 passe aux travaux pratiques.<\/p>\n<p>C\u2019est une premi\u00e8re pour la municipalit\u00e9 et le Centre communal d\u2019action sociale (CCAS) qui doit le g\u00e9rer. L\u2019adjointe (PCF) aux solidarit\u00e9s, Audrey Garino se r\u00e9jouit d\u2019une telle d\u00e9cision. \u00ab\u00a0La Ville de Marseille va r\u00e9aliser le premier Ehpad 100% public de la commune. Maintenant on entre dans une phase plus op\u00e9rationnelle apr\u00e8s avoir travaill\u00e9 de nombreux mois \u00e0 la r\u00e9alisation de ce dossier\u00a0\u00bb, explique-t-elle. C\u2019est dans l\u2019ancienne mission locale situ\u00e9e au 262, chemin de la Madrague-ville, propri\u00e9t\u00e9 de la municipalit\u00e9 que des travaux de r\u00e9habilitation et d\u2019agrandissement chiffr\u00e9s \u00e0 25\u00a0millions d\u2019euros seront r\u00e9alis\u00e9s.<\/p>\n<p> Un projet solide\n              <\/p>\n<p>\u00ab\u00a0Notre projet est un projet s\u00e9rieux et solide qui permet un \u00e9quilibre financier et un investissement cons\u00e9quent\u00a0\u00bb, assure l\u2019\u00e9lue. Le projet a \u00e9galement su agr\u00e9ger un r\u00e9seau d\u2019acteurs experts sur le volet m\u00e9dical, de la sant\u00e9 mentale et du handicap.<\/p>\n<p>Dans une ville o\u00f9 sur 65\u00a0Ehpad, deux seulement sont \u00e0 but non lucratif, positionner le service public de fa\u00e7on volontariste pour une collectivit\u00e9 qui n\u2019en a pas la comp\u00e9tence rel\u00e8ve d\u2019un choix politique ambitieux. La Ville a d\u00e9j\u00e0 budg\u00e9t\u00e9 les 25\u00a0millions d\u2019investissements pour r\u00e9habiliter ce patrimoine historique laiss\u00e9 \u00e0 l\u2019abandon pendant 25\u00a0ans par l\u2019ancienne municipalit\u00e9. L\u2019\u00e9quipement se destine aux Marseillais les plus fragiles. Dans une ville o\u00f9 20% de la population vit sous le seuil de pauvret\u00e9, \u00ab\u00a0il y avait un besoin que le service public reprenne sa place sur la question de l\u2019accompagnement des s\u00e9niors\u00a0\u00bb, d\u00e9veloppe Audrey Garino. Une volont\u00e9 qui s\u2019inscrit dans le vaste plan d\u2019action de la Ville pour la prise en charge de nos s\u00e9niors.<\/p>\n<p>Fabien Marcangelli, responsable du d\u00e9partement Personnes \u00e2g\u00e9es de l\u2019ARS indique que le choix qui s\u2019est port\u00e9 sur le projet municipal a \u00e9t\u00e9 le meilleur. \u00ab\u00a0C\u2019est la 3e\u00a0fois que l\u2019on relance un appel \u00e0 projets qui avait \u00e9t\u00e9 infructueux de par la difficult\u00e9 pour les porteurs de projet de s\u2019implanter sur ce territoire\u00a0\u00bb, avance-t-il. Le fait que la Ville soit propri\u00e9taire du b\u00e2timent a s\u00fbrement jou\u00e9 en sa faveur.<\/p>\n","protected":false},"excerpt":{"rendered":"C\u2019est devenu officiel depuis ce jeudi 17\u00a0avril, la municipalit\u00e9 va enfin pouvoir concr\u00e9tiser son projet de cr\u00e9ation d\u2019un&hellip;\n","protected":false},"author":2,"featured_media":34119,"comment_status":"","ping_status":"","sticky":false,"template":"","format":"standard","meta":{"footnotes":""},"categories":[2814],"tags":[1111,11,1777,674,1011,27,884,11212,12,882,25],"class_list":{"0":"post-34118","1":"post","2":"type-post","3":"status-publish","4":"format-standard","5":"has-post-thumbnail","7":"category-marseille","8":"tag-actu","9":"tag-actualites","10":"tag-eu","11":"tag-europe","12":"tag-fr","13":"tag-france","14":"tag-marseille","15":"tag-mission-locale","16":"tag-news","17":"tag-provence-alpes-cote-dazur","18":"tag-republique-francaise"},"share_on_mastodon":{"url":"https:\/\/pubeurope.com\/@fr\/114359119749450604","error":""},"_links":{"self":[{"href":"https:\/\/www.europesays.com\/fr\/wp-json\/wp\/v2\/posts\/34118","targetHints":{"allow":["GET"]}}],"collection":[{"href":"https:\/\/www.europesays.com\/fr\/wp-json\/wp\/v2\/posts"}],"about":[{"href":"https:\/\/www.europesays.com\/fr\/wp-json\/wp\/v2\/types\/post"}],"author":[{"embeddable":true,"href":"https:\/\/www.europesays.com\/fr\/wp-json\/wp\/v2\/users\/2"}],"replies":[{"embeddable":true,"href":"https:\/\/www.europesays.com\/fr\/wp-json\/wp\/v2\/comments?post=34118"}],"version-history":[{"count":0,"href":"https:\/\/www.europesays.com\/fr\/wp-json\/wp\/v2\/posts\/34118\/revisions"}],"wp:featuredmedia":[{"embeddable":true,"href":"https:\/\/www.europesays.com\/fr\/wp-json\/wp\/v2\/media\/34119"}],"wp:attachment":[{"href":"https:\/\/www.europesays.com\/fr\/wp-json\/wp\/v2\/media?parent=34118"}],"wp:term":[{"taxonomy":"category","embeddable":true,"href":"https:\/\/www.europesays.com\/fr\/wp-json\/wp\/v2\/categories?post=34118"},{"taxonomy":"post_tag","embeddable":true,"href":"https:\/\/www.europesays.com\/fr\/wp-json\/wp\/v2\/tags?post=34118"}],"curies":[{"name":"wp","href":"https:\/\/api.w.org\/{rel}","templated":true}]}}