{"id":341180,"date":"2025-08-24T18:38:17","date_gmt":"2025-08-24T18:38:17","guid":{"rendered":"https:\/\/www.europesays.com\/fr\/341180\/"},"modified":"2025-08-24T18:38:17","modified_gmt":"2025-08-24T18:38:17","slug":"strasbourg-le-retour-du-racing-dans-une-nouvelle-meinau-encore-en-mutation","status":"publish","type":"post","link":"https:\/\/www.europesays.com\/fr\/341180\/","title":{"rendered":"Strasbourg. Le retour du Racing dans une nouvelle Meinau encore en mutation"},"content":{"rendered":"<p>\u00ab\u00a0T\u2019es \u00e0 quelle entr\u00e9e toi\u00a0?\u00a0\u00bb Difficile de s\u2019y retrouver dans un <a href=\"https:\/\/www.dna.fr\/economie\/2025\/06\/30\/le-chantier-du-stade-de-la-meinau-vitrine-de-l-economie-circulaire-et-locale\" target=\"_blank\" rel=\"nofollow noopener\">stade de la Meinau en transition<\/a> , pour ce premier match \u00e0 domicile du championnat face au FC Nantes, ce dimanche 24\u00a0ao\u00fbt. M\u00eame pour Fran\u00e7ois et S\u00e9bastien, abonn\u00e9s de longue date. Devant les nouvelles coursives couvertes de la tribune ouest, Fran\u00e7ois est circonspect. \u00ab\u00a0Tu ne croirais pas que c\u2019est un stade, observe-t-il d\u2019embl\u00e9e une fois le scooter gar\u00e9. C\u2019est un peu comme un Zenith.\u00a0\u00bb Mais pas de quoi troubler leur \u00ab\u00a0bon moment \u00e0 eux\u00a0\u00bb.<\/p>\n<p>L\u2019un des changements majeurs de cette saison est la r\u00e9organisation des entr\u00e9es au stade. \u00ab\u00a0Il faut entrer \u00e0 la porte indiqu\u00e9e sur son billet\u00a0\u00bb, explique Arthur. Et se garer en cons\u00e9quence. Les entr\u00e9es se sont ainsi d\u00e9multipli\u00e9es (et automatis\u00e9es pour certaines) pour permettre un acc\u00e8s plus fluide\u2026 en th\u00e9orie.<\/p>\n<p>  Les couacs de jeudi soir r\u00e9par\u00e9s\u00a0?<\/p>\n<p>Jeudi 21\u00a0ao\u00fbt au soir, lors du <a href=\"https:\/\/www.dna.fr\/sport\/2025\/08\/21\/suivez-en-direct-les-debuts-du-racing-en-ligue-conference-contre-les-danois-de-brondby\" target=\"_blank\" rel=\"nofollow noopener\">premier match de la saison face aux Danois de Brondby<\/a> , plusieurs supporters ont fait \u00e9tat d\u2019un manque de stock de boissons et de nourritures et de files d\u2019attente \u00e0 rallonge dans les diff\u00e9rents bars secondaires install\u00e9s dans les coursives. \u00ab\u00a0C\u2019\u00e9tait le bordel\u00a0\u00bb, r\u00e9sume simplement William, abonn\u00e9 depuis 8 ans et ancien pensionnaire du centre de formation. \u00ab\u00a0On ne joue jamais le soir, observe Sam, un autre fid\u00e8le. Le club n\u2019est pas habitu\u00e9 \u00e0 recevoir autant de monde \u00e0 manger.\u00a0\u00bb Si les cheminements ne sont pas encore bien identifi\u00e9s par la foule, les files vers les stands de restauration ont gagn\u00e9 en fluidit\u00e9 depuis jeudi soir.<\/p>\n<p>L\u2019autre \u00e9volution est la livraison de la tribune sud, d\u00e9j\u00e0 bien garnie <a href=\"https:\/\/www.dna.fr\/sport\/2025\/08\/24\/emegha-buteur-johnsson-solide-nanasi-absent-les-tops-et-les-flops-de-racing-club-de-strasbourg-nantes\" target=\"_blank\" rel=\"nofollow noopener\">pour la r\u00e9ception du FC Nantes<\/a>. Mieux \u00e9tag\u00e9e, avec de la restauration \u00e0 chaque palier. Mais \u00ab\u00a0avec une tribune plus haute, on risque de perdre en r\u00e9sonance dans le stade\u00a0\u00bb, redoute toutefois William.<\/p>\n<p>Le retour des abonn\u00e9s au stade marque aussi celui des clivages autour du projet sportif du club. La \u00ab\u00a0multipropri\u00e9t\u00e9\u00a0\u00bb et BlueCo, l\u2019actionnaire am\u00e9ricain du club, sont sur toutes les l\u00e8vres. Les actionnaires \u00ab\u00a0ont mis 100\u00a0millions d\u2019euros, mais on ne conna\u00eet aucun joueur\u00a0\u00bb, r\u00e9sume S\u00e9bastien, en r\u00e9f\u00e9rence au recrutement de jeunes talents\u00a0danois, anglais ou \u00e9quatorien \u00e0 l\u2019intersaison. Mais \u00ab\u00a0confiance\u00a0\u00bb\u00a0: \u00ab\u00a0Il y a quinze ans, on se disait\u00a0: c\u2019est fini le foot \u00e0 Strasbourg.\u00a0\u00bb<\/p>\n<p>L\u2019investissement massif, \u00ab\u00a0c\u2019est une bonne chose\u00a0\u00bb, pour Gilles, abonn\u00e9 par intermittence depuis les ann\u00e9es 90. \u00ab\u00a0\u00c7a montre qu\u2019ils comptent rester sur le long terme.\u00a0\u00bb Sans se faire d\u2019illusion. \u00ab\u00a0Je pense qu\u2019\u00e0 terme, l\u2019objectif de BlueCo est de revendre l\u2019\u00e9quipe, mais plus ch\u00e8re.\u00a0\u00bb \u00ab\u00a0Je pr\u00e9f\u00e8re une bonne saison avec des joueurs de 19 ans qu\u2019une \u00e9quipe plus \u201cidentitaire\u201d mais qui joue le maintien\u00a0\u00bb, tranche S\u00e9bastien.<\/p>\n<p>  Crispation autour de l\u2019actionnaire BlueCo<\/p>\n<p>Dans les coursives de la tribune ouest, les membres des groupes de supporters tiennent le discours inverse. \u00ab\u00a0Est-ce que ceux qui viennent pour le beau jeu \u00e9taient aussi abonn\u00e9s quand on \u00e9tait en CFA2\u00a0?\u00a0\u00bb cingle Alex, fid\u00e8le du kop depuis 2006. \u00ab\u00a0On ne vient pas au stade pour les m\u00eames raisons.\u00a0\u00bb Moins pour constater que l\u2019\u00e9quipe progresse mais pour applaudir des joueurs \u00ab\u00a0qui se donnent sur le terrain\u00a0\u00bb.<\/p>\n<p>\u00ab\u00a0Est-ce qu\u2019on a le choix\u00a0?\u00a0\u00bb s\u2019interroge enfin William, \u00e0 propos de la strat\u00e9gie de la multipropri\u00e9t\u00e9. \u00ab\u00a0Les clubs qui ne prennent pas la m\u00eame direction que nous sont vou\u00e9s \u00e0 dispara\u00eetre.\u00a0\u00bb Il en veut pour preuve les difficult\u00e9s financi\u00e8res de clubs, tels que Montpellier.<\/p>\n<p>Malgr\u00e9 les 15 minutes de silence instaur\u00e9es en guise de protestation, les groupes de supporters ont assur\u00e9 l\u2019ambiance, notamment gr\u00e2ce au d\u00e9roulement d\u2019un impressionnant \u00ab\u00a0tifo\u00a0\u00bb pour annoncer les 35 ans des Ultra Boys 90. Avec un clin d\u2019\u0153il inspir\u00e9 \u00e0 <a href=\"https:\/\/www.dna.fr\/environnement\/2021\/11\/17\/jamy-gourmaud-avec-les-enfants-il-faut-parler-des-solutions\" target=\"_blank\" rel=\"nofollow noopener\">Jamy Gourmaud<\/a> , de l\u2019\u00e9mission \u00ab\u00a0C\u2019est pas sorcier\u00a0\u00bb.<\/p>\n","protected":false},"excerpt":{"rendered":"\u00ab\u00a0T\u2019es \u00e0 quelle entr\u00e9e toi\u00a0?\u00a0\u00bb Difficile de s\u2019y retrouver dans un stade de la Meinau en transition ,&hellip;\n","protected":false},"author":2,"featured_media":341181,"comment_status":"","ping_status":"","sticky":false,"template":"","format":"standard","meta":{"footnotes":""},"categories":[2820],"tags":[1111,11,33,2880,1777,674,107,63,1011,27,775,12,25,517,640,2879],"class_list":{"0":"post-341180","1":"post","2":"type-post","3":"status-publish","4":"format-standard","5":"has-post-thumbnail","7":"category-strasbourg","8":"tag-actu","9":"tag-actualites","10":"tag-economie","11":"tag-edition-strasbourg","12":"tag-eu","13":"tag-europe","14":"tag-fil-info","15":"tag-football","16":"tag-fr","17":"tag-france","18":"tag-grand-est","19":"tag-news","20":"tag-republique-francaise","21":"tag-sport","22":"tag-strasbourg","23":"tag-strasbourg-ville"},"share_on_mastodon":{"url":"https:\/\/pubeurope.com\/@fr\/115085200803096311","error":""},"_links":{"self":[{"href":"https:\/\/www.europesays.com\/fr\/wp-json\/wp\/v2\/posts\/341180","targetHints":{"allow":["GET"]}}],"collection":[{"href":"https:\/\/www.europesays.com\/fr\/wp-json\/wp\/v2\/posts"}],"about":[{"href":"https:\/\/www.europesays.com\/fr\/wp-json\/wp\/v2\/types\/post"}],"author":[{"embeddable":true,"href":"https:\/\/www.europesays.com\/fr\/wp-json\/wp\/v2\/users\/2"}],"replies":[{"embeddable":true,"href":"https:\/\/www.europesays.com\/fr\/wp-json\/wp\/v2\/comments?post=341180"}],"version-history":[{"count":0,"href":"https:\/\/www.europesays.com\/fr\/wp-json\/wp\/v2\/posts\/341180\/revisions"}],"wp:featuredmedia":[{"embeddable":true,"href":"https:\/\/www.europesays.com\/fr\/wp-json\/wp\/v2\/media\/341181"}],"wp:attachment":[{"href":"https:\/\/www.europesays.com\/fr\/wp-json\/wp\/v2\/media?parent=341180"}],"wp:term":[{"taxonomy":"category","embeddable":true,"href":"https:\/\/www.europesays.com\/fr\/wp-json\/wp\/v2\/categories?post=341180"},{"taxonomy":"post_tag","embeddable":true,"href":"https:\/\/www.europesays.com\/fr\/wp-json\/wp\/v2\/tags?post=341180"}],"curies":[{"name":"wp","href":"https:\/\/api.w.org\/{rel}","templated":true}]}}