{"id":341183,"date":"2025-08-24T18:41:22","date_gmt":"2025-08-24T18:41:22","guid":{"rendered":"https:\/\/www.europesays.com\/fr\/341183\/"},"modified":"2025-08-24T18:41:22","modified_gmt":"2025-08-24T18:41:22","slug":"il-transportait-plus-de-2-kg-de-drogue-a-nantes-lorsquil-est-intercepte-par-la-police","status":"publish","type":"post","link":"https:\/\/www.europesays.com\/fr\/341183\/","title":{"rendered":"Il transportait plus de 2\u00a0kg de drogue \u00e0 Nantes lorsqu\u2019il est intercept\u00e9 par la police"},"content":{"rendered":"<p>Le comportement de l\u2019homme crois\u00e9, samedi 23\u00a0ao\u00fbt, vers 20\u00a0h, n\u2019a pas \u00e9chapp\u00e9 \u00e0 la brigade anticriminalit\u00e9 (Bac). Il n\u2019\u00e9tait pas serein au passage du v\u00e9hicule de police dans le secteur de la Beaujoire, \u00e0 <a href=\"https:\/\/nantes.maville.com\/info\/info-locale\/\" target=\"_self\" rel=\"noopener\">Nantes (Loire-Atlantique)<\/a>. Au point de remonter fissa dans sa voiture, avec l\u2019espoir sans doute de dispara\u00eetre. Mais la Bac l\u2019a retrouv\u00e9 quelques instants plus tard.<\/p>\n<p><strong>Lire aussi\u00a0:<\/strong>\u00a0<a href=\"https:\/\/nantes.maville.com\/actu\/actudet_-vente-d-heroine-et-de-cocaine-la-chute-du-boss-d-un-point-de-deal-dynamique-de-nantes-_52716-6942381_actu.Htm\" target=\"_self\" rel=\"noopener\">Vente d\u2019h\u00e9ro\u00efne et de coca\u00efne\u00a0: la chute du boss d\u2019un point de deal dynamique de Nantes<\/a><\/p>\n<p>Et lorsque les policiers ont demand\u00e9 \u00e0 l\u2019automobiliste s\u2019il transportait quelque chose, il s\u2019est mis \u00e0 table sans rechigner. Les agents ont trouv\u00e9 deux kilos de r\u00e9sine de cannabis, pr\u00e8s d\u2019une centaine de grammes de coca\u00efne et 1\u00a0500\u00a0\u20ac en num\u00e9raire. Est-ce que cet habitant de Saint-Mars-de-Coutais, dans le pays de Retz, venait se ravitailler\u00a0? Est-ce qu\u2019il comptait revendre la drogue dans le sud de Nantes\u00a0? Les enqu\u00eateurs ont quelques questions \u00e0 poser \u00e0 cet homme de 22\u00a0ans.<\/p>\n<p>\u00a0<\/p>\n","protected":false},"excerpt":{"rendered":"Le comportement de l\u2019homme crois\u00e9, samedi 23\u00a0ao\u00fbt, vers 20\u00a0h, n\u2019a pas \u00e9chapp\u00e9 \u00e0 la brigade anticriminalit\u00e9 (Bac). Il&hellip;\n","protected":false},"author":2,"featured_media":341184,"comment_status":"","ping_status":"","sticky":false,"template":"","format":"standard","meta":{"footnotes":""},"categories":[2818],"tags":[5742,1111,11,1052,1777,674,1011,27,41429,16188,16399,766,12,2636,1072,25,16186],"class_list":{"0":"post-341183","1":"post","2":"type-post","3":"status-publish","4":"format-standard","5":"has-post-thumbnail","7":"category-nantes","8":"tag-5742","9":"tag-actu","10":"tag-actualites","11":"tag-drogue","12":"tag-eu","13":"tag-europe","14":"tag-fr","15":"tag-france","16":"tag-intercepte","17":"tag-kg","18":"tag-lorsqu","19":"tag-nantes","20":"tag-news","21":"tag-pays-de-la-loire","22":"tag-police","23":"tag-republique-francaise","24":"tag-transportait"},"share_on_mastodon":{"url":"https:\/\/pubeurope.com\/@fr\/115085212598611896","error":""},"_links":{"self":[{"href":"https:\/\/www.europesays.com\/fr\/wp-json\/wp\/v2\/posts\/341183","targetHints":{"allow":["GET"]}}],"collection":[{"href":"https:\/\/www.europesays.com\/fr\/wp-json\/wp\/v2\/posts"}],"about":[{"href":"https:\/\/www.europesays.com\/fr\/wp-json\/wp\/v2\/types\/post"}],"author":[{"embeddable":true,"href":"https:\/\/www.europesays.com\/fr\/wp-json\/wp\/v2\/users\/2"}],"replies":[{"embeddable":true,"href":"https:\/\/www.europesays.com\/fr\/wp-json\/wp\/v2\/comments?post=341183"}],"version-history":[{"count":0,"href":"https:\/\/www.europesays.com\/fr\/wp-json\/wp\/v2\/posts\/341183\/revisions"}],"wp:featuredmedia":[{"embeddable":true,"href":"https:\/\/www.europesays.com\/fr\/wp-json\/wp\/v2\/media\/341184"}],"wp:attachment":[{"href":"https:\/\/www.europesays.com\/fr\/wp-json\/wp\/v2\/media?parent=341183"}],"wp:term":[{"taxonomy":"category","embeddable":true,"href":"https:\/\/www.europesays.com\/fr\/wp-json\/wp\/v2\/categories?post=341183"},{"taxonomy":"post_tag","embeddable":true,"href":"https:\/\/www.europesays.com\/fr\/wp-json\/wp\/v2\/tags?post=341183"}],"curies":[{"name":"wp","href":"https:\/\/api.w.org\/{rel}","templated":true}]}}