{"id":341185,"date":"2025-08-24T18:42:21","date_gmt":"2025-08-24T18:42:21","guid":{"rendered":"https:\/\/www.europesays.com\/fr\/341185\/"},"modified":"2025-08-24T18:42:21","modified_gmt":"2025-08-24T18:42:21","slug":"rate-monumental-but-de-la-tete-la-minute-de-folie-demegha-heros-des-alsaciens","status":"publish","type":"post","link":"https:\/\/www.europesays.com\/fr\/341185\/","title":{"rendered":"rat\u00e9 monumental, but de la t\u00eate&#8230; la minute de folie d&rsquo;Emegha, h\u00e9ros des Alsaciens"},"content":{"rendered":"<p>L&rsquo;attaquant de Strasbourg Emanuel Emegha s&rsquo;est mu\u00e9 en h\u00e9ros des Alsaciens ce dimanche lors de la 2e journ\u00e9e de Ligue 1, en offrant la victoire \u00e0 son \u00e9quipe de la t\u00eate face \u00e0 Nantes (1-0), quelques secondes apr\u00e8s un rat\u00e9 incompr\u00e9h\u00e9nsible&#8230;<\/p>\n<p>Sa reprise du gauche compl\u00e8tement rat\u00e9e devant le but vide aurait pu hanter Emanuel Emegha. Entr\u00e9 \u00e0 la mi-temps du match face \u00e0 Nantes, lors de la 2e journ\u00e9e de Ligue 1 ce dimanche, l&rsquo;attaquant a manqu\u00e9 une occasion en or d&rsquo;ouvrir le score devant son public \u00e0 la Meinau pour le premier match \u00e0 domicile des Alsaciens en championnat, trois jours apr\u00e8s <a href=\"https:\/\/rmcsport.bfmtv.com\/football\/europa-conference-league\/direct-strasbourg-brondby-suivez-le-barrage-aller-de-ligue-conference-des-strasbourgeois-en-live_LS-202508210488.html\" title=\"Strasbourg-Brondby: les Strasbourgeois pourront avoir des regrets!\" class=\"internal_link\" rel=\"nofollow noopener\" target=\"_blank\">la r\u00e9ception de Brondby en barrages de Ligue Europa Conference (0-0)<\/a>.<\/p>\n<p>Mais Emegha, brassard de capitaine autour du biceps, n&rsquo;a pas laiss\u00e9 ses \u00e9motions le submerger. Sur l&rsquo;action suivante, le num\u00e9ro 10 a parfaitement plac\u00e9 sa t\u00eate pour couper un centre de Bakwa et tromper Anthony Lopes (81e).<\/p>\n<p><a href=\"https:\/\/rmcsport.bfmtv.com\/football\/ligue-1\/direct-multiplex-ligue-1-suivez-strasbourg-nantes-le-havre-lens-et-toulouse-brest-en-live_LS-202508240141.html\" title=\"DIRECT. Multiplex Ligue 1: Lens lance sa saison au Havre, Toulouse encha\u00eene contre Brest, Strasbourg s&#039;impose encore\" class=\"internal_link\" rel=\"nofollow noopener\" target=\"_blank\">&gt;&gt; Revivez le multiplex de la 2e journ\u00e9e de Ligue 1<\/a><\/p>\n<p>Carton plein pour Strasbourg<\/p>\n<p>D&rsquo;abord d\u00e9cevants, les joueurs de Liam Rosenior signent finalement un deuxi\u00e8me succ\u00e8s en deux journ\u00e9es, apr\u00e8s leur succ\u00e8s 1-0 contre Metz le week-end dernier. Six points qui leur permettent de prendre le wagon de t\u00eate avec l&rsquo;OL, le PSG et Toulouse, les autres \u00e9quipes \u00e0 100% de victoires. De quoi faire le plein de confiance avant de retrouver Br\u00f6ndby lors du barrage retour de Ligue Conf\u00e9rence, jeudi au Danemark (0-0, \u00e0 l&rsquo;aller).<\/p>\n","protected":false},"excerpt":{"rendered":"L&rsquo;attaquant de Strasbourg Emanuel Emegha s&rsquo;est mu\u00e9 en h\u00e9ros des Alsaciens ce dimanche lors de la 2e journ\u00e9e&hellip;\n","protected":false},"author":2,"featured_media":341186,"comment_status":"","ping_status":"","sticky":false,"template":"","format":"standard","meta":{"footnotes":""},"categories":[2818],"tags":[1111,11,1777,674,1011,27,766,12,2636,25],"class_list":{"0":"post-341185","1":"post","2":"type-post","3":"status-publish","4":"format-standard","5":"has-post-thumbnail","7":"category-nantes","8":"tag-actu","9":"tag-actualites","10":"tag-eu","11":"tag-europe","12":"tag-fr","13":"tag-france","14":"tag-nantes","15":"tag-news","16":"tag-pays-de-la-loire","17":"tag-republique-francaise"},"share_on_mastodon":{"url":"https:\/\/pubeurope.com\/@fr\/115085216508076854","error":""},"_links":{"self":[{"href":"https:\/\/www.europesays.com\/fr\/wp-json\/wp\/v2\/posts\/341185","targetHints":{"allow":["GET"]}}],"collection":[{"href":"https:\/\/www.europesays.com\/fr\/wp-json\/wp\/v2\/posts"}],"about":[{"href":"https:\/\/www.europesays.com\/fr\/wp-json\/wp\/v2\/types\/post"}],"author":[{"embeddable":true,"href":"https:\/\/www.europesays.com\/fr\/wp-json\/wp\/v2\/users\/2"}],"replies":[{"embeddable":true,"href":"https:\/\/www.europesays.com\/fr\/wp-json\/wp\/v2\/comments?post=341185"}],"version-history":[{"count":0,"href":"https:\/\/www.europesays.com\/fr\/wp-json\/wp\/v2\/posts\/341185\/revisions"}],"wp:featuredmedia":[{"embeddable":true,"href":"https:\/\/www.europesays.com\/fr\/wp-json\/wp\/v2\/media\/341186"}],"wp:attachment":[{"href":"https:\/\/www.europesays.com\/fr\/wp-json\/wp\/v2\/media?parent=341185"}],"wp:term":[{"taxonomy":"category","embeddable":true,"href":"https:\/\/www.europesays.com\/fr\/wp-json\/wp\/v2\/categories?post=341185"},{"taxonomy":"post_tag","embeddable":true,"href":"https:\/\/www.europesays.com\/fr\/wp-json\/wp\/v2\/tags?post=341185"}],"curies":[{"name":"wp","href":"https:\/\/api.w.org\/{rel}","templated":true}]}}