{"id":341191,"date":"2025-08-24T18:45:14","date_gmt":"2025-08-24T18:45:14","guid":{"rendered":"https:\/\/www.europesays.com\/fr\/341191\/"},"modified":"2025-08-24T18:45:14","modified_gmt":"2025-08-24T18:45:14","slug":"voici-le-programme-de-la-derniere-journee-a-ne-pas-manquer","status":"publish","type":"post","link":"https:\/\/www.europesays.com\/fr\/341191\/","title":{"rendered":"voici le programme de la derni\u00e8re journ\u00e9e&#8230; \u00e0 ne pas manquer"},"content":{"rendered":"<p>            Par<br \/>\n        <strong><br \/>\n            <a href=\"https:\/\/actu.fr\/auteur\/lea-afonso\" title=\"Consulter tous les articles de L\u00e9a Afonso\" target=\"_blank\" rel=\"noopener\">L\u00e9a Afonso<\/a><br \/>\n        <\/strong><\/p>\n<p>        Publi\u00e9 le<\/p>\n<p>            24 ao\u00fbt 2025 \u00e0 11h10        <\/p>\n<p><strong><a href=\"https:\/\/actu.fr\/toulouse\/\" target=\"_blank\" rel=\"noopener\">Toulouse<\/a> plages<\/strong>, ce sont des milliers de Toulousains qui se pressent \u00e0 la <strong>prairie des filtres<\/strong> pour se divertir le temps d\u2019une journ\u00e9e, s\u2019essayer \u00e0 des cours de sport collectifs ou encore s\u2019initier \u00e0 une danse. Depuis le 21\u00a0juillet dernier, les activit\u00e9s battaient leur plein. Mais l\u2019\u00e9t\u00e9 touche \u00e0 sa fin et Toulouse plages aussi. Ce dimanche 24\u00a0ao\u00fbt, c\u2019est <strong>la derni\u00e8re journ\u00e9e des festivit\u00e9s<\/strong>\u2009!<\/p>\n<p>Un programme qui regorge d\u2019activit\u00e9s<\/p>\n<p class=\" wall-content\">Qui dit dernier jour, n\u2019est pas synonyme de rel\u00e2chement pour Toulouse plages. La prairie des filtres sera l\u2019\u00e9picentre de <strong>nombreuses activit\u00e9s<\/strong> qui se succ\u00e8dent <strong>depuis 9\u2009h\u200930<\/strong> ce matin\u2009:<\/p>\n<p class=\" wall-content\">9h30-18h\u2009: D\u00e9monstration Volley-Ball avec \u00e9quipe professionnelle \u2013 Espace Beach<br \/>10h-11h\u2009: Yoga \u2013 Pont Neuf<br \/>10h-12h\u2009: Aviron \u2013 Espace nautique<br \/>10h-12h\u2009: Kayak \u2013 Espace nautique<br \/>10h-18h\u2009: Tournoi Adultes Mixte Beach Volley \u2013 Espace Beach<br \/>14h-18h\u2009: Aviron \u2013 Espace nautique<br \/>14h-18h\u2009: Kayak \u2013 Espace nautique<br \/>14h-19h\u2009: D\u00e9couverte des jeux de r\u00f4les sur table pour d\u00e9butant ou confirm\u00e9, \u00e0 partir de 8\u00a0ans, organis\u00e9 par l\u2019association Jeux de Trolls \u2013 Ludoplage<br \/>14h-20h\u2009: Initiation au majhong, \u00e0 partir de 10\u00a0ans, par l\u2019association Blue Mahjong Frog \u2013 Ludoplage<br \/>15h-15h30\u2009: \u201cLa Chor\u00e9 de l\u2019\u00e9t\u00e9\u201d \u2013 Plancher SSBE<br \/>17h-21h\u2009: Session Danse Salsa \u2013 Plancher danse<br \/>18h-20h\u2009: Tournoi TP25 Beach Volley \u2013 Cours Dillon<br \/>18h-20h\u2009: Tournoi TP25 Disc golf \u2013 Pont Neuf<\/p>\n<p>Du sport pour les plus t\u00e9m\u00e9raires<\/p>\n<p class=\" wall-content\">C\u00f4t\u00e9 <strong>sportif et bien-\u00eatre<\/strong>, vous ne serez pas d\u00e9\u00e7u non plus, tout au long de la journ\u00e9e des cours collectif sont organis\u00e9s\u2009:<\/p>\n<p class=\" wall-content\">9h45-10h15\u2009: Gym Entretien<br \/>10h30-11h15\u2009: Pilates<br \/>11h30-12h15\u2009: Full body<br \/>12h30-13h15\u2009: HIIT<br \/>16h-16h45\u2009: Circuit training<br \/>17h-17h45\u2009: Renfo Haut du Corps<br \/>18h-18h45\u2009: Hip-Hop<br \/>19h-19h45\u2009: Fit danse<br \/>20h-20h45\u2009: Stretching<\/p>\n<p>Vid\u00e9os : en ce moment sur Actu<\/p>\n<p class=\" wall-content\">Une <strong>derni\u00e8re journ\u00e9<\/strong>e \u2014 ensoleill\u00e9e \u2014 pour profiter au maximum de ce lieu en bord de Garonne. Pass\u00e9 <strong>21h30<\/strong> ce tableau <strong>fermera ses portes.<\/strong> Il faudra alors attendre l\u2019\u00e9t\u00e9 prochain pour de nouveau profiter de la saison estivale en mode \u00ab\u2009citadin\u2009\u00bb.<\/p>\n<p class=\" wall-content\">Personnalisez votre actualit\u00e9 en ajoutant vos villes et m\u00e9dias en favori avec <a href=\"https:\/\/moncompte.actu.fr\" title=\"D\u00e9couvez Mon Actu\" rel=\"nofollow noopener\" data-trk=\"{&quot;cta&quot;:{&quot;action&quot;:&quot;https:\\\/\\\/moncompte.actu.fr&quot;,&quot;category&quot;:&quot;mon compte&quot;,&quot;from&quot;:&quot;article footer&quot;,&quot;name&quot;:&quot;Mon actu&quot;,&quot;type&quot;:&quot;cta&quot;}}\" target=\"_blank\">Mon Actu<\/a>.<\/p>\n","protected":false},"excerpt":{"rendered":"Par L\u00e9a Afonso Publi\u00e9 le 24 ao\u00fbt 2025 \u00e0 11h10 Toulouse plages, ce sont des milliers de Toulousains&hellip;\n","protected":false},"author":2,"featured_media":341192,"comment_status":"","ping_status":"","sticky":false,"template":"","format":"standard","meta":{"footnotes":""},"categories":[2816],"tags":[1111,11,1777,674,1011,27,1652,12,2680,25,1341,2312],"class_list":{"0":"post-341191","1":"post","2":"type-post","3":"status-publish","4":"format-standard","5":"has-post-thumbnail","7":"category-toulouse","8":"tag-actu","9":"tag-actualites","10":"tag-eu","11":"tag-europe","12":"tag-fr","13":"tag-france","14":"tag-loisirs-culture","15":"tag-news","16":"tag-occitanie","17":"tag-republique-francaise","18":"tag-sortir-a-toulouse","19":"tag-toulouse"},"share_on_mastodon":{"url":"https:\/\/pubeurope.com\/@fr\/115085228336046305","error":""},"_links":{"self":[{"href":"https:\/\/www.europesays.com\/fr\/wp-json\/wp\/v2\/posts\/341191","targetHints":{"allow":["GET"]}}],"collection":[{"href":"https:\/\/www.europesays.com\/fr\/wp-json\/wp\/v2\/posts"}],"about":[{"href":"https:\/\/www.europesays.com\/fr\/wp-json\/wp\/v2\/types\/post"}],"author":[{"embeddable":true,"href":"https:\/\/www.europesays.com\/fr\/wp-json\/wp\/v2\/users\/2"}],"replies":[{"embeddable":true,"href":"https:\/\/www.europesays.com\/fr\/wp-json\/wp\/v2\/comments?post=341191"}],"version-history":[{"count":0,"href":"https:\/\/www.europesays.com\/fr\/wp-json\/wp\/v2\/posts\/341191\/revisions"}],"wp:featuredmedia":[{"embeddable":true,"href":"https:\/\/www.europesays.com\/fr\/wp-json\/wp\/v2\/media\/341192"}],"wp:attachment":[{"href":"https:\/\/www.europesays.com\/fr\/wp-json\/wp\/v2\/media?parent=341191"}],"wp:term":[{"taxonomy":"category","embeddable":true,"href":"https:\/\/www.europesays.com\/fr\/wp-json\/wp\/v2\/categories?post=341191"},{"taxonomy":"post_tag","embeddable":true,"href":"https:\/\/www.europesays.com\/fr\/wp-json\/wp\/v2\/tags?post=341191"}],"curies":[{"name":"wp","href":"https:\/\/api.w.org\/{rel}","templated":true}]}}