{"id":341197,"date":"2025-08-24T18:49:37","date_gmt":"2025-08-24T18:49:37","guid":{"rendered":"https:\/\/www.europesays.com\/fr\/341197\/"},"modified":"2025-08-24T18:49:37","modified_gmt":"2025-08-24T18:49:37","slug":"marseille-commemore-les-81-ans-de-sa-liberation-avec-un-grand-bal-populaire-30-08-2025-marseille","status":"publish","type":"post","link":"https:\/\/www.europesays.com\/fr\/341197\/","title":{"rendered":"Marseille comm\u00e9more les 81 ans de sa lib\u00e9ration avec un grand bal populaire &#8211; 30\/08\/2025 &#8211; Marseille"},"content":{"rendered":"<p>Le 28 ao\u00fbt 1944, Marseille retrouvait sa libert\u00e9 gr\u00e2ce au courage des soldats et des r\u00e9sistants. Quatre-vingt-un ans plus tard, la municipalit\u00e9 invite habitants et visiteurs \u00e0 honorer cette m\u00e9moire lors d\u2019une soir\u00e9e conviviale. Un <strong>grand bal populaire se tiendra le samedi 30 ao\u00fbt, de 18h30 \u00e0 20h30, sur l\u2019esplanade du Palais du Pharo<\/strong>, transform\u00e9e pour l\u2019occasion en piste de danse \u00e0 ciel ouvert.<\/p>\n<p>&#13;<br \/>\nUn hommage festif et populaire&#13;<\/p>\n<p style=\"margin-left: 30px;\" data-start=\"900\" data-end=\"1278\">L\u2019\u00e9v\u00e9nement m\u00ealera musique et histoire. Un <strong data-start=\"943\" data-end=\"961\">orchestre live<\/strong> animera le bal pour faire danser le public au rythme de grands airs d\u2019\u00e9poque et de standards populaires.<\/p>\n<p>&#13;<\/p>\n<p style=\"margin-left: 30px;\" data-start=\"900\" data-end=\"1278\">En parall\u00e8le, une <strong data-start=\"1085\" data-end=\"1135\">exposition de v\u00e9hicules militaires historiques<\/strong> sera install\u00e9e, permettant aux curieux de replonger dans l\u2019ambiance des ann\u00e9es 40 et de d\u00e9couvrir des pi\u00e8ces embl\u00e9matiques de la Lib\u00e9ration.<\/p>\n<p>&#13;<br \/>\nUn lieu symbolique : le Pharo&#13;<\/p>\n<p style=\"margin-left: 30px;\" data-start=\"1320\" data-end=\"1627\"><strong>Situ\u00e9 face au Vieux-Port, le jardin du Pharo<\/strong> \u2013 <strong>parc \u00c9mile Duclaux<\/strong> \u2013 offre un d\u00e9cor exceptionnel sur la rade de Marseille. C\u2019est sur cette esplanade que la ville accueillera habitants et familles pour ce moment de m\u00e9moire, o\u00f9 la convivialit\u00e9 et la gratitude se m\u00ealeront au souvenir des combats d\u2019ao\u00fbt 1944.<\/p>\n<p>&#13;<br \/>\nInformations pratiques&#13;<\/p>\n<p data-start=\"1663\" data-end=\"2058\">De 18h30 \u00e0 20h30<br data-start=\"1732\" data-end=\"1735\"\/>Jardin du Pharo<br \/>Parc \u00c9mile Duclaux, boulevard Charles Livon, 13007 Marseille<br \/><strong data-start=\"1946\" data-end=\"1957\">Acc\u00e8s :<\/strong>\u00a0Bus n\u00b083 (arr\u00eat \u201cPharo\u201d), stationnement conseill\u00e9 au parking Q-Park Vieux-Port ou au parking Pharo<br \/><strong style=\"letter-spacing: 0.01em;\">Gratuit<\/strong><\/p>\n<p>&#13;<br \/>\nA lire aussi&#13;<\/p>\n","protected":false},"excerpt":{"rendered":"Le 28 ao\u00fbt 1944, Marseille retrouvait sa libert\u00e9 gr\u00e2ce au courage des soldats et des r\u00e9sistants. Quatre-vingt-un ans&hellip;\n","protected":false},"author":2,"featured_media":341198,"comment_status":"","ping_status":"","sticky":false,"template":"","format":"standard","meta":{"footnotes":""},"categories":[2814],"tags":[1111,11,1777,674,1011,27,884,12,882,25],"class_list":{"0":"post-341197","1":"post","2":"type-post","3":"status-publish","4":"format-standard","5":"has-post-thumbnail","7":"category-marseille","8":"tag-actu","9":"tag-actualites","10":"tag-eu","11":"tag-europe","12":"tag-fr","13":"tag-france","14":"tag-marseille","15":"tag-news","16":"tag-provence-alpes-cote-dazur","17":"tag-republique-francaise"},"share_on_mastodon":{"url":"https:\/\/pubeurope.com\/@fr\/115085244119747225","error":""},"_links":{"self":[{"href":"https:\/\/www.europesays.com\/fr\/wp-json\/wp\/v2\/posts\/341197","targetHints":{"allow":["GET"]}}],"collection":[{"href":"https:\/\/www.europesays.com\/fr\/wp-json\/wp\/v2\/posts"}],"about":[{"href":"https:\/\/www.europesays.com\/fr\/wp-json\/wp\/v2\/types\/post"}],"author":[{"embeddable":true,"href":"https:\/\/www.europesays.com\/fr\/wp-json\/wp\/v2\/users\/2"}],"replies":[{"embeddable":true,"href":"https:\/\/www.europesays.com\/fr\/wp-json\/wp\/v2\/comments?post=341197"}],"version-history":[{"count":0,"href":"https:\/\/www.europesays.com\/fr\/wp-json\/wp\/v2\/posts\/341197\/revisions"}],"wp:featuredmedia":[{"embeddable":true,"href":"https:\/\/www.europesays.com\/fr\/wp-json\/wp\/v2\/media\/341198"}],"wp:attachment":[{"href":"https:\/\/www.europesays.com\/fr\/wp-json\/wp\/v2\/media?parent=341197"}],"wp:term":[{"taxonomy":"category","embeddable":true,"href":"https:\/\/www.europesays.com\/fr\/wp-json\/wp\/v2\/categories?post=341197"},{"taxonomy":"post_tag","embeddable":true,"href":"https:\/\/www.europesays.com\/fr\/wp-json\/wp\/v2\/tags?post=341197"}],"curies":[{"name":"wp","href":"https:\/\/api.w.org\/{rel}","templated":true}]}}