{"id":341199,"date":"2025-08-24T18:50:12","date_gmt":"2025-08-24T18:50:12","guid":{"rendered":"https:\/\/www.europesays.com\/fr\/341199\/"},"modified":"2025-08-24T18:50:12","modified_gmt":"2025-08-24T18:50:12","slug":"marseille-une-menuiserie-et-deux-appartements-completement-detruits-a-cause-dun-incendie-actualites","status":"publish","type":"post","link":"https:\/\/www.europesays.com\/fr\/341199\/","title":{"rendered":"Marseille : une menuiserie et deux appartements compl\u00e8tement d\u00e9truits \u00e0 cause d\u2019un incendie : Actualit\u00e9s"},"content":{"rendered":"<p class=\"lead \"><strong>Alors qu\u2019un incendie s\u2019est d\u00e9clar\u00e9 dans une menuiserie \u00e0 Marseille dimanche 24 ao\u00fbt, les flammes se sont ensuite propag\u00e9es \u00e0 un immeuble voisin. Fort heureusement, aucune victime n\u2019est \u00e0 d\u00e9plorer et le feu a \u00e9t\u00e9 ma\u00eetris\u00e9.<\/strong><\/p>\n<p class=\"lead \">Un \u00e9ni\u00e8me incendie. Cette fois, c\u2019est \u00e0 Marseille, dans le d\u00e9partement des Bouches-du-Rh\u00f4ne, plus pr\u00e9cis\u00e9ment dans le 15e arrondissement que l\u2019incident s\u2019est produit. Selon les informations du m\u00e9dia local La Provence, confirm\u00e9es par nos confr\u00e8res de <a href=\"https:\/\/www.tf1info.fr\/justice-faits-divers\/incendie-marseille-15e-arrondissement-un-feu-dans-une-menuiserie-se-propage-a-deux-appartements-2390452.html\" target=\"_blank\" rel=\"nofollow noopener\">TF1 Info<\/a>, le feu s\u2019est d\u00e9clar\u00e9 dimanche 24 ao\u00fbt apr\u00e8s-midi, peu apr\u00e8s 16 heures.<\/p>\n<p class=\"lead \">Il a pris dans un atelier de menuiserie \u00e0 deux \u00e9tages, de 500 m\u00b2, qui n\u2019a pas encore ouvert et qui \u00e9tait encore en travaux, mais o\u00f9 \u00e9taient surtout pr\u00e9sentes plusieurs bouteilles de gaz. Selon des t\u00e9moins pr\u00e9sents sur place interrog\u00e9s par nos confr\u00e8res <a href=\"https:\/\/www.francebleu.fr\/infos\/faits-divers-justice\/incendie-en-cours-a-marseille-7-immeubles-evacues-dans-le-15eme-arrondissement-6930193\" target=\"_blank\" rel=\"nofollow noopener\">d\u2019Ici<\/a>, plusieurs explosions ont ainsi \u00e9t\u00e9 entendues et une fum\u00e9e a \u00e9t\u00e9 aper\u00e7ue. Fort heureusement, aucune victime n\u2019est \u00e0 d\u00e9plorer.<\/p>\n<p>                                                                                                Un immeuble voisin \u00e9galement touch\u00e9<\/p>\n<p class=\"lead \">Si les flammes ont ravag\u00e9 totalement la menuiserie, c\u2019est un immeuble voisin qui en a \u00e9galement fait les frais. Deux appartements adjacents ont totalement br\u00fbl\u00e9. De fortes fum\u00e9es se sont alors d\u00e9gag\u00e9es de la toiture.<\/p>\n<p class=\"lead \">Si une soixantaine de pompiers et 20 engins ont \u00e9t\u00e9 mobilis\u00e9s, sept b\u00e2timents ont, par pr\u00e9caution, d\u00fb \u00eatre \u00e9vacu\u00e9s. Probl\u00e8me : un des murs, fragilis\u00e9 par les flammes, menace de s\u2019effondrer. Selon les derni\u00e8res informations de <a href=\"https:\/\/france3-regions.franceinfo.fr\/provence-alpes-cote-d-azur\/bouches-du-rhone\/marseille\/on-voit-une-epaisse-fumee-noire-vers-le-port-un-garage-automobile-en-flammes-dans-la-ville-les-habitants-s-inquietent-3205928.html\" target=\"_blank\" rel=\"nofollow noopener\">France 3 Provence-Alpes-C\u00f4te d\u2019Azur<\/a>, le feu a \u00e9t\u00e9 ma\u00eetris\u00e9 aux alentours de 19 heures, mais pas encore \u00e9teint, annoncent les marins-pompiers. Quant \u00e0 l\u2019origine des flammes, c\u2019est encore la grande inconnue. La police est pr\u00e9sente sur place et une enqu\u00eate est ouverte pour d\u00e9terminer les causes et circonstances de ce d\u00e9part de feu, toujours d\u2019apr\u00e8s France 3 R\u00e9gions.<\/p>\n<p class=\"small font-weight-bold text-gray3 \"> publi\u00e9 le 24 ao\u00fbt \u00e0 20h22, Nathan Giordana, 6M\u00e9dias<\/p>\n<p>                             Partager<\/p>\n","protected":false},"excerpt":{"rendered":"Alors qu\u2019un incendie s\u2019est d\u00e9clar\u00e9 dans une menuiserie \u00e0 Marseille dimanche 24 ao\u00fbt, les flammes se sont ensuite&hellip;\n","protected":false},"author":2,"featured_media":341200,"comment_status":"","ping_status":"","sticky":false,"template":"","format":"standard","meta":{"footnotes":""},"categories":[2814],"tags":[1111,11,1777,674,1011,27,884,12,882,25],"class_list":{"0":"post-341199","1":"post","2":"type-post","3":"status-publish","4":"format-standard","5":"has-post-thumbnail","7":"category-marseille","8":"tag-actu","9":"tag-actualites","10":"tag-eu","11":"tag-europe","12":"tag-fr","13":"tag-france","14":"tag-marseille","15":"tag-news","16":"tag-provence-alpes-cote-dazur","17":"tag-republique-francaise"},"share_on_mastodon":{"url":"https:\/\/pubeurope.com\/@fr\/115085248019866864","error":""},"_links":{"self":[{"href":"https:\/\/www.europesays.com\/fr\/wp-json\/wp\/v2\/posts\/341199","targetHints":{"allow":["GET"]}}],"collection":[{"href":"https:\/\/www.europesays.com\/fr\/wp-json\/wp\/v2\/posts"}],"about":[{"href":"https:\/\/www.europesays.com\/fr\/wp-json\/wp\/v2\/types\/post"}],"author":[{"embeddable":true,"href":"https:\/\/www.europesays.com\/fr\/wp-json\/wp\/v2\/users\/2"}],"replies":[{"embeddable":true,"href":"https:\/\/www.europesays.com\/fr\/wp-json\/wp\/v2\/comments?post=341199"}],"version-history":[{"count":0,"href":"https:\/\/www.europesays.com\/fr\/wp-json\/wp\/v2\/posts\/341199\/revisions"}],"wp:featuredmedia":[{"embeddable":true,"href":"https:\/\/www.europesays.com\/fr\/wp-json\/wp\/v2\/media\/341200"}],"wp:attachment":[{"href":"https:\/\/www.europesays.com\/fr\/wp-json\/wp\/v2\/media?parent=341199"}],"wp:term":[{"taxonomy":"category","embeddable":true,"href":"https:\/\/www.europesays.com\/fr\/wp-json\/wp\/v2\/categories?post=341199"},{"taxonomy":"post_tag","embeddable":true,"href":"https:\/\/www.europesays.com\/fr\/wp-json\/wp\/v2\/tags?post=341199"}],"curies":[{"name":"wp","href":"https:\/\/api.w.org\/{rel}","templated":true}]}}