{"id":34120,"date":"2025-04-18T13:07:12","date_gmt":"2025-04-18T13:07:12","guid":{"rendered":"https:\/\/www.europesays.com\/fr\/34120\/"},"modified":"2025-04-18T13:07:12","modified_gmt":"2025-04-18T13:07:12","slug":"nouvelle-avancee-dans-lenquete-trois-suspects-arretes","status":"publish","type":"post","link":"https:\/\/www.europesays.com\/fr\/34120\/","title":{"rendered":"nouvelle avanc\u00e9e dans l&rsquo;enqu\u00eate, trois suspects arr\u00eat\u00e9s"},"content":{"rendered":"<p>            Par<br \/>\n        <strong><br \/>\n            <a href=\"https:\/\/actu.fr\/auteur\/redaction-lyon\" title=\"Consulter tous les articles de R\u00e9daction Lyon\" rel=\"nofollow noopener\" target=\"_blank\">R\u00e9daction Lyon<\/a><br \/>\n        <\/strong><\/p>\n<p>        Publi\u00e9 le<\/p>\n<p>            18 avr. 2025 \u00e0 8h28<br \/>\n        ; mis \u00e0 jour le 18 avr. 2025 \u00e0 8h34    <\/p>\n<p>Trois personnes se trouvent en garde \u00e0 vue jeudi dans le cadre de l\u2019enqu\u00eate sur l\u2019<a href=\"https:\/\/actu.fr\/auvergne-rhone-alpes\/vaulx-en-velin_69256\/pres-de-lyon-une-ecole-confinee-apres-des-tirs-d-arme-a-feu-un-homme-execute_62477157.html\" rel=\"nofollow noopener\" target=\"_blank\">assassinat d\u2019un homme de 19 ans abattu<\/a> d\u00e9but avril pr\u00e8s d\u2019une \u00e9cole \u00e0 <a href=\"https:\/\/actu.fr\/auvergne-rhone-alpes\/vaulx-en-velin_69256\" rel=\"nofollow noopener\" target=\"_blank\">Vaulx-en-Velin<\/a>, a indiqu\u00e9 le parquet de <a href=\"https:\/\/actu.fr\/auvergne-rhone-alpes\/lyon_69123\" rel=\"nofollow noopener\" target=\"_blank\">Lyon<\/a>.<\/p>\n<p class=\" wall-content\">Les auditions, men\u00e9es dans le cadre d\u2019un dossier de bande organis\u00e9e, peuvent durer jusqu\u2019\u00e0 96 heures, a pr\u00e9cis\u00e9 le parquet sans donner plus de d\u00e9tails.<\/p>\n<p>Un possible tueur \u00e0 gages de 18 ans<\/p>\n<p class=\" wall-content\">Un suspect de 18 ans a \u00e9t\u00e9 interpell\u00e9 mercredi \u00e0 son domicile \u00e0 Taverny, dans le Val d\u2019Oise, selon une source proche du dossier.<\/p>\n<p class=\" wall-content\">D\u2019apr\u00e8s <a href=\"https:\/\/www.leparisien.fr\/faits-divers\/meurtre-de-vaulx-en-velin-lassassin-presume-dun-garcon-de-19-ans-arrete-a-taverny-16-04-2025-QDSH5XOUVJH6VEZ2C36GTMQZDQ.php\" rel=\"nofollow noopener\" target=\"_blank\">Le Parisien<\/a>, le jeune majeur, inconnu des services de police, a \u00e9t\u00e9 recrut\u00e9 \u00ab\u00a0via les r\u00e9seaux sociaux\u00a0\u00bb pour ex\u00e9cuter un \u00ab\u00a0contrat\u00a0\u00bb.<\/p>\n<p class=\" wall-content\">Les autres personnes ont \u00e9t\u00e9 arr\u00eat\u00e9es mercredi en r\u00e9gion lyonnaise, selon le journal r\u00e9gional <a href=\"https:\/\/www.leprogres.fr\/faits-divers-justice\/2025\/04\/16\/meurtre-de-vaulx-en-velin-quatre-suspects-dont-le-tueur-presume-en-garde-a-vue\" rel=\"nofollow noopener\" target=\"_blank\">Le Progr\u00e8s<\/a>.<\/p>\n<p>Vid\u00e9os : en ce moment sur Actu<\/p>\n<p class=\" wall-content\">\n<p>Une \u00ab\u00a0guerre des gangs\u00a0\u00bb<\/p>\n<p class=\" wall-content\">Le 7 avril, un jeune de 19 ans a \u00e9t\u00e9 tu\u00e9 par balles dans la t\u00eate dans la rue pr\u00e8s d\u2019une \u00e9cole primaire de Vaulx-en-Velin, dans la banlieue est de Lyon.<\/p>\n<p class=\" wall-content\">Des trafiquants de drogue se livrent \u00e0 une \u00ab\u00a0guerre des gangs\u00a0\u00bb dans ce quartier et le jeune homme se trouvait pr\u00e8s d\u2019un point de deal, selon les autorit\u00e9s.<\/p>\n<p class=\" wall-content\">L\u2019enqu\u00eate pour \u00ab\u00a0assassinat\u00a0\u00bb, ouverte par le parquet de Lyon,\u00a0a \u00e9t\u00e9 confi\u00e9e aux policiers sp\u00e9cialis\u00e9s dans la criminalit\u00e9 organis\u00e9e.<\/p>\n<p class=\" wall-content\"><strong>AFP<\/strong><\/p>\n<p class=\" wall-content\">Suivez toute l\u2019actualit\u00e9 de vos villes et m\u00e9dias favoris en vous inscrivant \u00e0 <a href=\"https:\/\/moncompte.actu.fr\" title=\"D\u00e9couvez Mon Actu\" rel=\"nofollow noopener\" data-trk=\"{&quot;cta&quot;:{&quot;action&quot;:&quot;https:\\\/\\\/moncompte.actu.fr&quot;,&quot;category&quot;:&quot;mon compte&quot;,&quot;from&quot;:&quot;article footer&quot;,&quot;name&quot;:&quot;Mon actu&quot;,&quot;type&quot;:&quot;cta&quot;}}\" target=\"_blank\">Mon Actu<\/a>.<\/p>\n","protected":false},"excerpt":{"rendered":"Par R\u00e9daction Lyon Publi\u00e9 le 18 avr. 2025 \u00e0 8h28 ; mis \u00e0 jour le 18 avr. 2025&hellip;\n","protected":false},"author":2,"featured_media":34121,"comment_status":"","ping_status":"","sticky":false,"template":"","format":"standard","meta":{"footnotes":""},"categories":[1889],"tags":[1111,11,2430,1052,1777,674,118,1011,27,303,2428,777,12,25],"class_list":{"0":"post-34120","1":"post","2":"type-post","3":"status-publish","4":"format-standard","5":"has-post-thumbnail","7":"category-lyon","8":"tag-actu","9":"tag-actualites","10":"tag-auvergne-rhone-alpes","11":"tag-drogue","12":"tag-eu","13":"tag-europe","14":"tag-faits-divers","15":"tag-fr","16":"tag-france","17":"tag-justice","18":"tag-lyon","19":"tag-meurtre","20":"tag-news","21":"tag-republique-francaise"},"share_on_mastodon":{"url":"https:\/\/pubeurope.com\/@fr\/114359123569546123","error":""},"_links":{"self":[{"href":"https:\/\/www.europesays.com\/fr\/wp-json\/wp\/v2\/posts\/34120","targetHints":{"allow":["GET"]}}],"collection":[{"href":"https:\/\/www.europesays.com\/fr\/wp-json\/wp\/v2\/posts"}],"about":[{"href":"https:\/\/www.europesays.com\/fr\/wp-json\/wp\/v2\/types\/post"}],"author":[{"embeddable":true,"href":"https:\/\/www.europesays.com\/fr\/wp-json\/wp\/v2\/users\/2"}],"replies":[{"embeddable":true,"href":"https:\/\/www.europesays.com\/fr\/wp-json\/wp\/v2\/comments?post=34120"}],"version-history":[{"count":0,"href":"https:\/\/www.europesays.com\/fr\/wp-json\/wp\/v2\/posts\/34120\/revisions"}],"wp:featuredmedia":[{"embeddable":true,"href":"https:\/\/www.europesays.com\/fr\/wp-json\/wp\/v2\/media\/34121"}],"wp:attachment":[{"href":"https:\/\/www.europesays.com\/fr\/wp-json\/wp\/v2\/media?parent=34120"}],"wp:term":[{"taxonomy":"category","embeddable":true,"href":"https:\/\/www.europesays.com\/fr\/wp-json\/wp\/v2\/categories?post=34120"},{"taxonomy":"post_tag","embeddable":true,"href":"https:\/\/www.europesays.com\/fr\/wp-json\/wp\/v2\/tags?post=34120"}],"curies":[{"name":"wp","href":"https:\/\/api.w.org\/{rel}","templated":true}]}}