{"id":341201,"date":"2025-08-24T18:51:21","date_gmt":"2025-08-24T18:51:21","guid":{"rendered":"https:\/\/www.europesays.com\/fr\/341201\/"},"modified":"2025-08-24T18:51:21","modified_gmt":"2025-08-24T18:51:21","slug":"de-nombreux-trains-en-retard-a-la-gare-lyon-part-dieu-que-sest-il-passe","status":"publish","type":"post","link":"https:\/\/www.europesays.com\/fr\/341201\/","title":{"rendered":"De nombreux trains en retard \u00e0 la gare Lyon Part-Dieu : que s&rsquo;est-il pass\u00e9 ?"},"content":{"rendered":"<p>Ce dimanche 24 ao\u00fbt, un incendie s&rsquo;est d\u00e9clar\u00e9 dans la Dr\u00f4me, pr\u00e8s de la ligne TGV. Cons\u00e9quence : de nombreux trains ont subi des retards \u00e0 la gare Lyon Part-Dieu.<\/p>\n<p>Une fin de week-end agit\u00e9e pour les voyageurs lyonnais. \u00c0 la mi-journ\u00e9e, plusieurs trains ont subi des retards au d\u00e9part \u00e0 l&rsquo;arriv\u00e9e de <b>la gare de Lyon Part-Dieu<\/b> en raison d&rsquo;<b>un incendie<\/b> dans <b>la Dr\u00f4me<\/b>.<\/p>\n<p>Un incendie provoque des retards \u00e0 Lyon Part-Dieu<\/p>\n<p>Un feu s&rsquo;est d\u00e9clar\u00e9 sur la commune de <b>Crest<\/b>, \u00e0 proximit\u00e9 de la ligne TGV. Les pompiers sont intervenus sur place et ont r\u00e9ussi \u00e0 \u00e9teindre les flammes aux alentours de 14h.<\/p>\n<p>\u00c0 partir de cette heure, la SNCF a annonc\u00e9 une reprise progressive de la circulation, mais des retards subsistent sur plusieurs trains au d\u00e9part et \u00e0 l&rsquo;arriv\u00e9e de la gare lyonnaise.<\/p>\n<p>Plus d&rsquo;informations et tous les horaires sur le site de la SNCF (<a class=\"url\" href=\"https:\/\/www.ter.sncf.com\/auvergne-rhone-alpes\/se-deplacer\/prochains-departs\/lyon-part-dieu-87723197\" target=\"_blank\" rel=\"nofollow noopener\">cliquez ici<\/a>).<\/p>\n<p><img loading=\"lazy\" decoding=\"async\" src=\"https:\/\/www.europesays.com\/fr\/wp-content\/uploads\/2025\/08\/1756061481_910_img\" width=\"350\" height=\"200\" border=\"0\" title=\"Un avion easyJet.\"\/><\/p>\n<p>\u25baFaits divers<\/p>\n<p style=\"font-size: 22px;\"><b>Auvergne-Rh\u00f4ne-Alpes : il tente d&rsquo;entrer dans le cockpit, l&rsquo;avion oblig\u00e9 de faire demi-tour<\/b><\/p>\n<p>Vendredi soir, un vol EasyJet reliant Lyon \u00e0 Porto&#8230;<\/p>\n<p><\/p>\n","protected":false},"excerpt":{"rendered":"Ce dimanche 24 ao\u00fbt, un incendie s&rsquo;est d\u00e9clar\u00e9 dans la Dr\u00f4me, pr\u00e8s de la ligne TGV. Cons\u00e9quence :&hellip;\n","protected":false},"author":2,"featured_media":341202,"comment_status":"","ping_status":"","sticky":false,"template":"","format":"standard","meta":{"footnotes":""},"categories":[1889],"tags":[1111,11,2430,1777,674,1312,14635,1011,27,25278,1310,2428,12,6125,1311,25,2215,2214,5811],"class_list":{"0":"post-341201","1":"post","2":"type-post","3":"status-publish","4":"format-standard","5":"has-post-thumbnail","7":"category-lyon","8":"tag-actu","9":"tag-actualites","10":"tag-auvergne-rhone-alpes","11":"tag-eu","12":"tag-europe","13":"tag-feu","14":"tag-flammes","15":"tag-fr","16":"tag-france","17":"tag-gare-lyon-part-dieu","18":"tag-incendie","19":"tag-lyon","20":"tag-news","21":"tag-part-dieu","22":"tag-pompiers","23":"tag-republique-francaise","24":"tag-sncf","25":"tag-tgv","26":"tag-trains"},"share_on_mastodon":{"url":"https:\/\/pubeurope.com\/@fr\/115085252133227809","error":""},"_links":{"self":[{"href":"https:\/\/www.europesays.com\/fr\/wp-json\/wp\/v2\/posts\/341201","targetHints":{"allow":["GET"]}}],"collection":[{"href":"https:\/\/www.europesays.com\/fr\/wp-json\/wp\/v2\/posts"}],"about":[{"href":"https:\/\/www.europesays.com\/fr\/wp-json\/wp\/v2\/types\/post"}],"author":[{"embeddable":true,"href":"https:\/\/www.europesays.com\/fr\/wp-json\/wp\/v2\/users\/2"}],"replies":[{"embeddable":true,"href":"https:\/\/www.europesays.com\/fr\/wp-json\/wp\/v2\/comments?post=341201"}],"version-history":[{"count":0,"href":"https:\/\/www.europesays.com\/fr\/wp-json\/wp\/v2\/posts\/341201\/revisions"}],"wp:featuredmedia":[{"embeddable":true,"href":"https:\/\/www.europesays.com\/fr\/wp-json\/wp\/v2\/media\/341202"}],"wp:attachment":[{"href":"https:\/\/www.europesays.com\/fr\/wp-json\/wp\/v2\/media?parent=341201"}],"wp:term":[{"taxonomy":"category","embeddable":true,"href":"https:\/\/www.europesays.com\/fr\/wp-json\/wp\/v2\/categories?post=341201"},{"taxonomy":"post_tag","embeddable":true,"href":"https:\/\/www.europesays.com\/fr\/wp-json\/wp\/v2\/tags?post=341201"}],"curies":[{"name":"wp","href":"https:\/\/api.w.org\/{rel}","templated":true}]}}