{"id":341203,"date":"2025-08-24T18:52:11","date_gmt":"2025-08-24T18:52:11","guid":{"rendered":"https:\/\/www.europesays.com\/fr\/341203\/"},"modified":"2025-08-24T18:52:11","modified_gmt":"2025-08-24T18:52:11","slug":"metropole-de-lyon-un-depart-de-feu-dans-les-anciens-locaux-du-progres-a-chassieu","status":"publish","type":"post","link":"https:\/\/www.europesays.com\/fr\/341203\/","title":{"rendered":"M\u00e9tropole de Lyon. Un d\u00e9part de feu dans les anciens locaux du Progr\u00e8s \u00e0 Chassieu"},"content":{"rendered":"<p>Le panache de fum\u00e9e \u00e9tait visible de loin. Ce dimanche apr\u00e8s-midi, un d\u00e9part de feu s&rsquo;est d\u00e9clar\u00e9 dans les locaux de l&rsquo;ancienne imprimerie de notre journal, \u00e0 Chassieu, sur l&rsquo;avenue du m\u00eame nom.<\/p>\n<p>Rapidement alert\u00e9s, les sapeurs-pompiers ont pu intervenir tr\u00e8s vite pour \u00e9viter que les flammes ne se propagent et ne causent d\u2019importants d\u00e9g\u00e2ts.<\/p>\n<p>Plusieurs foyers ont \u00e9t\u00e9 rapidement \u00e9teints \u00e0 l\u2019aide d\u2019une seule lance.<\/p>\n<p>Ce contenu est bloqu\u00e9 car vous n&rsquo;avez pas accept\u00e9 les cookies et autres traceurs.<\/p>\n<p>En cliquant sur \u00ab J\u2019accepte \u00bb, les cookies et autres traceurs seront d\u00e9pos\u00e9s et vous pourrez visualiser les contenus  (<a href=\"\" class=\"consentModule_policy\" target=\"_blank\" title=\"Consulter la politique de protection des donn\u00e9es du fournisseur\">plus d&rsquo;informations<\/a>).<\/p>\n<p>En cliquant sur \u00ab J\u2019accepte tous les cookies \u00bb, vous autorisez des d\u00e9p\u00f4ts de cookies et autres traceurs pour le stockage de vos donn\u00e9es sur nos sites et applications \u00e0 des fins de personnalisation et de ciblage publicitaire.<\/p>\n<p class=\"consentModule_secondaryText\">Vous gardez la possibilit\u00e9 de retirer votre consentement \u00e0 tout moment en consultant notre <a href=\"https:\/\/www.leprogres.fr\/protection-des-donnees\" target=\"_blank\" title=\"Consulter notre politique de protection des donn\u00e9es\" rel=\"noopener\">politique de protection des donn\u00e9es<\/a>. <br \/>&#13;<br \/>\n            <a href=\"https:\/\/www.leprogres.fr\/faits-divers-justice\/2025\/08\/24\/javascript:Didomi.notice.show()\" class=\"consentModule_cmp\" target=\"_blank\" rel=\"noopener\">G\u00e9rer mes choix<\/a>&#13;\n        <\/p>\n<p>&#13;<br \/>\n                        J&rsquo;accepte&#13;<br \/>\n            J&rsquo;accepte tous les cookies&#13;\n        <\/p>\n<p>Pour une raison qui reste \u00e0 d\u00e9finir, l&rsquo;\u2019incendie serait parti d\u2019un feu de poubelles attenantes <a href=\"https:\/\/www.leprogres.fr\/leclub\/2023\/01\/30\/nos-abonnes-ont-visite-l-imprimerie-du-journal-a-chassieu\" target=\"_blank\" rel=\"noopener\">aux anciens locaux du journal<\/a>. Sur place, un total de 20 sapeurs-pompiers sont intervenus (pour cinq engins).<\/p>\n<p>Le feu \u00e9tait totalement maitris\u00e9 en d\u00e9but de soir\u00e9e.<\/p>\n","protected":false},"excerpt":{"rendered":"Le panache de fum\u00e9e \u00e9tait visible de loin. Ce dimanche apr\u00e8s-midi, un d\u00e9part de feu s&rsquo;est d\u00e9clar\u00e9 dans&hellip;\n","protected":false},"author":2,"featured_media":341204,"comment_status":"","ping_status":"","sticky":false,"template":"","format":"standard","meta":{"footnotes":""},"categories":[1889],"tags":[1111,11,2430,35980,3152,1777,674,274,107,1011,27,1310,2428,12,25,2429],"class_list":{"0":"post-341203","1":"post","2":"type-post","3":"status-publish","4":"format-standard","5":"has-post-thumbnail","7":"category-lyon","8":"tag-actu","9":"tag-actualites","10":"tag-auvergne-rhone-alpes","11":"tag-chassieu","12":"tag-edition-est-lyonnais","13":"tag-eu","14":"tag-europe","15":"tag-faits-divers-justice","16":"tag-fil-info","17":"tag-fr","18":"tag-france","19":"tag-incendie","20":"tag-lyon","21":"tag-news","22":"tag-republique-francaise","23":"tag-rhone"},"share_on_mastodon":{"url":"https:\/\/pubeurope.com\/@fr\/115085255863326305","error":""},"_links":{"self":[{"href":"https:\/\/www.europesays.com\/fr\/wp-json\/wp\/v2\/posts\/341203","targetHints":{"allow":["GET"]}}],"collection":[{"href":"https:\/\/www.europesays.com\/fr\/wp-json\/wp\/v2\/posts"}],"about":[{"href":"https:\/\/www.europesays.com\/fr\/wp-json\/wp\/v2\/types\/post"}],"author":[{"embeddable":true,"href":"https:\/\/www.europesays.com\/fr\/wp-json\/wp\/v2\/users\/2"}],"replies":[{"embeddable":true,"href":"https:\/\/www.europesays.com\/fr\/wp-json\/wp\/v2\/comments?post=341203"}],"version-history":[{"count":0,"href":"https:\/\/www.europesays.com\/fr\/wp-json\/wp\/v2\/posts\/341203\/revisions"}],"wp:featuredmedia":[{"embeddable":true,"href":"https:\/\/www.europesays.com\/fr\/wp-json\/wp\/v2\/media\/341204"}],"wp:attachment":[{"href":"https:\/\/www.europesays.com\/fr\/wp-json\/wp\/v2\/media?parent=341203"}],"wp:term":[{"taxonomy":"category","embeddable":true,"href":"https:\/\/www.europesays.com\/fr\/wp-json\/wp\/v2\/categories?post=341203"},{"taxonomy":"post_tag","embeddable":true,"href":"https:\/\/www.europesays.com\/fr\/wp-json\/wp\/v2\/tags?post=341203"}],"curies":[{"name":"wp","href":"https:\/\/api.w.org\/{rel}","templated":true}]}}