{"id":341207,"date":"2025-08-24T18:55:13","date_gmt":"2025-08-24T18:55:13","guid":{"rendered":"https:\/\/www.europesays.com\/fr\/341207\/"},"modified":"2025-08-24T18:55:13","modified_gmt":"2025-08-24T18:55:13","slug":"lambassadeur-americain-a-paris-denonce-labsence-daction-suffisante-de-la-france-face-a-la-flambee-de-lantisemitisme","status":"publish","type":"post","link":"https:\/\/www.europesays.com\/fr\/341207\/","title":{"rendered":"L&rsquo;ambassadeur am\u00e9ricain \u00e0 Paris d\u00e9nonce \u00ab\u00a0l&rsquo;absence d&rsquo;action suffisante\u00a0\u00bb de la France \u00ab\u00a0face \u00e0 la flamb\u00e9e de l&rsquo;antis\u00e9mitisme\u00a0\u00bb"},"content":{"rendered":"\n<p class=\"c-chapo \">\n  Dans un courrier envoy\u00e9 \u00e0 Emmanuel Macron, Charles Kushner se joint aux critiques du Premier ministre isra\u00e9lien, Benyamin N\u00e9tanyahou, qui a accus\u00e9 Paris \u00ab\u00a0d&rsquo;alimenter le feu antis\u00e9mite\u00a0\u00bb.\n<\/p>\n<p>            lire plus tard<\/p>\n<p id=\"dialog__title\" class=\"dialog__title\">Pour sauvegarder cet article, connectez-vous ou cr\u00e9ez un compte franceinfo<\/p>\n<p class=\"dialog__description\">Sans paiement. Sans abonnement.<\/p>\n<p>        Fermer la fen\u00eatre d\u2019activation des notifications France Info<\/p>\n<p>            cr\u00e9er votre compte<\/p>\n<p>            se connecter<\/p>\n<p>        Fermer la fen\u00eatre de pr\u00e9sentation<\/p>\n<p>    <img loading=\"lazy\" decoding=\"async\" class=\"signature__image lazyload\" width=\"100\" height=\"100\" data- alt=\"\" src=\"https:\/\/www.europesays.com\/fr\/wp-content\/uploads\/2025\/05\/64a68815cd1a7_placeholder-36b69ec8.png\"\/><\/p>\n<p>    Publi\u00e9 le 24\/08\/2025 20:16<\/p>\n<p>        Temps de lecture : 2min<\/p>\n<p>    <img decoding=\"async\"  alt=\"L'ambassadeur des Etats-Unis en France, Charles Kushner, quitte l'Elys\u00e9e apr\u00e8s une rencontre avec Emmanuel Macron, le 18 juillet 2025, \u00e0 Paris. (LUDOVIC MARIN \/ AFP)\" width=\"432\" height=\"243\" src=\"https:\/\/www.europesays.com\/fr\/wp-content\/uploads\/2025\/08\/000-67746pb-68ab56e8c750c749861745.jpg\" fetchpriority=\"high\"\/><\/p>\n<p>      L&rsquo;ambassadeur des Etats-Unis en France, Charles Kushner, quitte l&rsquo;Elys\u00e9e apr\u00e8s une rencontre avec Emmanuel Macron, le 18 juillet 2025, \u00e0 Paris. (LUDOVIC MARIN \/ AFP)<\/p>\n<p>C&rsquo;est une lettre sal\u00e9e, directement adress\u00e9e \u00e0 Emmanuel Macron. L&rsquo;ambassadeur am\u00e9ricain en France, Charles Kushner, a d\u00e9nonc\u00e9, dimanche 24 ao\u00fbt, \u00ab\u00a0l&rsquo;absence d&rsquo;action suffisante\u00a0\u00bb du gouvernement \u00ab\u00a0face \u00e0 la flamb\u00e9e de l&rsquo;antis\u00e9mitisme\u00a0\u00bb dans l&rsquo;Hexagone.\u00a0Ces critiques interviennent quelques jours apr\u00e8s une violente charge du Premier ministre isra\u00e9lien, Benyamin N\u00e9tanyahou, contre le pr\u00e9sident fran\u00e7ais, qu&rsquo;il a <a href=\"https:\/\/www.franceinfo.fr\/monde\/palestine\/benyamin-netanyahou-accuse-emmanuel-macron-d-alimenter-le-feu-antisemite-en-appelant-a-la-reconnaissance-de-l-etat-de-palestine_7443469.html\" rel=\"nofollow noopener\" target=\"_blank\">accus\u00e9 \u00ab\u00a0d&rsquo;alimenter le feu antis\u00e9mite\u00a0\u00bb<\/a> en appelant \u00e0 la <a href=\"https:\/\/www.franceinfo.fr\/monde\/proche-orient\/israel-palestine\/reconnaissance-de-la-palestine-par-la-france-pourquoi-emmanuel-macron-prend-il-cette-decision-maintenant_7398409.html\" rel=\"nofollow noopener\" target=\"_blank\">reconnaissance internationale de l&rsquo;Etat de Palestine<\/a>.<\/p>\n<p>Dans sa missive, dat\u00e9e de lundi, l&rsquo;ambassadeur des Etats-Unis reprend l&rsquo;argumentaire isra\u00e9lien.\u00a0\u00ab\u00a0Des d\u00e9clarations qui vilipendent Isra\u00ebl et des gestes en reconnaissance d&rsquo;un Etat palestinien encouragent les extr\u00e9mistes, fomentent la violence et mettent en p\u00e9ril la jud\u00e9it\u00e9 en France\u00a0\u00bb, estime <a href=\"https:\/\/www.franceinfo.fr\/monde\/usa\/presidentielle\/donald-trump\/donald-trump-nomme-charles-kushner-le-pere-de-son-gendre-ambassadeur-des-etats-unis-en-france_6928871.html\" rel=\"nofollow noopener\" target=\"_blank\">Charles Kushner, dont le fils Jared est le gendre de Donald Trump<\/a>. \u00ab\u00a0Aujourd&rsquo;hui, ce n&rsquo;est plus possible de tergiverser : l&rsquo;antisionisme, c&rsquo;est l&rsquo;antis\u00e9mitisme, point\u00a0\u00bb, estime-t-il.<\/p>\n<p>Selon l&rsquo;ambassadeur, \u00ab\u00a0il ne se passe pas un jour en France sans que des Juifs soient agress\u00e9s dans les rues, des synagogues et des \u00e9coles d\u00e9grad\u00e9es, et des entreprises appartenant \u00e0 des Juifs vandalis\u00e9es\u00a0\u00bb.\u00a0Le repr\u00e9sentant des Etats-Unis en France s&rsquo;indigne \u00e9galement que \u00ab\u00a0presque la moiti\u00e9 de jeunes Fran\u00e7ais disent ne jamais avoir entendu parler de la Shoah\u00a0\u00bb. Il s&rsquo;appuie sans doute sur le taux de 46% chez les 18-29 ans qui figure dans un sondage de 2023 publi\u00e9 en janvier par <a href=\"https:\/\/www.claimscon.org\/country-survey\/#key\" target=\"_blank\" rel=\"noopener nofollow\">une ONG am\u00e9ricaine<\/a>\u00a0 \u2013 un chiffre qui contraste toutefois avec les 86% de sond\u00e9s de moins de 25 ans qui d\u00e9claraient au contraire, en 2022, aupr\u00e8s de l&rsquo;<a href=\"https:\/\/www.ifop.com\/publication\/le-regard-des-jeunes-sur-la-shoah-connaissance-representations-et-transmission-2\/#:~:text=La%20Shoah%20est%20bien%20identifi%C3%A9e,ou%20des%20Tutsis%20(49%25).\" target=\"_blank\" rel=\"noopener nofollow\">Ifop<\/a>, avoir entendu parler de la Shoah.<\/p>\n<p>Vantant diverses actions de Donald Trump en la mati\u00e8re, Charles Kushner affirme que les Etats-Unis savent \u00ab\u00a0combattre l&rsquo;antis\u00e9mitisme, tant que nos dirigeants ont la volont\u00e9 d&rsquo;agir\u00a0\u00bb. Une pique suppl\u00e9mentaire adress\u00e9e \u00e0 Emmanuel Macron, que l&rsquo;ambassadeur am\u00e9ricain en France exhorte \u00ab\u00a0\u00e0 agir avec r\u00e9solution\u00a0\u00bb. \u00ab\u00a0Je suis pr\u00eat \u00e0 travailler avec vous (&#8230;) dans l\u2019objectif d\u2019\u00e9laborer un plan d&rsquo;action\u00a0\u00bb, \u00e9crit-il.<\/p>\n<p>Les actes antis\u00e9mites sont en nette progression en France depuis le 7-Octobre 2023, date des attaques sans pr\u00e9c\u00e9dent du Hamas contre Isra\u00ebl et du d\u00e9clenchement de la guerre \u00e0 Gaza. Un total de <a href=\"https:\/\/www.franceinfo.fr\/societe\/antisemitisme\/les-actes-antisemites-en-france-sont-en-legere-baisse-avec-1-570-affaires-recensees-en-2024_7030070.html\" rel=\"nofollow noopener\" target=\"_blank\">1<\/a>\u00a0<a href=\"https:\/\/www.franceinfo.fr\/societe\/antisemitisme\/les-actes-antisemites-en-france-sont-en-legere-baisse-avec-1-570-affaires-recensees-en-2024_7030070.html\" rel=\"nofollow noopener\" target=\"_blank\">570<\/a>\u00a0<a href=\"https:\/\/www.franceinfo.fr\/societe\/antisemitisme\/les-actes-antisemites-en-france-sont-en-legere-baisse-avec-1-570-affaires-recensees-en-2024_7030070.html\" rel=\"nofollow noopener\" target=\"_blank\">actes antis\u00e9mites ont \u00e9t\u00e9 recens\u00e9s en 2024<\/a>, apr\u00e8s un record de 1\u00a0676 en 2023, selon le Conseil repr\u00e9sentatif des institutions juives de France. Le pays h\u00e9berge la plus grande communaut\u00e9 juive d&rsquo;Europe occidentale, avec environ 500\u00a0000 personnes, en m\u00eame temps qu&rsquo;une tr\u00e8s importante communaut\u00e9 arabo-musulmane, tr\u00e8s sensible au sort des Palestiniens de Gaza.<\/p>\n","protected":false},"excerpt":{"rendered":"Dans un courrier envoy\u00e9 \u00e0 Emmanuel Macron, Charles Kushner se joint aux critiques du Premier ministre isra\u00e9lien, Benyamin&hellip;\n","protected":false},"author":2,"featured_media":341208,"comment_status":"","ping_status":"","sticky":false,"template":"","format":"standard","meta":{"footnotes":""},"categories":[1888],"tags":[1111,1928,11,1927,1777,674,1011,27,12,1926,626,1925,25],"class_list":{"0":"post-341207","1":"post","2":"type-post","3":"status-publish","4":"format-standard","5":"has-post-thumbnail","7":"category-paris","8":"tag-actu","9":"tag-actu-paris","10":"tag-actualites","11":"tag-actualites-paris","12":"tag-eu","13":"tag-europe","14":"tag-fr","15":"tag-france","16":"tag-news","17":"tag-news-paris","18":"tag-paris","19":"tag-paris-news","20":"tag-republique-francaise"},"share_on_mastodon":{"url":"https:\/\/pubeurope.com\/@fr\/115085267758378332","error":""},"_links":{"self":[{"href":"https:\/\/www.europesays.com\/fr\/wp-json\/wp\/v2\/posts\/341207","targetHints":{"allow":["GET"]}}],"collection":[{"href":"https:\/\/www.europesays.com\/fr\/wp-json\/wp\/v2\/posts"}],"about":[{"href":"https:\/\/www.europesays.com\/fr\/wp-json\/wp\/v2\/types\/post"}],"author":[{"embeddable":true,"href":"https:\/\/www.europesays.com\/fr\/wp-json\/wp\/v2\/users\/2"}],"replies":[{"embeddable":true,"href":"https:\/\/www.europesays.com\/fr\/wp-json\/wp\/v2\/comments?post=341207"}],"version-history":[{"count":0,"href":"https:\/\/www.europesays.com\/fr\/wp-json\/wp\/v2\/posts\/341207\/revisions"}],"wp:featuredmedia":[{"embeddable":true,"href":"https:\/\/www.europesays.com\/fr\/wp-json\/wp\/v2\/media\/341208"}],"wp:attachment":[{"href":"https:\/\/www.europesays.com\/fr\/wp-json\/wp\/v2\/media?parent=341207"}],"wp:term":[{"taxonomy":"category","embeddable":true,"href":"https:\/\/www.europesays.com\/fr\/wp-json\/wp\/v2\/categories?post=341207"},{"taxonomy":"post_tag","embeddable":true,"href":"https:\/\/www.europesays.com\/fr\/wp-json\/wp\/v2\/tags?post=341207"}],"curies":[{"name":"wp","href":"https:\/\/api.w.org\/{rel}","templated":true}]}}